{"id":45329,"date":"2014-04-11T09:51:48","date_gmt":"2014-04-11T12:51:48","guid":{"rendered":"http:\/\/www.eltrabajo.cl\/portal\/?p=45329"},"modified":"2014-04-11T09:51:48","modified_gmt":"2014-04-11T12:51:48","slug":"comision-presidencial-de-descentralizacion-avanzaria-en-creacion-de-la-region-de-aconcagua","status":"publish","type":"post","link":"https:\/\/eltrabajo.cl\/portal\/comision-presidencial-de-descentralizacion-avanzaria-en-creacion-de-la-region-de-aconcagua\/","title":{"rendered":"Comisi\u00f3n Presidencial de Descentralizaci\u00f3n avanzar\u00eda en creaci\u00f3n de la Regi\u00f3n de Aconcagua"},"content":{"rendered":"<figure id=\"attachment_45330\" aria-describedby=\"caption-attachment-45330\" style=\"width: 529px\" class=\"wp-caption alignnone\"><a href=\"https:\/\/i0.wp.com\/www.eltrabajo.cl\/portal\/wp-content\/uploads\/2014\/04\/Comision1.jpg\"><img data-recalc-dims=\"1\" loading=\"lazy\" decoding=\"async\" class=\"size-full wp-image-45330\" alt=\"La iniciativa corresponde a una de las 50 medidas comprometidas por la mandataria para los primeros 100 d\u00edas de su gobierno.\" src=\"https:\/\/i0.wp.com\/www.eltrabajo.cl\/portal\/wp-content\/uploads\/2014\/04\/Comision1.jpg?resize=529%2C378\" width=\"529\" height=\"378\" srcset=\"https:\/\/i0.wp.com\/eltrabajo.cl\/portal\/wp-content\/uploads\/2014\/04\/Comision1.jpg?w=529&amp;ssl=1 529w, https:\/\/i0.wp.com\/eltrabajo.cl\/portal\/wp-content\/uploads\/2014\/04\/Comision1.jpg?resize=200%2C142&amp;ssl=1 200w, https:\/\/i0.wp.com\/eltrabajo.cl\/portal\/wp-content\/uploads\/2014\/04\/Comision1.jpg?resize=300%2C214&amp;ssl=1 300w, https:\/\/i0.wp.com\/eltrabajo.cl\/portal\/wp-content\/uploads\/2014\/04\/Comision1.jpg?resize=150%2C107&amp;ssl=1 150w, https:\/\/i0.wp.com\/eltrabajo.cl\/portal\/wp-content\/uploads\/2014\/04\/Comision1.jpg?resize=400%2C285&amp;ssl=1 400w\" sizes=\"auto, (max-width: 529px) 100vw, 529px\" \/><\/a><figcaption id=\"caption-attachment-45330\" class=\"wp-caption-text\">La iniciativa corresponde a una de las 50 medidas comprometidas por la mandataria para los primeros 100 d\u00edas de su gobierno.<\/figcaption><\/figure>\n<p><strong>LOS ANDES.<\/strong>&#8211; Como una oportunidad para avanzar en propuestas que beneficien a las comunas de la zona -como la creaci\u00f3n de la Regi\u00f3n de Aconcagua y la Ley de Comunas Mineras- defini\u00f3 el Alcalde Mauricio Navarro la reci\u00e9n constituida Comisi\u00f3n Presidencial para la Descentralizaci\u00f3n y el Desarrollo Regional. La Presidente Michelle Bachelet firm\u00f3 este lunes el decreto que crea dicha instancia asesora, cuyo objetivo ser\u00e1 avanzar en la descentralizaci\u00f3n del pa\u00eds. La iniciativa corresponde a una de las 50 medidas comprometidas por la mandataria para los primeros 100 d\u00edas de su gobierno.<\/p>\n<p>\u00abIniciamos el trabajo de un equipo de personas especialistas, provenientes de distintas partes de nuestro pa\u00eds, que van a entregar medidas concretas que nos permitan otorgar poder a nuestras regiones y promover el desarrollo efectivo de cada una de ellas\u00bb, afirm\u00f3 la Jefa de Estado durante su discurso en el Sal\u00f3n Montt Varas del Palacio de La Moneda.<\/p>\n<p>Al respecto, el Alcalde Navarro destac\u00f3 como \u00abuna se\u00f1al muy positiva que en esta comisi\u00f3n est\u00e9n incluidos alcaldes y representantes de zonas mineras\u00bb, como Manuel Ahumada, Presidente de la Confederaci\u00f3n de Trabajadores del Cobre; Carlos Cantero, ex-senador y ex-diputado; Christian Vittori, Alcalde de Maip\u00fa y Presidente de la Asociaci\u00f3n Chilena de Municipios; adem\u00e1s de Esteban Vel\u00e1squez, alcalde de Calama.<\/p>\n<p>\u00abCon ellos tenemos grandes coincidencias respecto a varias propuestas que estamos planteando, particularmente en la necesidad de legislar a favor de las comunas mineras, haciendo que la miner\u00eda tribute efectivamente en las zonas donde desarrolla su explotaci\u00f3n\u00bb, subray\u00f3 el edil.<\/p>\n<p>En seis meses, la comisi\u00f3n deber\u00e1 presentar un informe y un plan de trabajo detallado con medidas que apunten a la descentralizaci\u00f3n. Durante ese periodo se deber\u00e1n desarrollar seminarios participativos en todas las regiones.<\/p>\n<p>Al respecto, Navarro adelant\u00f3 que \u00absin duda, voy a estar presente junto a otros alcaldes en esta instancia de discusi\u00f3n que ha definido la presidenta, donde voy a plantear y representar las propuestas de Los Andes que interesan a todo el valle del Aconcagua\u00bb.<\/p>\n<p>&nbsp;<\/p>\n","protected":false},"excerpt":{"rendered":"<p>LOS ANDES.&#8211; Como una oportunidad para avanzar en propuestas que beneficien a las comunas de la zona -como la creaci\u00f3n de la Regi\u00f3n de Aconcagua y la Ley de Comunas Mineras- defini\u00f3&#8230;<\/p>\n","protected":false},"author":482,"featured_media":45330,"comment_status":"open","ping_status":"closed","sticky":false,"template":"","format":"standard","meta":{"advanced_seo_description":"","jetpack_seo_html_title":"","jetpack_seo_noindex":false,"_jetpack_memberships_contains_paid_content":false,"footnotes":""},"categories":[1],"tags":[],"class_list":["post-45329","post","type-post","status-publish","format-standard","has-post-thumbnail","hentry","category-cronica"],"jetpack_featured_media_url":"https:\/\/i0.wp.com\/eltrabajo.cl\/portal\/wp-content\/uploads\/2014\/04\/Comision1.jpg?fit=529%2C378&ssl=1","jetpack_sharing_enabled":true,"jetpack_likes_enabled":true,"jetpack-related-posts":[],"_links":{"self":[{"href":"https:\/\/eltrabajo.cl\/portal\/wp-json\/wp\/v2\/posts\/45329","targetHints":{"allow":["GET"]}}],"collection":[{"href":"https:\/\/eltrabajo.cl\/portal\/wp-json\/wp\/v2\/posts"}],"about":[{"href":"https:\/\/eltrabajo.cl\/portal\/wp-json\/wp\/v2\/types\/post"}],"author":[{"embeddable":true,"href":"https:\/\/eltrabajo.cl\/portal\/wp-json\/wp\/v2\/users\/482"}],"replies":[{"embeddable":true,"href":"https:\/\/eltrabajo.cl\/portal\/wp-json\/wp\/v2\/comments?post=45329"}],"version-history":[{"count":0,"href":"https:\/\/eltrabajo.cl\/portal\/wp-json\/wp\/v2\/posts\/45329\/revisions"}],"wp:featuredmedia":[{"embeddable":true,"href":"https:\/\/eltrabajo.cl\/portal\/wp-json\/wp\/v2\/media\/45330"}],"wp:attachment":[{"href":"https:\/\/eltrabajo.cl\/portal\/wp-json\/wp\/v2\/media?parent=45329"}],"wp:term":[{"taxonomy":"category","embeddable":true,"href":"https:\/\/eltrabajo.cl\/portal\/wp-json\/wp\/v2\/categories?post=45329"},{"taxonomy":"post_tag","embeddable":true,"href":"https:\/\/eltrabajo.cl\/portal\/wp-json\/wp\/v2\/tags?post=45329"}],"curies":[{"name":"wp","href":"https:\/\/api.w.org\/{rel}","templated":true}]}}