{"id":45332,"date":"2014-04-11T09:52:36","date_gmt":"2014-04-11T12:52:36","guid":{"rendered":"http:\/\/www.eltrabajo.cl\/portal\/?p=45332"},"modified":"2014-04-11T09:53:28","modified_gmt":"2014-04-11T12:53:28","slug":"bioferia-2014-se-realiza-este-viernes-en-la-plaza-de-armas-de-san-felipe","status":"publish","type":"post","link":"https:\/\/eltrabajo.cl\/portal\/bioferia-2014-se-realiza-este-viernes-en-la-plaza-de-armas-de-san-felipe\/","title":{"rendered":"Bioferia 2014 se realiza este viernes en la Plaza de Armas de San Felipe"},"content":{"rendered":"<figure id=\"attachment_45333\" aria-describedby=\"caption-attachment-45333\" style=\"width: 423px\" class=\"wp-caption alignleft\"><a href=\"https:\/\/i0.wp.com\/www.eltrabajo.cl\/portal\/wp-content\/uploads\/2014\/04\/bioferia1.jpg\"><img data-recalc-dims=\"1\" loading=\"lazy\" decoding=\"async\" class=\" wp-image-45333 \" alt=\"La Bioferia contempla la presencia de 22 expositores, entre los que se cuentan alimentaci\u00f3n saludable, veterinaria natural, frutas y hortalizas.\" src=\"https:\/\/i0.wp.com\/www.eltrabajo.cl\/portal\/wp-content\/uploads\/2014\/04\/bioferia1.jpg?resize=423%2C288\" width=\"423\" height=\"288\" srcset=\"https:\/\/i0.wp.com\/eltrabajo.cl\/portal\/wp-content\/uploads\/2014\/04\/bioferia1.jpg?w=529&amp;ssl=1 529w, https:\/\/i0.wp.com\/eltrabajo.cl\/portal\/wp-content\/uploads\/2014\/04\/bioferia1.jpg?resize=200%2C136&amp;ssl=1 200w, https:\/\/i0.wp.com\/eltrabajo.cl\/portal\/wp-content\/uploads\/2014\/04\/bioferia1.jpg?resize=300%2C204&amp;ssl=1 300w, https:\/\/i0.wp.com\/eltrabajo.cl\/portal\/wp-content\/uploads\/2014\/04\/bioferia1.jpg?resize=150%2C102&amp;ssl=1 150w, https:\/\/i0.wp.com\/eltrabajo.cl\/portal\/wp-content\/uploads\/2014\/04\/bioferia1.jpg?resize=400%2C272&amp;ssl=1 400w\" sizes=\"auto, (max-width: 423px) 100vw, 423px\" \/><\/a><figcaption id=\"caption-attachment-45333\" class=\"wp-caption-text\">La Bioferia contempla la presencia de 22 expositores, entre los que se cuentan alimentaci\u00f3n saludable, veterinaria natural, frutas y hortalizas.<\/figcaption><\/figure>\n<p>Este viernes 11 de abril se realizar\u00e1 en la comuna de San Felipe, la segunda versi\u00f3n de la Bioferia, una iniciativa que busca dar a conocer los distintos productos naturales, entre las personas de todas las edades. La iniciativa se realizar\u00e1 desde las 11:00 a las 19:00 horas en la Plaza de Armas de San Felipe, mientras que a mediod\u00eda ser\u00e1 inaugurada, con la presencia de autoridades y expositores, quienes llegan desde distintas comunas de la quinta regi\u00f3n.<\/p>\n<p>\u00abHabr\u00e1 una diversidad de productos naturales, limpios, ecol\u00f3gicos, libres de pesticidas, donde tambi\u00e9n se va a realizar una charla educativa de alimentaci\u00f3n saludable en la misma Plaza de Armas\u00bb, inform\u00f3 Odette Illanes, Coordinadora de Turismo de la Municipalidad de San Felipe. Esta es la segunda versi\u00f3n que se realiza de la Bioferia, la primera se efectu\u00f3 en el mes de febrero y tuvo una excelente aceptaci\u00f3n de los vecinos que llegaron hasta es sector c\u00e9ntrico de la comuna, quienes pudieron conocer los distintos productos que se dieron a conocer.<\/p>\n<p>\u00abLos expositores que vienen de toda la quinta regi\u00f3n, no s\u00f3lo del valle de Aconcagua quedaron muy contentos, porque vendieron sus productos y tuvieron mucha aceptaci\u00f3n de los vecinos\u00bb, dijo Illanes. La invitaci\u00f3n es a toda la comunidad a acercarse este viernes a nuestro principal paseo peatonal a conocer los productos, cuyo consumo se ha masificado con el paso de los a\u00f1os.<\/p>\n<p>&nbsp;<\/p>\n","protected":false},"excerpt":{"rendered":"<p>Este viernes 11 de abril se realizar\u00e1 en la comuna de San Felipe, la segunda versi\u00f3n de la Bioferia, una iniciativa que busca dar a conocer los distintos productos naturales, entre las&#8230;<\/p>\n","protected":false},"author":482,"featured_media":45333,"comment_status":"open","ping_status":"closed","sticky":false,"template":"","format":"standard","meta":{"advanced_seo_description":"","jetpack_seo_html_title":"","jetpack_seo_noindex":false,"_jetpack_memberships_contains_paid_content":false,"footnotes":""},"categories":[1],"tags":[],"class_list":["post-45332","post","type-post","status-publish","format-standard","has-post-thumbnail","hentry","category-cronica"],"jetpack_featured_media_url":"https:\/\/i0.wp.com\/eltrabajo.cl\/portal\/wp-content\/uploads\/2014\/04\/bioferia1.jpg?fit=529%2C360&ssl=1","jetpack_sharing_enabled":true,"jetpack_likes_enabled":true,"jetpack-related-posts":[],"_links":{"self":[{"href":"https:\/\/eltrabajo.cl\/portal\/wp-json\/wp\/v2\/posts\/45332","targetHints":{"allow":["GET"]}}],"collection":[{"href":"https:\/\/eltrabajo.cl\/portal\/wp-json\/wp\/v2\/posts"}],"about":[{"href":"https:\/\/eltrabajo.cl\/portal\/wp-json\/wp\/v2\/types\/post"}],"author":[{"embeddable":true,"href":"https:\/\/eltrabajo.cl\/portal\/wp-json\/wp\/v2\/users\/482"}],"replies":[{"embeddable":true,"href":"https:\/\/eltrabajo.cl\/portal\/wp-json\/wp\/v2\/comments?post=45332"}],"version-history":[{"count":0,"href":"https:\/\/eltrabajo.cl\/portal\/wp-json\/wp\/v2\/posts\/45332\/revisions"}],"wp:featuredmedia":[{"embeddable":true,"href":"https:\/\/eltrabajo.cl\/portal\/wp-json\/wp\/v2\/media\/45333"}],"wp:attachment":[{"href":"https:\/\/eltrabajo.cl\/portal\/wp-json\/wp\/v2\/media?parent=45332"}],"wp:term":[{"taxonomy":"category","embeddable":true,"href":"https:\/\/eltrabajo.cl\/portal\/wp-json\/wp\/v2\/categories?post=45332"},{"taxonomy":"post_tag","embeddable":true,"href":"https:\/\/eltrabajo.cl\/portal\/wp-json\/wp\/v2\/tags?post=45332"}],"curies":[{"name":"wp","href":"https:\/\/api.w.org\/{rel}","templated":true}]}}