{"id":45337,"date":"2014-04-11T09:55:36","date_gmt":"2014-04-11T12:55:36","guid":{"rendered":"http:\/\/www.eltrabajo.cl\/portal\/?p=45337"},"modified":"2014-04-11T09:55:36","modified_gmt":"2014-04-11T12:55:36","slug":"manana-se-realiza-el-2o-encuentro-de-familias-por-la-crianza-respetuosa","status":"publish","type":"post","link":"https:\/\/eltrabajo.cl\/portal\/manana-se-realiza-el-2o-encuentro-de-familias-por-la-crianza-respetuosa\/","title":{"rendered":"Ma\u00f1ana se realiza el 2\u00ba Encuentro de Familias por la Crianza Respetuosa"},"content":{"rendered":"<figure id=\"attachment_45338\" aria-describedby=\"caption-attachment-45338\" style=\"width: 529px\" class=\"wp-caption alignnone\"><a href=\"https:\/\/i0.wp.com\/www.eltrabajo.cl\/portal\/wp-content\/uploads\/2014\/04\/Todas.jpg\"><img data-recalc-dims=\"1\" loading=\"lazy\" decoding=\"async\" class=\"size-full wp-image-45338\" alt=\"Ma\u00f1ana s\u00e1bado 12 de abril a partir de las 11:00 horas en la Plaza C\u00edvica de San Felipe, talleres y stands de familias emprendedoras se dar\u00e1n cita para celebrar la crianza consciente de beb\u00e9s, ni\u00f1os chicos.(Foto archivo Expo 2013 en Los Andes)\" src=\"https:\/\/i0.wp.com\/www.eltrabajo.cl\/portal\/wp-content\/uploads\/2014\/04\/Todas.jpg?resize=529%2C314\" width=\"529\" height=\"314\" srcset=\"https:\/\/i0.wp.com\/eltrabajo.cl\/portal\/wp-content\/uploads\/2014\/04\/Todas.jpg?w=529&amp;ssl=1 529w, https:\/\/i0.wp.com\/eltrabajo.cl\/portal\/wp-content\/uploads\/2014\/04\/Todas.jpg?resize=200%2C118&amp;ssl=1 200w, https:\/\/i0.wp.com\/eltrabajo.cl\/portal\/wp-content\/uploads\/2014\/04\/Todas.jpg?resize=300%2C178&amp;ssl=1 300w, https:\/\/i0.wp.com\/eltrabajo.cl\/portal\/wp-content\/uploads\/2014\/04\/Todas.jpg?resize=150%2C89&amp;ssl=1 150w, https:\/\/i0.wp.com\/eltrabajo.cl\/portal\/wp-content\/uploads\/2014\/04\/Todas.jpg?resize=400%2C237&amp;ssl=1 400w\" sizes=\"auto, (max-width: 529px) 100vw, 529px\" \/><\/a><figcaption id=\"caption-attachment-45338\" class=\"wp-caption-text\">Ma\u00f1ana s\u00e1bado 12 de abril a partir de las 11:00 horas en la Plaza C\u00edvica de San Felipe, talleres y stands de familias emprendedoras se dar\u00e1n cita para celebrar la crianza consciente de beb\u00e9s, ni\u00f1os chicos.(Foto archivo Expo 2013 en Los Andes)<\/figcaption><\/figure>\n<p>La Segunda Expo-Aconcagua Cr\u00eda Feliz se realizar\u00e1 en la Plaza C\u00edvica de San Felipe este s\u00e1bado 12 de abril, desde las 11:00 y hasta las 19:00 horas, actividad en la que se desarrollar\u00e1n talleres y venta de productos para beb\u00e9s, ni\u00f1os, mam\u00e1s y familia en general.<\/p>\n<p>En conversaci\u00f3n en Radio10 con Gabriela Gallardo, una de las voceras del movimiento, se\u00f1al\u00f3 que \u201cesta iniciativa nace en el seno de \u2018Mamitas Pro Aconcagua\u2019, un espacio de encuentro en las redes sociales, que re\u00fane a madres que buscan y promueven la crianza de sus hijos de una manera respetuosa y m\u00e1s natural, fomentando el apego, la lactancia materna, el colecho (dormir junto a los beb\u00e9s), el porteo (crianza en brazos o en portabeb\u00e9s ergon\u00f3micos) y la disciplina positiva\u201d.<\/p>\n<figure id=\"attachment_45339\" aria-describedby=\"caption-attachment-45339\" style=\"width: 423px\" class=\"wp-caption alignright\"><a href=\"https:\/\/i0.wp.com\/www.eltrabajo.cl\/portal\/wp-content\/uploads\/2014\/04\/Amandel.jpg\"><img data-recalc-dims=\"1\" loading=\"lazy\" decoding=\"async\" class=\" wp-image-45339 \" alt=\"La Segunda Expo-Aconcagua Cr\u00eda Feliz se presenta como una posibilidad de dar a conocer los productos de cada emprendimiento para su comercializaci\u00f3n.\" src=\"https:\/\/i0.wp.com\/www.eltrabajo.cl\/portal\/wp-content\/uploads\/2014\/04\/Amandel.jpg?resize=423%2C286\" width=\"423\" height=\"286\" srcset=\"https:\/\/i0.wp.com\/eltrabajo.cl\/portal\/wp-content\/uploads\/2014\/04\/Amandel.jpg?w=529&amp;ssl=1 529w, https:\/\/i0.wp.com\/eltrabajo.cl\/portal\/wp-content\/uploads\/2014\/04\/Amandel.jpg?resize=200%2C135&amp;ssl=1 200w, https:\/\/i0.wp.com\/eltrabajo.cl\/portal\/wp-content\/uploads\/2014\/04\/Amandel.jpg?resize=300%2C203&amp;ssl=1 300w, https:\/\/i0.wp.com\/eltrabajo.cl\/portal\/wp-content\/uploads\/2014\/04\/Amandel.jpg?resize=150%2C101&amp;ssl=1 150w, https:\/\/i0.wp.com\/eltrabajo.cl\/portal\/wp-content\/uploads\/2014\/04\/Amandel.jpg?resize=400%2C270&amp;ssl=1 400w\" sizes=\"auto, (max-width: 423px) 100vw, 423px\" \/><\/a><figcaption id=\"caption-attachment-45339\" class=\"wp-caption-text\">La Segunda Expo-Aconcagua Cr\u00eda Feliz se presenta como una posibilidad de dar a conocer los productos de cada emprendimiento para su comercializaci\u00f3n.<\/figcaption><\/figure>\n<p>En esta l\u00ednea, y dado que varias mam\u00e1s de la agrupaci\u00f3n buscan compatibilizar la crianza de sus hijas e hijos con una actividad laboral remunerada, la Segunda Expo-Aconcagua Cr\u00eda Feliz, se presenta como una posibilidad de dar a conocer los productos de cada emprendimiento para su comercializaci\u00f3n, la que contar\u00e1 con stands de portabeb\u00e9s ergon\u00f3micos, pa\u00f1ales ecol\u00f3gicos, juguetes y libros did\u00e1cticos, ropa y accesorios, tejidos a crochet, bio-cosm\u00e9tica infantil, entre otros productos que buscan ayudar a mam\u00e1s y pap\u00e1s a lograr una crianza m\u00e1s cercana con sus beb\u00e9s.<\/p>\n<p>Gallardo adem\u00e1s explic\u00f3 que \u201cjunto a los stands, se desarrollar\u00e1n durante todo el d\u00eda en el teatro municipal, a un costado de la misma plaza una serie de talleres dirigidos a las familias que se encuentran en plena etapa de crianza. Al abrir la Expo (a las 11:00 horas), se realizar\u00e1 el taller de \u2018Confecci\u00f3n de Pi\u00f1atas Mexicanas\u2019, actividad en la que podr\u00e1 participar toda la familia, ya que para este taller se otorgar\u00e1n materiales, y solo se solicita que los asistentes que lleven tijeras y pegamento. Este taller tendr\u00e1 una segunda parte a las 15:00 horas\u201d.<\/p>\n<p>Por otra parte la agrupaci\u00f3n se\u00f1al\u00f3 que a las 12:00 horas se efectuar\u00e1 el taller de \u2018Porteo Ergon\u00f3mico\u2019, en el que se explicar\u00e1 las ventajas de llevar a los beb\u00e9s cerca de la mam\u00e1; los distintos tipos, las m\u00faltiples formas de usarlo y los beneficios que representa su utilizaci\u00f3n para el desarrollo del beb\u00e9.<\/p>\n<p>El programa continuar\u00e1 a las 16:00 horas, con la Psic\u00f3loga Mar\u00eda Paulina Herrera, quien dictar\u00e1 la charla sobre el conocimiento de las emociones en nuestros hijos e hijas y la forma en que debemos acompa\u00f1arlos en su desarrollo.<\/p>\n<p>El fomento a la lactancia materna ser\u00e1 el tema de la charla que a las 17:00 horas dar\u00e1 la enfermera Carolina Celed\u00f3n, donde se conversar\u00e1n sobre los mitos que rodean la lactancia, sus beneficios para mam\u00e1 y beb\u00e9 y recomendaciones para lograr una lactancia exitosa y perdurable en el tiempo.<\/p>\n<p>Concluyendo la jornada de charlas, a las 18:00 horas, la abogada Pamela Gonz\u00e1lez conversar\u00e1 sobre los derechos maternales durante el embarazo y post parto (fuero, pago de pre y post natal, hora de amamantamiento, etc.).<\/p>\n<p>Por \u00faltimo, Gabriela Gallardo explic\u00f3 que \u201chabr\u00e1 stands de reposter\u00eda y comida vegetariana, lo que amenizar\u00e1n el d\u00eda en el que esperamos, se re\u00fanan muchas familias aconcag\u00fcinas. Adem\u00e1s en el recinto se acondicionar\u00e1 un mudador y un espacio para calentar la comida de beb\u00e9s, ya que con el pasar de las horas puede que las mam\u00e1s necesiten prepararles algo de comer a sus hijos\u201d.<\/p>\n<p>La entrada a la Segunda Expo-Aconcagua Cr\u00eda Feliz es absolutamente liberada, as\u00ed como tambi\u00e9n la participaci\u00f3n en los talleres.<\/p>\n","protected":false},"excerpt":{"rendered":"<p>La Segunda Expo-Aconcagua Cr\u00eda Feliz se realizar\u00e1 en la Plaza C\u00edvica de San Felipe este s\u00e1bado 12 de abril, desde las 11:00 y hasta las 19:00 horas, actividad en la que se&#8230;<\/p>\n","protected":false},"author":482,"featured_media":45338,"comment_status":"open","ping_status":"closed","sticky":false,"template":"","format":"standard","meta":{"advanced_seo_description":"","jetpack_seo_html_title":"","jetpack_seo_noindex":false,"_jetpack_memberships_contains_paid_content":false,"footnotes":""},"categories":[15],"tags":[],"class_list":["post-45337","post","type-post","status-publish","format-standard","has-post-thumbnail","hentry","category-comunidad"],"jetpack_featured_media_url":"https:\/\/i0.wp.com\/eltrabajo.cl\/portal\/wp-content\/uploads\/2014\/04\/Todas.jpg?fit=529%2C314&ssl=1","jetpack_sharing_enabled":true,"jetpack_likes_enabled":true,"jetpack-related-posts":[],"_links":{"self":[{"href":"https:\/\/eltrabajo.cl\/portal\/wp-json\/wp\/v2\/posts\/45337","targetHints":{"allow":["GET"]}}],"collection":[{"href":"https:\/\/eltrabajo.cl\/portal\/wp-json\/wp\/v2\/posts"}],"about":[{"href":"https:\/\/eltrabajo.cl\/portal\/wp-json\/wp\/v2\/types\/post"}],"author":[{"embeddable":true,"href":"https:\/\/eltrabajo.cl\/portal\/wp-json\/wp\/v2\/users\/482"}],"replies":[{"embeddable":true,"href":"https:\/\/eltrabajo.cl\/portal\/wp-json\/wp\/v2\/comments?post=45337"}],"version-history":[{"count":0,"href":"https:\/\/eltrabajo.cl\/portal\/wp-json\/wp\/v2\/posts\/45337\/revisions"}],"wp:featuredmedia":[{"embeddable":true,"href":"https:\/\/eltrabajo.cl\/portal\/wp-json\/wp\/v2\/media\/45338"}],"wp:attachment":[{"href":"https:\/\/eltrabajo.cl\/portal\/wp-json\/wp\/v2\/media?parent=45337"}],"wp:term":[{"taxonomy":"category","embeddable":true,"href":"https:\/\/eltrabajo.cl\/portal\/wp-json\/wp\/v2\/categories?post=45337"},{"taxonomy":"post_tag","embeddable":true,"href":"https:\/\/eltrabajo.cl\/portal\/wp-json\/wp\/v2\/tags?post=45337"}],"curies":[{"name":"wp","href":"https:\/\/api.w.org\/{rel}","templated":true}]}}