{"id":45342,"date":"2014-04-11T09:56:47","date_gmt":"2014-04-11T12:56:47","guid":{"rendered":"http:\/\/www.eltrabajo.cl\/portal\/?p=45342"},"modified":"2014-04-11T09:56:47","modified_gmt":"2014-04-11T12:56:47","slug":"usuarios-de-indap-de-san-felipe-recibieron-maquinaria-agricola","status":"publish","type":"post","link":"https:\/\/eltrabajo.cl\/portal\/usuarios-de-indap-de-san-felipe-recibieron-maquinaria-agricola\/","title":{"rendered":"Usuarios de Indap de San Felipe recibieron maquinaria agr\u00edcola"},"content":{"rendered":"<figure id=\"attachment_45343\" aria-describedby=\"caption-attachment-45343\" style=\"width: 528px\" class=\"wp-caption alignnone\"><a href=\"https:\/\/i0.wp.com\/www.eltrabajo.cl\/portal\/wp-content\/uploads\/2014\/04\/Indap1.jpg\"><img data-recalc-dims=\"1\" loading=\"lazy\" decoding=\"async\" class=\"size-full wp-image-45343\" alt=\"En la ceremonia se entreg\u00f3 distinto tipo de maquinaria, entre las que destacan carros de arrastre y un motocultor desgruesadora.\" src=\"https:\/\/i0.wp.com\/www.eltrabajo.cl\/portal\/wp-content\/uploads\/2014\/04\/Indap1.jpg?resize=528%2C304\" width=\"528\" height=\"304\" srcset=\"https:\/\/i0.wp.com\/eltrabajo.cl\/portal\/wp-content\/uploads\/2014\/04\/Indap1.jpg?w=528&amp;ssl=1 528w, https:\/\/i0.wp.com\/eltrabajo.cl\/portal\/wp-content\/uploads\/2014\/04\/Indap1.jpg?resize=200%2C115&amp;ssl=1 200w, https:\/\/i0.wp.com\/eltrabajo.cl\/portal\/wp-content\/uploads\/2014\/04\/Indap1.jpg?resize=300%2C172&amp;ssl=1 300w, https:\/\/i0.wp.com\/eltrabajo.cl\/portal\/wp-content\/uploads\/2014\/04\/Indap1.jpg?resize=150%2C86&amp;ssl=1 150w, https:\/\/i0.wp.com\/eltrabajo.cl\/portal\/wp-content\/uploads\/2014\/04\/Indap1.jpg?resize=400%2C230&amp;ssl=1 400w\" sizes=\"auto, (max-width: 528px) 100vw, 528px\" \/><\/a><figcaption id=\"caption-attachment-45343\" class=\"wp-caption-text\">En la ceremonia se entreg\u00f3 distinto tipo de maquinaria, entre las que destacan carros de arrastre y un motocultor desgruesadora.<\/figcaption><\/figure>\n<p>Veinticuatro peque\u00f1os agricultores de la comuna de San Felipe, fueron beneficiados con distinto tipo de maquinaria, la que fue entregada en una ceremonia realizada este mi\u00e9rcoles en Centro de Emprendimiento de esta comuna. Esta maquinaria es un incentivo que entrega el Indap a trav\u00e9s del programa Prodesal y tiene como objetivo facilitar el trabajo de los peque\u00f1os agricultores.<\/p>\n<p>En la ceremonia se entreg\u00f3 distinto tipo de maquinaria, entre las que destacan carros de arrastre y un motocultor desgruesadora. Los beneficiados corresponden a sectores como Bellavista, El Asiento y Hacienda de Quilpu\u00e9, maquinaria que significa una inversi\u00f3n de 21 millones de pesos.<\/p>\n<p>Seg\u00fan explic\u00f3 Iris Romero, Jefe t\u00e9cnico Prodesal uno, \u00abel 90% de esto es financiado por Indap y 10% lo ponen los agricultores, esto sirve para la mecanizaci\u00f3n de la agricultura, el punto cr\u00edtico de la agricultura es la mano de obra, por lo tanto hay que mecanizar y esto sirve para eso, aparte el Prodesal de dar proyectos hacemos asesor\u00edas t\u00e9cnicas, se han tra\u00eddo los mejores en hortalizas y frutales y tambi\u00e9n ganader\u00eda\u00bb.<\/p>\n<p>Luis Ort\u00edz, peque\u00f1o agricultor beneficiado destac\u00f3 la entrega de la maquinaria, que viene a apoyar su trabajo, dijo que \u00abnos vienen muy bien, esta inversi\u00f3n que hace Indap junto al municipio y la gente de Prodesal uno es muy importante para nosotros, porque antiguamente se usaban las bombas pero eran manuales pero hoy en d\u00eda no, con esta m\u00e1quina se nos alivia en un 100% y vamos a poder cubrir dos matas y se nos alivia much\u00edsimo\u00bb, coment\u00f3 el usuario.<\/p>\n<p>El Director Regional de Indap, Helmuth Hinrichsen, destac\u00f3 la entrega de esta maquinaria, se\u00f1alando que \u00abpara nosotros poner tecnolog\u00eda en un valle productivo es una alegr\u00eda, entregar esta maquinaria es un trabajo que no s\u00f3lo hace Indap, aqu\u00ed est\u00e1 involucrado el Municipio, los profesionales de San Felipe, la gente del Prodesal, y fundamental el esfuerzo de los agricultores, es motivo de mucha alegr\u00eda porque es un esfuerzo en conjunto\u00bb, dijo el director.<\/p>\n<p>&nbsp;<\/p>\n","protected":false},"excerpt":{"rendered":"<p>Veinticuatro peque\u00f1os agricultores de la comuna de San Felipe, fueron beneficiados con distinto tipo de maquinaria, la que fue entregada en una ceremonia realizada este mi\u00e9rcoles en Centro de Emprendimiento de esta&#8230;<\/p>\n","protected":false},"author":482,"featured_media":45343,"comment_status":"open","ping_status":"closed","sticky":false,"template":"","format":"standard","meta":{"advanced_seo_description":"","jetpack_seo_html_title":"","jetpack_seo_noindex":false,"_jetpack_memberships_contains_paid_content":false,"footnotes":""},"categories":[15],"tags":[],"class_list":["post-45342","post","type-post","status-publish","format-standard","has-post-thumbnail","hentry","category-comunidad"],"jetpack_featured_media_url":"https:\/\/i0.wp.com\/eltrabajo.cl\/portal\/wp-content\/uploads\/2014\/04\/Indap1.jpg?fit=528%2C304&ssl=1","jetpack_sharing_enabled":true,"jetpack_likes_enabled":true,"jetpack-related-posts":[],"_links":{"self":[{"href":"https:\/\/eltrabajo.cl\/portal\/wp-json\/wp\/v2\/posts\/45342","targetHints":{"allow":["GET"]}}],"collection":[{"href":"https:\/\/eltrabajo.cl\/portal\/wp-json\/wp\/v2\/posts"}],"about":[{"href":"https:\/\/eltrabajo.cl\/portal\/wp-json\/wp\/v2\/types\/post"}],"author":[{"embeddable":true,"href":"https:\/\/eltrabajo.cl\/portal\/wp-json\/wp\/v2\/users\/482"}],"replies":[{"embeddable":true,"href":"https:\/\/eltrabajo.cl\/portal\/wp-json\/wp\/v2\/comments?post=45342"}],"version-history":[{"count":0,"href":"https:\/\/eltrabajo.cl\/portal\/wp-json\/wp\/v2\/posts\/45342\/revisions"}],"wp:featuredmedia":[{"embeddable":true,"href":"https:\/\/eltrabajo.cl\/portal\/wp-json\/wp\/v2\/media\/45343"}],"wp:attachment":[{"href":"https:\/\/eltrabajo.cl\/portal\/wp-json\/wp\/v2\/media?parent=45342"}],"wp:term":[{"taxonomy":"category","embeddable":true,"href":"https:\/\/eltrabajo.cl\/portal\/wp-json\/wp\/v2\/categories?post=45342"},{"taxonomy":"post_tag","embeddable":true,"href":"https:\/\/eltrabajo.cl\/portal\/wp-json\/wp\/v2\/tags?post=45342"}],"curies":[{"name":"wp","href":"https:\/\/api.w.org\/{rel}","templated":true}]}}