{"id":45368,"date":"2014-04-14T09:35:37","date_gmt":"2014-04-14T12:35:37","guid":{"rendered":"http:\/\/www.eltrabajo.cl\/portal\/?p=45368"},"modified":"2014-04-14T09:35:37","modified_gmt":"2014-04-14T12:35:37","slug":"pancreatitis-le-quita-la-vida-a-joven-estudiante-del-liceo-max-salas","status":"publish","type":"post","link":"https:\/\/eltrabajo.cl\/portal\/pancreatitis-le-quita-la-vida-a-joven-estudiante-del-liceo-max-salas\/","title":{"rendered":"Pancreatitis le quita la vida a joven estudiante del Liceo Max Salas"},"content":{"rendered":"<figure id=\"attachment_45369\" aria-describedby=\"caption-attachment-45369\" style=\"width: 317px\" class=\"wp-caption alignleft\"><a href=\"https:\/\/i0.wp.com\/www.eltrabajo.cl\/portal\/wp-content\/uploads\/2014\/04\/Elisabeth-Ordenes2.jpg\"><img data-recalc-dims=\"1\" loading=\"lazy\" decoding=\"async\" class=\" wp-image-45369 \" alt=\"SE NOS ADELANT\u00d3.-Elizabeth Denisse Ordenes Qui\u00f1anao, naci\u00f3 el s\u00e1bado 14 de septiembre de 1996, falleci\u00f3 el jueves 10 de abridle 2014.\" src=\"https:\/\/i0.wp.com\/www.eltrabajo.cl\/portal\/wp-content\/uploads\/2014\/04\/Elisabeth-Ordenes2.jpg?resize=317%2C218\" width=\"317\" height=\"218\" srcset=\"https:\/\/i0.wp.com\/eltrabajo.cl\/portal\/wp-content\/uploads\/2014\/04\/Elisabeth-Ordenes2.jpg?w=529&amp;ssl=1 529w, https:\/\/i0.wp.com\/eltrabajo.cl\/portal\/wp-content\/uploads\/2014\/04\/Elisabeth-Ordenes2.jpg?resize=200%2C137&amp;ssl=1 200w, https:\/\/i0.wp.com\/eltrabajo.cl\/portal\/wp-content\/uploads\/2014\/04\/Elisabeth-Ordenes2.jpg?resize=300%2C206&amp;ssl=1 300w, https:\/\/i0.wp.com\/eltrabajo.cl\/portal\/wp-content\/uploads\/2014\/04\/Elisabeth-Ordenes2.jpg?resize=150%2C103&amp;ssl=1 150w, https:\/\/i0.wp.com\/eltrabajo.cl\/portal\/wp-content\/uploads\/2014\/04\/Elisabeth-Ordenes2.jpg?resize=400%2C275&amp;ssl=1 400w\" sizes=\"auto, (max-width: 317px) 100vw, 317px\" \/><\/a><figcaption id=\"caption-attachment-45369\" class=\"wp-caption-text\">SE NOS ADELANT\u00d3.-Elizabeth Denisse Ordenes Qui\u00f1anao, naci\u00f3 el s\u00e1bado 14 de septiembre de 1996, falleci\u00f3 el jueves 10 de abridle 2014.<\/figcaption><\/figure>\n<p>M\u00e1s que asombrada, estupefacta y muy afectada emocionalmente se mostr\u00f3 la comunidad de la Iglesia Adventista del 7\u00ba D\u00eda Movimiento Reforma de San Rafael, luego que este jueves falleciera, tras sufrir serios problemas de salud, una de las j\u00f3venes m\u00e1s apreciadas en dicha comunidad cristiana, Elizabeth Denisse \u00d3rdenes Qui\u00f1inao, de apenas 17 a\u00f1os y quien tambi\u00e9n figuraba como estudiante de Cuarto Medio en el Liceo Max Salas de Los Andes, fue despedida este viernes en el Cementerio Parque La Oraci\u00f3n de Auco.<\/p>\n<p>Su padre, Ricardo Ordenes, explic\u00f3 a Diario El Trabajo que \u00abella nos dej\u00f3 en la flor de su juventud, era muy buena hija, excelente hermana y una muy aplicada estudiante, si bien es verdad que nos duele much\u00edsimo su partida, tambi\u00e9n es verdad que todos aqu\u00ed aceptamos con serenidad los designios de Nuestro Se\u00f1or Jesucristo, \u00c9l nos la dio y \u00c9l la llam\u00f3 al Descanso Eterno\u00bb, coment\u00f3 Ordenes.<\/p>\n<p>Por su parte la madre de la joven, Mar\u00eda Qui\u00f1anao, agradeci\u00f3 el apoyo moral que los amigos de su hija le han brindado a toda la familia, \u00abgracias a Dios por habernos regalado la compa\u00f1\u00eda de nuestra hija por estos 17 a\u00f1os, gracias tambi\u00e9n a estudiantes del Liceo Max Salas; a nuestros hermanos en Cristo que de todas partes de Chile han viajado para consolarnos en este duro momento\u00bb.<\/p>\n<p>Elizabeth so\u00f1aba con ser nutricionista y sacar sus estudios en Diet\u00e9tica; sufr\u00eda de pancreatitis y era muy frecuente que fuese internada de urgencia en cl\u00ednicas y hospitales, finalmente copudo superar un cuadro cr\u00f3nico de su enfermedad y perdi\u00f3 la batalla este jueves.<\/p>\n<p>La se\u00f1orita Elizabeth era vegetariana; aplicada estudiante; miembro bautizada en su iglesia y permanec\u00eda firme en la Fe de Jes\u00fas, figuraba como un ejemplo positivo en San Rafael de mansedumbre y castidad, a su funeral llegaron pastores y fieles en Cristo de Per\u00fa, Costa Rica, Bolivia, Argentina y tambi\u00e9n chilenos. Su tumba permanece cubierta por miles de flores ofrecidas por los dolientes en su memoria.<\/p>\n<p>La noticia de su muerte recorri\u00f3 todo el pa\u00eds r\u00e1pidamente en virtud del fuerte nexo de esta familia sanfelipe\u00f1a sostiene con la comunidad adventista chilena. Quienes laboramos en Diario El Trabajo tambi\u00e9n hoy nos unimos al luto y dolor que esta familia de San Rafael experimenta.<\/p>\n<p>Roberto Gonz\u00e1lez Short<\/p>\n<p>rgonzalez@eltrabajo.cl<\/p>\n","protected":false},"excerpt":{"rendered":"<p>M\u00e1s que asombrada, estupefacta y muy afectada emocionalmente se mostr\u00f3 la comunidad de la Iglesia Adventista del 7\u00ba D\u00eda Movimiento Reforma de San Rafael, luego que este jueves falleciera, tras sufrir serios&#8230;<\/p>\n","protected":false},"author":482,"featured_media":45369,"comment_status":"open","ping_status":"closed","sticky":false,"template":"","format":"standard","meta":{"advanced_seo_description":"","jetpack_seo_html_title":"","jetpack_seo_noindex":false,"_jetpack_memberships_contains_paid_content":false,"footnotes":""},"categories":[15],"tags":[],"class_list":["post-45368","post","type-post","status-publish","format-standard","has-post-thumbnail","hentry","category-comunidad"],"jetpack_featured_media_url":"https:\/\/i0.wp.com\/eltrabajo.cl\/portal\/wp-content\/uploads\/2014\/04\/Elisabeth-Ordenes2.jpg?fit=529%2C364&ssl=1","jetpack_sharing_enabled":true,"jetpack_likes_enabled":true,"jetpack-related-posts":[],"_links":{"self":[{"href":"https:\/\/eltrabajo.cl\/portal\/wp-json\/wp\/v2\/posts\/45368","targetHints":{"allow":["GET"]}}],"collection":[{"href":"https:\/\/eltrabajo.cl\/portal\/wp-json\/wp\/v2\/posts"}],"about":[{"href":"https:\/\/eltrabajo.cl\/portal\/wp-json\/wp\/v2\/types\/post"}],"author":[{"embeddable":true,"href":"https:\/\/eltrabajo.cl\/portal\/wp-json\/wp\/v2\/users\/482"}],"replies":[{"embeddable":true,"href":"https:\/\/eltrabajo.cl\/portal\/wp-json\/wp\/v2\/comments?post=45368"}],"version-history":[{"count":0,"href":"https:\/\/eltrabajo.cl\/portal\/wp-json\/wp\/v2\/posts\/45368\/revisions"}],"wp:featuredmedia":[{"embeddable":true,"href":"https:\/\/eltrabajo.cl\/portal\/wp-json\/wp\/v2\/media\/45369"}],"wp:attachment":[{"href":"https:\/\/eltrabajo.cl\/portal\/wp-json\/wp\/v2\/media?parent=45368"}],"wp:term":[{"taxonomy":"category","embeddable":true,"href":"https:\/\/eltrabajo.cl\/portal\/wp-json\/wp\/v2\/categories?post=45368"},{"taxonomy":"post_tag","embeddable":true,"href":"https:\/\/eltrabajo.cl\/portal\/wp-json\/wp\/v2\/tags?post=45368"}],"curies":[{"name":"wp","href":"https:\/\/api.w.org\/{rel}","templated":true}]}}