{"id":45374,"date":"2014-04-14T09:38:13","date_gmt":"2014-04-14T12:38:13","guid":{"rendered":"http:\/\/www.eltrabajo.cl\/portal\/?p=45374"},"modified":"2014-04-14T09:38:13","modified_gmt":"2014-04-14T12:38:13","slug":"de-ron-a-ritmo-se-presentara-en-la-jornada-de-clausura-de-filan-2014","status":"publish","type":"post","link":"https:\/\/eltrabajo.cl\/portal\/de-ron-a-ritmo-se-presentara-en-la-jornada-de-clausura-de-filan-2014\/","title":{"rendered":"De Ron a Ritmo se presentar\u00e1 en la jornada de clausura de Filan 2014"},"content":{"rendered":"<figure id=\"attachment_45375\" aria-describedby=\"caption-attachment-45375\" style=\"width: 317px\" class=\"wp-caption alignleft\"><a href=\"https:\/\/i0.wp.com\/www.eltrabajo.cl\/portal\/wp-content\/uploads\/2014\/04\/Sebastian-Gallardo.jpg\"><img data-recalc-dims=\"1\" loading=\"lazy\" decoding=\"async\" class=\" wp-image-45375 \" alt=\"Sebasti\u00e1n Gallardo F\u00e1bres, Director del Grupo De Ron a Ritmo.\" src=\"https:\/\/i0.wp.com\/www.eltrabajo.cl\/portal\/wp-content\/uploads\/2014\/04\/Sebastian-Gallardo.jpg?resize=317%2C215\" width=\"317\" height=\"215\" srcset=\"https:\/\/i0.wp.com\/eltrabajo.cl\/portal\/wp-content\/uploads\/2014\/04\/Sebastian-Gallardo.jpg?w=529&amp;ssl=1 529w, https:\/\/i0.wp.com\/eltrabajo.cl\/portal\/wp-content\/uploads\/2014\/04\/Sebastian-Gallardo.jpg?resize=200%2C135&amp;ssl=1 200w, https:\/\/i0.wp.com\/eltrabajo.cl\/portal\/wp-content\/uploads\/2014\/04\/Sebastian-Gallardo.jpg?resize=300%2C203&amp;ssl=1 300w, https:\/\/i0.wp.com\/eltrabajo.cl\/portal\/wp-content\/uploads\/2014\/04\/Sebastian-Gallardo.jpg?resize=150%2C101&amp;ssl=1 150w, https:\/\/i0.wp.com\/eltrabajo.cl\/portal\/wp-content\/uploads\/2014\/04\/Sebastian-Gallardo.jpg?resize=400%2C270&amp;ssl=1 400w\" sizes=\"auto, (max-width: 317px) 100vw, 317px\" \/><\/a><figcaption id=\"caption-attachment-45375\" class=\"wp-caption-text\">Sebasti\u00e1n Gallardo F\u00e1bres, Director del Grupo De Ron a Ritmo.<\/figcaption><\/figure>\n<p><strong>PUTAENDO<\/strong>.- El connotado grupo de m\u00fasicos que conforma la Agrupaci\u00f3n De Ron a Ritmo, se presentar\u00e1 en la jornada de clausura de la Feria Internacional de Los Andes (Filan) en su versi\u00f3n del a\u00f1o 2014.<\/p>\n<p>Sebasti\u00e1n Gallardo F\u00e1bres, Director del Grupo De Ron a Ritmo, se\u00f1al\u00f3 que con mucha emoci\u00f3n y alegr\u00eda recibieron por parte de las autoridades organizadoras de la Filan la confirmaci\u00f3n que el pr\u00f3ximo domingo 20 de abril, en horas de la tarde se presentar\u00e1n en ese importante escenario, lo que es todo un orgullo para quienes conforman este grupo y viene a coronar muchos a\u00f1os de trabajo, esfuerzo y dedicaci\u00f3n.<\/p>\n<p>Gallardo F\u00e1bres indic\u00f3 que compartir\u00e1n escenario con la destacada agrupaci\u00f3n Maipucitos, que son conocidos incluso a nivel internacional, adem\u00e1s valor\u00f3 de manera especial como se dio esta oportunidad luego que las personas que toman importantes decisiones en el \u00e1mbito cultural de la ciudad de Los Andes reconocieran el trabajo de De Ron a Ritmo. La presentaci\u00f3n realizada en el Festival de Todas las Artes V\u00edctor Jara en San Felipe fue el pelda\u00f1o para poder llegar a la Filan y dijo sentirse orgulloso que el trabajo de De Ron a Ritmo ya es reconocido en muchos lugares de la regi\u00f3n y el pa\u00eds.<\/p>\n<p>El director de esta agrupaci\u00f3n asegur\u00f3 que se est\u00e1n preparando arduamente y el pr\u00f3ximo 20 de abril pretenden mostrar lo mejor de su repertorio, que incluye creaciones originales del grupo, para dejar muy bien puesto el nombre de Putaendo en la Feria Internacional de Los Andes.<\/p>\n<p><strong>FALTA APOYO<\/strong><\/p>\n<p>Sebasti\u00e1n Gallardo aprovech\u00f3 la ocasi\u00f3n para hacer un an\u00e1lisis sobre como el trabajo del grupo que dirige no ha contado con el suficiente apoyo en la comuna de Putaendo y declar\u00f3 que hace mucho tiempo no son considerados ni invitados a ning\u00fan tipo de actividad que organice la municipalidad, agregando que \u201clamentablemente en Putaendo hay autoridades que les molesta el grupo De Ron a Ritmo, porque no aceptamos pautas de nadie, ya que tenemos un estilo especial y no mendigamos subvenciones o apoyos\u201d.<\/p>\n<p>El director de De Ron a Ritmo indic\u00f3 que siempre han tenido la mejor disposici\u00f3n para colaborar con todas las personas y organizaciones que lo necesiten, pero que lamentablemente a nivel local le han pasado la cuenta, sobre todo algunas autoridades, pero lo que los tiene m\u00e1s orgullosos y felices es el hecho que la comunidad y sobre todo las personas m\u00e1s sencillas de Putaendo han reconocido el trabajo de De Ron a Ritmo.<\/p>\n<p>Patricio Gallardo M.<\/p>\n<p>&nbsp;<\/p>\n","protected":false},"excerpt":{"rendered":"<p>PUTAENDO.- El connotado grupo de m\u00fasicos que conforma la Agrupaci\u00f3n De Ron a Ritmo, se presentar\u00e1 en la jornada de clausura de la Feria Internacional de Los Andes (Filan) en su versi\u00f3n&#8230;<\/p>\n","protected":false},"author":482,"featured_media":45375,"comment_status":"open","ping_status":"closed","sticky":false,"template":"","format":"standard","meta":{"advanced_seo_description":"","jetpack_seo_html_title":"","jetpack_seo_noindex":false,"_jetpack_memberships_contains_paid_content":false,"footnotes":""},"categories":[1],"tags":[],"class_list":["post-45374","post","type-post","status-publish","format-standard","has-post-thumbnail","hentry","category-cronica"],"jetpack_featured_media_url":"https:\/\/i0.wp.com\/eltrabajo.cl\/portal\/wp-content\/uploads\/2014\/04\/Sebastian-Gallardo.jpg?fit=529%2C358&ssl=1","jetpack_sharing_enabled":true,"jetpack_likes_enabled":true,"jetpack-related-posts":[],"_links":{"self":[{"href":"https:\/\/eltrabajo.cl\/portal\/wp-json\/wp\/v2\/posts\/45374","targetHints":{"allow":["GET"]}}],"collection":[{"href":"https:\/\/eltrabajo.cl\/portal\/wp-json\/wp\/v2\/posts"}],"about":[{"href":"https:\/\/eltrabajo.cl\/portal\/wp-json\/wp\/v2\/types\/post"}],"author":[{"embeddable":true,"href":"https:\/\/eltrabajo.cl\/portal\/wp-json\/wp\/v2\/users\/482"}],"replies":[{"embeddable":true,"href":"https:\/\/eltrabajo.cl\/portal\/wp-json\/wp\/v2\/comments?post=45374"}],"version-history":[{"count":0,"href":"https:\/\/eltrabajo.cl\/portal\/wp-json\/wp\/v2\/posts\/45374\/revisions"}],"wp:featuredmedia":[{"embeddable":true,"href":"https:\/\/eltrabajo.cl\/portal\/wp-json\/wp\/v2\/media\/45375"}],"wp:attachment":[{"href":"https:\/\/eltrabajo.cl\/portal\/wp-json\/wp\/v2\/media?parent=45374"}],"wp:term":[{"taxonomy":"category","embeddable":true,"href":"https:\/\/eltrabajo.cl\/portal\/wp-json\/wp\/v2\/categories?post=45374"},{"taxonomy":"post_tag","embeddable":true,"href":"https:\/\/eltrabajo.cl\/portal\/wp-json\/wp\/v2\/tags?post=45374"}],"curies":[{"name":"wp","href":"https:\/\/api.w.org\/{rel}","templated":true}]}}