{"id":45378,"date":"2014-04-14T09:39:08","date_gmt":"2014-04-14T12:39:08","guid":{"rendered":"http:\/\/www.eltrabajo.cl\/portal\/?p=45378"},"modified":"2014-04-14T09:39:08","modified_gmt":"2014-04-14T12:39:08","slug":"tras-40-anos-empresa-david-del-curto-cierra-su-planta-en-san-felipe","status":"publish","type":"post","link":"https:\/\/eltrabajo.cl\/portal\/tras-40-anos-empresa-david-del-curto-cierra-su-planta-en-san-felipe\/","title":{"rendered":"Tras 40 a\u00f1os empresa David Del Curto cierra su planta en San Felipe"},"content":{"rendered":"<figure id=\"attachment_45379\" aria-describedby=\"caption-attachment-45379\" style=\"width: 528px\" class=\"wp-caption alignnone\"><a href=\"https:\/\/i0.wp.com\/www.eltrabajo.cl\/portal\/wp-content\/uploads\/2014\/04\/Del-Curto1.jpg\"><img data-recalc-dims=\"1\" loading=\"lazy\" decoding=\"async\" class=\"size-full wp-image-45379\" alt=\"Seg\u00fan fuentes vinculadas a la empresa, los trabajadores que no quieran trasladarse a faenas de m\u00e1s al sur o la regi\u00f3n metropolitana, ser\u00edan finiquitados a partir del 30 de abril.\" src=\"https:\/\/i0.wp.com\/www.eltrabajo.cl\/portal\/wp-content\/uploads\/2014\/04\/Del-Curto1.jpg?resize=528%2C357\" width=\"528\" height=\"357\" srcset=\"https:\/\/i0.wp.com\/eltrabajo.cl\/portal\/wp-content\/uploads\/2014\/04\/Del-Curto1.jpg?w=528&amp;ssl=1 528w, https:\/\/i0.wp.com\/eltrabajo.cl\/portal\/wp-content\/uploads\/2014\/04\/Del-Curto1.jpg?resize=200%2C135&amp;ssl=1 200w, https:\/\/i0.wp.com\/eltrabajo.cl\/portal\/wp-content\/uploads\/2014\/04\/Del-Curto1.jpg?resize=300%2C202&amp;ssl=1 300w, https:\/\/i0.wp.com\/eltrabajo.cl\/portal\/wp-content\/uploads\/2014\/04\/Del-Curto1.jpg?resize=150%2C101&amp;ssl=1 150w, https:\/\/i0.wp.com\/eltrabajo.cl\/portal\/wp-content\/uploads\/2014\/04\/Del-Curto1.jpg?resize=400%2C270&amp;ssl=1 400w\" sizes=\"auto, (max-width: 528px) 100vw, 528px\" \/><\/a><figcaption id=\"caption-attachment-45379\" class=\"wp-caption-text\">Seg\u00fan fuentes vinculadas a la empresa, los trabajadores que no quieran trasladarse a faenas de m\u00e1s al sur o la regi\u00f3n metropolitana, ser\u00edan finiquitados a partir del 30 de abril.<\/figcaption><\/figure>\n<p>Tras exactos 40 a\u00f1os de operar en nuestra provincia, la planta David del Curto San Felipe cerrar\u00eda su planta frut\u00edcola m\u00e1s antigua del pa\u00eds, la que se levant\u00f3 en la zona en el a\u00f1o 1974 al mando de su fundador, el empresario Sr. David Del Curto Libera. Seg\u00fan fueron comunicados los trabajadores de la misma, este cierre se har\u00eda efectivo a fin de este mes de abril, por lo que ser\u00e1n trasladados a algunas de las plantas que la empresa mantiene en el sur del pa\u00eds, y que se han consolidado con la exportaci\u00f3n de manzanas y otras frutas de exportaci\u00f3n m\u00e1s estables y rentables.<\/p>\n<p>Seg\u00fan fuentes vinculadas a la empresa, los trabajadores que no quieran trasladarse a faenas de m\u00e1s al sur o la regi\u00f3n metropolitana, ser\u00edan finiquitados a partir del 30 de abril. La planta, que es la primera de la Familia Del Curto en el pa\u00eds, tiene una superficie de 61.610 m2 y una superficie construida de 22.751 m2, con una capacidad de hasta 2.200.000 cajas procesadas. El negocio se inici\u00f3 en el a\u00f1o 1953 con la venta de frutos secos, nueces, frijoles y otros granos. En el a\u00f1o 1960 se convirti\u00f3 en una de las primeras plantas exportadoras de fruta fresca del pa\u00eds, y para 1975 ya ten\u00eda dos exportadoras levantadas en la zona central.<\/p>\n<p>Con la muerte de don David del Curto en un tr\u00e1gico accidente a\u00e9reo en 1983, la compa\u00f1\u00eda dej\u00f3 su car\u00e1cter familiar para imponerse como una de las m\u00e1s grandes exportadoras del pa\u00eds en manos de chilenos.<\/p>\n<p>Errados negocios y falta de competitividad en el mercado, hicieron que en el a\u00f1o 2005 se vendiera un porcentaje de la compa\u00f1\u00eda -que ya estaba en capitales de varios accionistas- a Corso, la sociedad de inversiones de Teresa Solari y una de las propietarias del peque\u00f1o centro comercial que se ubica justo al frente de lo que fue la primera planta Del Curto en Chile. Desde entonces la firma creci\u00f3 lo suficiente como para dejar atr\u00e1s las cifras que estuvieron a punto de verla desaparecer en el a\u00f1o 2006.<\/p>\n<p>Hoy, el control de la compa\u00f1\u00eda lo tiene Corso, y eso ha llevado a David del Curto a ser la principal exportadora en manos de capitales chilenos, y la tercera firma m\u00e1s importante del rubro, tras Dole y Unifrutti en el pa\u00eds. El 60% de lo que vende a 50 mercados es uva de mesa y manzana, seguido de ciruelas, peras, kiwis, cerezas. Sus ingresos bordean los US$150 millones al a\u00f1o y 10 millones de cajas en total, de las cuales s\u00f3lo 30% se produce en campos propios, y ah\u00ed radican las principales razones del cierre en la zona: los procesos de preparaci\u00f3n de fruta para exportaci\u00f3n son m\u00e1s rentables con las plantas que est\u00e1n literalmente m\u00e1s cerca de la fruta.<\/p>\n<p>Los posibles usos del suelo, que quedar\u00eda en manos de la Familia Solari, apuntan a un centro comercial o inmobiliario, ya que est\u00e1 ubicado estrat\u00e9gicamente en la ciudad, y la superficie es propicia para cualquiera de las dos alternativas, y tenemos antecedentes que hablan de un estudio de mercado realizado para apuntar a un gran centro comercial denominado Mall Plaza Cordillera, con m\u00e1s de 5.000 metros cuadrados construidos y a lo menos 20 tiendas en su interior.<\/p>\n","protected":false},"excerpt":{"rendered":"<p>Tras exactos 40 a\u00f1os de operar en nuestra provincia, la planta David del Curto San Felipe cerrar\u00eda su planta frut\u00edcola m\u00e1s antigua del pa\u00eds, la que se levant\u00f3 en la zona en&#8230;<\/p>\n","protected":false},"author":482,"featured_media":45379,"comment_status":"open","ping_status":"closed","sticky":false,"template":"","format":"standard","meta":{"advanced_seo_description":"","jetpack_seo_html_title":"","jetpack_seo_noindex":false,"_jetpack_memberships_contains_paid_content":false,"footnotes":""},"categories":[1],"tags":[],"class_list":["post-45378","post","type-post","status-publish","format-standard","has-post-thumbnail","hentry","category-cronica"],"jetpack_featured_media_url":"https:\/\/i0.wp.com\/eltrabajo.cl\/portal\/wp-content\/uploads\/2014\/04\/Del-Curto1.jpg?fit=528%2C357&ssl=1","jetpack_sharing_enabled":true,"jetpack_likes_enabled":true,"jetpack-related-posts":[],"_links":{"self":[{"href":"https:\/\/eltrabajo.cl\/portal\/wp-json\/wp\/v2\/posts\/45378","targetHints":{"allow":["GET"]}}],"collection":[{"href":"https:\/\/eltrabajo.cl\/portal\/wp-json\/wp\/v2\/posts"}],"about":[{"href":"https:\/\/eltrabajo.cl\/portal\/wp-json\/wp\/v2\/types\/post"}],"author":[{"embeddable":true,"href":"https:\/\/eltrabajo.cl\/portal\/wp-json\/wp\/v2\/users\/482"}],"replies":[{"embeddable":true,"href":"https:\/\/eltrabajo.cl\/portal\/wp-json\/wp\/v2\/comments?post=45378"}],"version-history":[{"count":0,"href":"https:\/\/eltrabajo.cl\/portal\/wp-json\/wp\/v2\/posts\/45378\/revisions"}],"wp:featuredmedia":[{"embeddable":true,"href":"https:\/\/eltrabajo.cl\/portal\/wp-json\/wp\/v2\/media\/45379"}],"wp:attachment":[{"href":"https:\/\/eltrabajo.cl\/portal\/wp-json\/wp\/v2\/media?parent=45378"}],"wp:term":[{"taxonomy":"category","embeddable":true,"href":"https:\/\/eltrabajo.cl\/portal\/wp-json\/wp\/v2\/categories?post=45378"},{"taxonomy":"post_tag","embeddable":true,"href":"https:\/\/eltrabajo.cl\/portal\/wp-json\/wp\/v2\/tags?post=45378"}],"curies":[{"name":"wp","href":"https:\/\/api.w.org\/{rel}","templated":true}]}}