{"id":45389,"date":"2014-04-14T09:43:41","date_gmt":"2014-04-14T12:43:41","guid":{"rendered":"http:\/\/www.eltrabajo.cl\/portal\/?p=45389"},"modified":"2014-04-14T09:43:41","modified_gmt":"2014-04-14T12:43:41","slug":"supervisan-trabajos-de-reparacion-en-estatuas-de-la-plaza-de-san-felipe","status":"publish","type":"post","link":"https:\/\/eltrabajo.cl\/portal\/supervisan-trabajos-de-reparacion-en-estatuas-de-la-plaza-de-san-felipe\/","title":{"rendered":"Supervisan trabajos de reparaci\u00f3n en estatuas de la plaza de San Felipe"},"content":{"rendered":"<figure id=\"attachment_45390\" aria-describedby=\"caption-attachment-45390\" style=\"width: 529px\" class=\"wp-caption alignnone\"><a href=\"https:\/\/i0.wp.com\/www.eltrabajo.cl\/portal\/wp-content\/uploads\/2014\/04\/Plaza1.jpg\"><img data-recalc-dims=\"1\" loading=\"lazy\" decoding=\"async\" class=\"size-full wp-image-45390\" alt=\"Un recorrido por las cuatro esculturas que se est\u00e1n restaurando en la Plaza de Armas, realizaron este s\u00e1bado 12 de abril el Alcalde Patricio Freire junto a la Directora Regional del Consejo de la Cultura y las Artes, N\u00e9lida Pozo.\" src=\"https:\/\/i0.wp.com\/www.eltrabajo.cl\/portal\/wp-content\/uploads\/2014\/04\/Plaza1.jpg?resize=529%2C639\" width=\"529\" height=\"639\" srcset=\"https:\/\/i0.wp.com\/eltrabajo.cl\/portal\/wp-content\/uploads\/2014\/04\/Plaza1.jpg?w=529&amp;ssl=1 529w, https:\/\/i0.wp.com\/eltrabajo.cl\/portal\/wp-content\/uploads\/2014\/04\/Plaza1.jpg?resize=124%2C150&amp;ssl=1 124w, https:\/\/i0.wp.com\/eltrabajo.cl\/portal\/wp-content\/uploads\/2014\/04\/Plaza1.jpg?resize=248%2C300&amp;ssl=1 248w, https:\/\/i0.wp.com\/eltrabajo.cl\/portal\/wp-content\/uploads\/2014\/04\/Plaza1.jpg?resize=400%2C483&amp;ssl=1 400w\" sizes=\"auto, (max-width: 529px) 100vw, 529px\" \/><\/a><figcaption id=\"caption-attachment-45390\" class=\"wp-caption-text\">Un recorrido por las cuatro esculturas que se est\u00e1n restaurando en la Plaza de Armas, realizaron este s\u00e1bado 12 de abril el Alcalde Patricio Freire junto a la Directora Regional del Consejo de la Cultura y las Artes, N\u00e9lida Pozo.<\/figcaption><\/figure>\n<p>Un recorrido por las cuatro esculturas que se est\u00e1n restaurando en la Plaza de Armas, realizaron este s\u00e1bado 12 de abril el Alcalde Patricio Freire junto a la Directora Regional del Consejo de la Cultura y las Artes, N\u00e9lida Pozo, proyecto Fondart que se est\u00e1 ejecutando desde hace algunas semanas.<\/p>\n<p>La directora regional visit\u00f3 la comuna de San Felipe este s\u00e1bado con el objetivo de participar en un encuentro ciudadano, que se desarroll\u00f3 en la Universidad de Playa Ancha y que buscaba conocer la opini\u00f3n de la ciudadan\u00eda en relaci\u00f3n a la creaci\u00f3n del Ministerio de la Cultura, las Artes y el Patrimonio.<\/p>\n<p>\u201cEstamos recogiendo la opini\u00f3n de la gente en temas que les interesan en relaci\u00f3n a las artes, cultura y patrimonio\u201d, dijo Pozo.<\/p>\n<p>Asimismo, la funcionaria realiz\u00f3 un recorrido junto al Alcalde Freire por la Plaza de Armas, donde se est\u00e1 ejecutando el Proyecto Fondart de recuperaci\u00f3n de las cuatro esculturas que se encuentran en este sector.<\/p>\n<p>\u201cEstas esculturas son parte de la historia de esta comuna, de cuatro mujeres que representan las estaciones del a\u00f1o. Este proyecto no s\u00f3lo viene a contribuir a la recuperaci\u00f3n patrimonial, sino tambi\u00e9n viene a contribuir a la recuperaci\u00f3n de espacios p\u00fablicos. Nosotros necesitamos m\u00e1s que nunca revitalizar las plazas porque son los lugares que la gente hace suyos\u201d, sostuvo Pozo.<\/p>\n<p>El Alcalde Freire destac\u00f3 la visita realizada por la directora regional, quien manifest\u00f3 su inter\u00e9s por trabajar de cerca con el jefe comunal en temas de cultura y patrimonio.<\/p>\n<p>\u201cAgradecemos la visita de N\u00e9lida Pozo a nuestra comuna y destacamos la actividad de participaci\u00f3n ciudadana que se est\u00e1 desarrollando\u201d, dijo el jefe comunal. Adem\u00e1s el Alcalde Freire valor\u00f3 el trabajo de recuperaci\u00f3n que se est\u00e1 realizando en la Plaza de Armas, esculturas que son parte de la historia de la comuna de San Felipe, seg\u00fan destac\u00f3, una iniciativa que busca recuperar espacios p\u00fablicos para los vecinos.<\/p>\n<p>&nbsp;<\/p>\n","protected":false},"excerpt":{"rendered":"<p>Un recorrido por las cuatro esculturas que se est\u00e1n restaurando en la Plaza de Armas, realizaron este s\u00e1bado 12 de abril el Alcalde Patricio Freire junto a la Directora Regional del Consejo&#8230;<\/p>\n","protected":false},"author":482,"featured_media":45390,"comment_status":"open","ping_status":"closed","sticky":false,"template":"","format":"standard","meta":{"advanced_seo_description":"","jetpack_seo_html_title":"","jetpack_seo_noindex":false,"_jetpack_memberships_contains_paid_content":false,"footnotes":""},"categories":[1],"tags":[],"class_list":["post-45389","post","type-post","status-publish","format-standard","has-post-thumbnail","hentry","category-cronica"],"jetpack_featured_media_url":"https:\/\/i0.wp.com\/eltrabajo.cl\/portal\/wp-content\/uploads\/2014\/04\/Plaza1.jpg?fit=529%2C639&ssl=1","jetpack_sharing_enabled":true,"jetpack_likes_enabled":true,"jetpack-related-posts":[],"_links":{"self":[{"href":"https:\/\/eltrabajo.cl\/portal\/wp-json\/wp\/v2\/posts\/45389","targetHints":{"allow":["GET"]}}],"collection":[{"href":"https:\/\/eltrabajo.cl\/portal\/wp-json\/wp\/v2\/posts"}],"about":[{"href":"https:\/\/eltrabajo.cl\/portal\/wp-json\/wp\/v2\/types\/post"}],"author":[{"embeddable":true,"href":"https:\/\/eltrabajo.cl\/portal\/wp-json\/wp\/v2\/users\/482"}],"replies":[{"embeddable":true,"href":"https:\/\/eltrabajo.cl\/portal\/wp-json\/wp\/v2\/comments?post=45389"}],"version-history":[{"count":0,"href":"https:\/\/eltrabajo.cl\/portal\/wp-json\/wp\/v2\/posts\/45389\/revisions"}],"wp:featuredmedia":[{"embeddable":true,"href":"https:\/\/eltrabajo.cl\/portal\/wp-json\/wp\/v2\/media\/45390"}],"wp:attachment":[{"href":"https:\/\/eltrabajo.cl\/portal\/wp-json\/wp\/v2\/media?parent=45389"}],"wp:term":[{"taxonomy":"category","embeddable":true,"href":"https:\/\/eltrabajo.cl\/portal\/wp-json\/wp\/v2\/categories?post=45389"},{"taxonomy":"post_tag","embeddable":true,"href":"https:\/\/eltrabajo.cl\/portal\/wp-json\/wp\/v2\/tags?post=45389"}],"curies":[{"name":"wp","href":"https:\/\/api.w.org\/{rel}","templated":true}]}}