{"id":45393,"date":"2014-04-14T09:46:29","date_gmt":"2014-04-14T12:46:29","guid":{"rendered":"http:\/\/www.eltrabajo.cl\/portal\/?p=45393"},"modified":"2014-04-14T09:46:29","modified_gmt":"2014-04-14T12:46:29","slug":"gobernaciones-san-felipe-y-los-andes-coordinan-ayuda-en-aconcagua","status":"publish","type":"post","link":"https:\/\/eltrabajo.cl\/portal\/gobernaciones-san-felipe-y-los-andes-coordinan-ayuda-en-aconcagua\/","title":{"rendered":"Gobernaciones San Felipe y Los Andes coordinan ayuda en Aconcagua"},"content":{"rendered":"<figure id=\"attachment_45394\" aria-describedby=\"caption-attachment-45394\" style=\"width: 529px\" class=\"wp-caption alignnone\"><a href=\"https:\/\/i0.wp.com\/www.eltrabajo.cl\/portal\/wp-content\/uploads\/2014\/04\/Ayuda2.jpg\"><img data-recalc-dims=\"1\" loading=\"lazy\" decoding=\"async\" class=\"size-full wp-image-45394\" alt=\"SOLIDARIDAD.- En la emergencia se han movilizado un total aproximado de 200 personas de la provincia andina, otros cientos de San Felipe est\u00e1n cerrando filas para apoyar en la emergencia.\" src=\"https:\/\/i0.wp.com\/www.eltrabajo.cl\/portal\/wp-content\/uploads\/2014\/04\/Ayuda2.jpg?resize=529%2C401\" width=\"529\" height=\"401\" srcset=\"https:\/\/i0.wp.com\/eltrabajo.cl\/portal\/wp-content\/uploads\/2014\/04\/Ayuda2.jpg?w=529&amp;ssl=1 529w, https:\/\/i0.wp.com\/eltrabajo.cl\/portal\/wp-content\/uploads\/2014\/04\/Ayuda2.jpg?resize=197%2C150&amp;ssl=1 197w, https:\/\/i0.wp.com\/eltrabajo.cl\/portal\/wp-content\/uploads\/2014\/04\/Ayuda2.jpg?resize=300%2C227&amp;ssl=1 300w, https:\/\/i0.wp.com\/eltrabajo.cl\/portal\/wp-content\/uploads\/2014\/04\/Ayuda2.jpg?resize=150%2C113&amp;ssl=1 150w, https:\/\/i0.wp.com\/eltrabajo.cl\/portal\/wp-content\/uploads\/2014\/04\/Ayuda2.jpg?resize=400%2C303&amp;ssl=1 400w\" sizes=\"auto, (max-width: 529px) 100vw, 529px\" \/><\/a><figcaption id=\"caption-attachment-45394\" class=\"wp-caption-text\">SOLIDARIDAD.- En la emergencia se han movilizado un total aproximado de 200 personas de la provincia andina, otros cientos de San Felipe est\u00e1n cerrando filas para apoyar en la emergencia.<\/figcaption><\/figure>\n<p><strong>ACONCAGUA.<\/strong>&#8211; Luego que murieran once personas por el fuego y unas 8.000 resultaran afectadas por la cat\u00e1strofe ocurrida en Valpara\u00edso la tarde del s\u00e1bado 11 de abril, las Gobernaciones de San Felipe y Los Andes, en coordinaci\u00f3n con la Gobernaci\u00f3n de Valpara\u00edso, han elaborado estrategias de recolecci\u00f3n junto a los 10 municipios de las provincias de San Felipe y Los Andes.<\/p>\n<p>En San Felipe el Gobernador Eduardo Le\u00f3n se comunic\u00f3 con cada uno de los alcaldes de la Provincia para conocer los puntos de recolecci\u00f3n e ir en ayuda de los damnificados. Esta ayuda principalmente consiste en pa\u00f1ales de ni\u00f1os y adulto mayor; \u00fatiles de aseo; frazadas; toallas y alimentos no perecibles.<\/p>\n<figure id=\"attachment_45395\" aria-describedby=\"caption-attachment-45395\" style=\"width: 370px\" class=\"wp-caption alignright\"><a href=\"https:\/\/i0.wp.com\/www.eltrabajo.cl\/portal\/wp-content\/uploads\/2014\/04\/Fuego1.jpg\"><img data-recalc-dims=\"1\" loading=\"lazy\" decoding=\"async\" class=\" wp-image-45395 \" alt=\"SON 11 FALLECIDOS.- Autoridades estiman que 8.000 personas han sido afectadas por la emergencia y cientos permanecen en albergues. La Presidenta Michelle Bachelet se traslad\u00f3 a la ciudad, donde m\u00e1s de un millar de bomberos intentaban controlar el fuego.\" src=\"https:\/\/i0.wp.com\/www.eltrabajo.cl\/portal\/wp-content\/uploads\/2014\/04\/Fuego1.jpg?resize=370%2C250\" width=\"370\" height=\"250\" srcset=\"https:\/\/i0.wp.com\/eltrabajo.cl\/portal\/wp-content\/uploads\/2014\/04\/Fuego1.jpg?w=529&amp;ssl=1 529w, https:\/\/i0.wp.com\/eltrabajo.cl\/portal\/wp-content\/uploads\/2014\/04\/Fuego1.jpg?resize=200%2C134&amp;ssl=1 200w, https:\/\/i0.wp.com\/eltrabajo.cl\/portal\/wp-content\/uploads\/2014\/04\/Fuego1.jpg?resize=300%2C202&amp;ssl=1 300w, https:\/\/i0.wp.com\/eltrabajo.cl\/portal\/wp-content\/uploads\/2014\/04\/Fuego1.jpg?resize=150%2C101&amp;ssl=1 150w, https:\/\/i0.wp.com\/eltrabajo.cl\/portal\/wp-content\/uploads\/2014\/04\/Fuego1.jpg?resize=400%2C269&amp;ssl=1 400w\" sizes=\"auto, (max-width: 370px) 100vw, 370px\" \/><\/a><figcaption id=\"caption-attachment-45395\" class=\"wp-caption-text\">SON 11 FALLECIDOS.- Autoridades estiman que 8.000 personas han sido afectadas por la emergencia y cientos permanecen en albergues. La Presidenta Michelle Bachelet se traslad\u00f3 a la ciudad, donde m\u00e1s de un millar de bomberos intentaban controlar el fuego.<\/figcaption><\/figure>\n<p><strong>LUGARES\u00a0DE ACOPIO<\/strong><\/p>\n<p>A partir de este lunes 14 de abril se han establecido los siguientes lugares de acopio en nuestra Provincia:<\/p>\n<p>San Felipe: Cruz Roja, Municipalidad, Colegio de Profesores. Llay Llay: Iglesia San Ignacio de Loyola. 1\u00aa y 2\u00aa C\u00eda. Cuartel de Bomberos. Santa Mar\u00eda: Liceo Dar\u00edo Salas \/ Panquehue: Municipalidad \/ Catemu: Municipalidad \/ Putaendo: Mercado Dolores Otero.<\/p>\n<p>El Gobernador Eduardo Le\u00f3n se\u00f1al\u00f3 que \u00abtoda esta ayuda se coordinar\u00e1 a trav\u00e9s de nuestro Departamento de Emergencias, en conjunto con los municipios y organismos de defensa y protecci\u00f3n civil que se encuentran operando en la Provincia\u00bb.<\/p>\n<p>La Cruz Roja de San Felipe inform\u00f3 a Diario El Trabajo que ya est\u00e1 recibiendo apoyo para Valpara\u00edso, en calle Arturo Prat n\u00famero 11.<\/p>\n<p><strong>LOS ANDES<\/strong><\/p>\n<p>A partir de la 20:00 horas del mismo s\u00e1bado, la Gobernaci\u00f3n Provincial de Los Andes, encabezada por su Gobernadora Mar\u00eda Victoria Rodr\u00edguez, se ha dado a la tarea de coordinar las diversas ayudas que han surgido a prop\u00f3sito de la cat\u00e1strofe ocurrida en Valpara\u00edso. Con el apoyo del Seremi de Miner\u00eda Alonso Retamal y de los cuatro alcaldes de la provincia, Mauricio Navarro, Nelson Venegas, Ren\u00e9 Mardones y Pedro Caballer\u00eda, se ha establecido un centro de acopio en la gobernaci\u00f3n para organizar la ayuda hacia Valpara\u00edso.<\/p>\n<p><strong>\u00a0BOMBEROS\u00a0EN EL LUGAR<\/strong><\/p>\n<p>Todas las Compa\u00f1\u00edas de Bomberos est\u00e1n trabajando y en la zona de cat\u00e1strofe se encuentran 40 voluntarios andinos. A primera hora de la ma\u00f1ana Codelco Andina facilit\u00f3 un bus para realizar el recambio de bomberos hacia Valpara\u00edso. Sumado a esto la Gobernaci\u00f3n entreg\u00f3 a Bomberos Raciones de Alta Monta\u00f1a para los voluntarios que se dirig\u00edan hacia la zona de cat\u00e1strofe.<\/p>\n<p>Movilizados en Valpara\u00edso se encuentran seis carros bomberos; dos camionetas, una ambulancia del Samu.<\/p>\n<p>En la emergencia se han movilizado un total aproximado de 200 personas repartidos en funcionarios municipales Los Andes, San Esteban, Calle Larga, Rinconada, funcionarios de la gobernaci\u00f3n, Cruz Roja, Bomberos, Codelco Andina; Sindicato Unificado de Trabajadores de Codelco Andina; Defensa Civil; Iglesia Cat\u00f3lica; iglesias evang\u00e9licas y voluntarios.<\/p>\n<p>Respecto de elementos de ayuda, se han gestionado (en viaje), dos camiones que contienen colchonetas, frazadas, agua, alimentos no perecederos, pa\u00f1ales y que ser\u00e1n entregados personalmente en Valpara\u00edso por el Seremi de Miner\u00eda Alonso Retamal y la Jefa de Gabinete de la Gobernaci\u00f3n Araceli Lambruschini.<\/p>\n<p>En camino se encuentra un equipo compuesto por diez voluntarios que se dar\u00e1n a la tarea de apoyar en el proceso de catastro y encuesta en los albergues de Valpara\u00edso.<\/p>\n<p>Se hace un llamado a la comunidad y principalmente a los empresarios de la zona a donar : estanques acumuladores de agua, materiales y herramientas de construcci\u00f3n, guantes de seguridad, sacos de dormir los que ser\u00e1n recibidos por personal de Cruz Roja y Defensa Civil, en el patio de la Gobernaci\u00f3n de Los Andes.<\/p>\n<p>&nbsp;<\/p>\n","protected":false},"excerpt":{"rendered":"<p>ACONCAGUA.&#8211; Luego que murieran once personas por el fuego y unas 8.000 resultaran afectadas por la cat\u00e1strofe ocurrida en Valpara\u00edso la tarde del s\u00e1bado 11 de abril, las Gobernaciones de San Felipe&#8230;<\/p>\n","protected":false},"author":482,"featured_media":45394,"comment_status":"open","ping_status":"closed","sticky":false,"template":"","format":"standard","meta":{"advanced_seo_description":"","jetpack_seo_html_title":"","jetpack_seo_noindex":false,"_jetpack_memberships_contains_paid_content":false,"footnotes":""},"categories":[1],"tags":[],"class_list":["post-45393","post","type-post","status-publish","format-standard","has-post-thumbnail","hentry","category-cronica"],"jetpack_featured_media_url":"https:\/\/i0.wp.com\/eltrabajo.cl\/portal\/wp-content\/uploads\/2014\/04\/Ayuda2.jpg?fit=529%2C401&ssl=1","jetpack_sharing_enabled":true,"jetpack_likes_enabled":true,"jetpack-related-posts":[],"_links":{"self":[{"href":"https:\/\/eltrabajo.cl\/portal\/wp-json\/wp\/v2\/posts\/45393","targetHints":{"allow":["GET"]}}],"collection":[{"href":"https:\/\/eltrabajo.cl\/portal\/wp-json\/wp\/v2\/posts"}],"about":[{"href":"https:\/\/eltrabajo.cl\/portal\/wp-json\/wp\/v2\/types\/post"}],"author":[{"embeddable":true,"href":"https:\/\/eltrabajo.cl\/portal\/wp-json\/wp\/v2\/users\/482"}],"replies":[{"embeddable":true,"href":"https:\/\/eltrabajo.cl\/portal\/wp-json\/wp\/v2\/comments?post=45393"}],"version-history":[{"count":0,"href":"https:\/\/eltrabajo.cl\/portal\/wp-json\/wp\/v2\/posts\/45393\/revisions"}],"wp:featuredmedia":[{"embeddable":true,"href":"https:\/\/eltrabajo.cl\/portal\/wp-json\/wp\/v2\/media\/45394"}],"wp:attachment":[{"href":"https:\/\/eltrabajo.cl\/portal\/wp-json\/wp\/v2\/media?parent=45393"}],"wp:term":[{"taxonomy":"category","embeddable":true,"href":"https:\/\/eltrabajo.cl\/portal\/wp-json\/wp\/v2\/categories?post=45393"},{"taxonomy":"post_tag","embeddable":true,"href":"https:\/\/eltrabajo.cl\/portal\/wp-json\/wp\/v2\/tags?post=45393"}],"curies":[{"name":"wp","href":"https:\/\/api.w.org\/{rel}","templated":true}]}}