{"id":45404,"date":"2014-04-14T09:53:12","date_gmt":"2014-04-14T12:53:12","guid":{"rendered":"http:\/\/www.eltrabajo.cl\/portal\/?p=45404"},"modified":"2014-04-14T09:53:12","modified_gmt":"2014-04-14T12:53:12","slug":"todo-el-valle-del-aconcagua-se-une-para-ayudar-a-los-portenos","status":"publish","type":"post","link":"https:\/\/eltrabajo.cl\/portal\/todo-el-valle-del-aconcagua-se-une-para-ayudar-a-los-portenos\/","title":{"rendered":"Todo el Valle del Aconcagua se une para ayudar a los porte\u00f1os"},"content":{"rendered":"<figure id=\"attachment_45405\" aria-describedby=\"caption-attachment-45405\" style=\"width: 528px\" class=\"wp-caption alignnone\"><a href=\"https:\/\/i0.wp.com\/www.eltrabajo.cl\/portal\/wp-content\/uploads\/2014\/04\/Bomberos1.jpg\"><img data-recalc-dims=\"1\" loading=\"lazy\" decoding=\"async\" class=\"size-full wp-image-45405\" alt=\"H\u00c9ROES.- En La foto, un pu\u00f1ado de esos h\u00e9roes an\u00f3nimos, los voluntarios de la 1\u00aa Compa\u00f1\u00eda de San Felipe que hacen un minuto de alto entre los trabajos de combate para posar para las c\u00e1maras de Diario El Trabajo.\" src=\"https:\/\/i0.wp.com\/www.eltrabajo.cl\/portal\/wp-content\/uploads\/2014\/04\/Bomberos1.jpg?resize=528%2C399\" width=\"528\" height=\"399\" srcset=\"https:\/\/i0.wp.com\/eltrabajo.cl\/portal\/wp-content\/uploads\/2014\/04\/Bomberos1.jpg?w=528&amp;ssl=1 528w, https:\/\/i0.wp.com\/eltrabajo.cl\/portal\/wp-content\/uploads\/2014\/04\/Bomberos1.jpg?resize=198%2C150&amp;ssl=1 198w, https:\/\/i0.wp.com\/eltrabajo.cl\/portal\/wp-content\/uploads\/2014\/04\/Bomberos1.jpg?resize=300%2C226&amp;ssl=1 300w, https:\/\/i0.wp.com\/eltrabajo.cl\/portal\/wp-content\/uploads\/2014\/04\/Bomberos1.jpg?resize=150%2C113&amp;ssl=1 150w, https:\/\/i0.wp.com\/eltrabajo.cl\/portal\/wp-content\/uploads\/2014\/04\/Bomberos1.jpg?resize=400%2C302&amp;ssl=1 400w\" sizes=\"auto, (max-width: 528px) 100vw, 528px\" \/><\/a><figcaption id=\"caption-attachment-45405\" class=\"wp-caption-text\">H\u00c9ROES.- En La foto, un pu\u00f1ado de esos h\u00e9roes an\u00f3nimos, los voluntarios de la 1\u00aa Compa\u00f1\u00eda de San Felipe que hacen un minuto de alto entre los trabajos de combate para posar para las c\u00e1maras de Diario El Trabajo.<\/figcaption><\/figure>\n<p>La iniciativa naci\u00f3 espont\u00e1neamente y ya suman miles de kilos de ayuda los que diferentes aconcag\u00fcinos han llevado hasta los puntos de acopio dispuestos. En el cuartel de Bomberos de San Esteban; en la Gobernaci\u00f3n de Los Andes; en La Municipalidad de San Felipe; en La Cruz Roja de San Felipe; en el Colegio de Profesores; en Las Coimas y en una larga lista de puntos de acopio, se est\u00e1 recibiendo ayuda, lo que continuar\u00e1 el d\u00eda de hoy y probablemente se extienda por varias jornadas m\u00e1s.<\/p>\n<p>En la Cruz Roja de San Felipe se ha recibido ayuda durante todo el d\u00eda y Mar\u00eda Ang\u00e9lica Mart\u00ednez, Presidente de la entidad, llam\u00f3 a \u201cseguir trayendo alimentos no perecederos, agua, leche en caja, art\u00edculos de aseo, pa\u00f1ales y comida para mascotas. Tenemos un equipo de voluntarios y nuestra organizaci\u00f3n est\u00e1 coordinada a nivel central para entregar la ayuda directamente a las personas afectadas en terreno mismo sin pasar por intermediarios\u201d.<\/p>\n<p>La ex-gobernadora de la provincia de San Felipe y voluntaria de la entidad ben\u00e9fica, Patricia Boffa, dijo que \u201cya conseguimos c\u00f3mo trasladar la ayuda. En la ma\u00f1ana el Concejal de Los Andes Bernardo Monasterio se comprometi\u00f3 conmigo y ya puso un cami\u00f3n a nuestra disposici\u00f3n, por lo que en cuanto tengamos la ayuda suficiente para llenarlo, se despachar\u00e1 a las personas que m\u00e1s lo necesiten\u201d.<\/p>\n<p>Por su parte el Alcalde Patricio Freire, se\u00f1al\u00f3 que \u201cen estos momentos es cuando se necesita ayuda y el municipio dispuso unas camionetas para recorrer las poblaciones recibiendo ayuda. En el edificio municipal tambi\u00e9n estamos recibiendo alimentos, ropa de abrigo, agua, lo que sea de primera necesidad, y desde este lunes se recibir\u00e1 la ayuda que los padres, apoderados y alumnos puedan llevar a los liceos y colegios municipalizados\u201d.<\/p>\n<p><strong>AYUDA TEMPRANA<\/strong><\/p>\n<p>Los primeros en enviar ayuda en la zona fueron el municipio y gobernaci\u00f3n de Los Andes que a eso de las 10 de la ma\u00f1ana de este domingo ya ten\u00eda dispuesto tres camiones para hacer llegar colchones, frazadas, y ayuda que la gente les hizo llegar. Por otra parte el cuerpo de Bomberos de San Esteban muy temprano dispuso empezar a recibir ayuda en su cuartel principal para entregarla de manera directa cuando se produzca el relevo de voluntarios que mantienen en Valpara\u00edso.<\/p>\n<p>Por otra parte, el Vice-superintendente del Cuerpo de Bomberos de San Felipe, Luis Jara, se\u00f1al\u00f3 desde el lugar mismo de la tragedia que este es sin duda una de las mayores cat\u00e1strofes vividas en el pa\u00eds, por lo que cualquier ayuda sirve. Respecto de la instituci\u00f3n, se\u00f1al\u00f3 que existen 28 voluntarios de San Felipe Trabajando en la zona afectada, y que a pesar del cansancio propio de esta ardua labor todos est\u00e1n con las ganas de ayudar mientras duren las fuerzas.<\/p>\n<div class=\"tiled-gallery type-rectangular tiled-gallery-unresized\" data-original-width=\"640\" data-carousel-extra='null' itemscope itemtype=\"http:\/\/schema.org\/ImageGallery\" > <div class=\"gallery-row\" style=\"width: 640px; height: 319px;\" data-original-width=\"640\" data-original-height=\"319\" > <div class=\"gallery-group images-1\" style=\"width: 419px; height: 319px;\" data-original-width=\"419\" data-original-height=\"319\" > <div class=\"tiled-gallery-item tiled-gallery-item-large\" itemprop=\"associatedMedia\" itemscope itemtype=\"http:\/\/schema.org\/ImageObject\"> <a href=\"https:\/\/eltrabajo.cl\/portal\/todo-el-valle-del-aconcagua-se-une-para-ayudar-a-los-portenos\/ayuda-bomberos-san-esteban\/\" border=\"0\" itemprop=\"url\"> <meta itemprop=\"width\" content=\"415\"> <meta itemprop=\"height\" content=\"315\"> <img decoding=\"async\" class=\"\" data-attachment-id=\"45406\" data-orig-file=\"https:\/\/eltrabajo.cl\/portal\/wp-content\/uploads\/2014\/04\/ayuda-bomberos-san-esteban.jpg\" data-orig-size=\"529,401\" data-comments-opened=\"1\" data-image-meta=\"{&quot;aperture&quot;:&quot;0&quot;,&quot;credit&quot;:&quot;&quot;,&quot;camera&quot;:&quot;&quot;,&quot;caption&quot;:&quot;&quot;,&quot;created_timestamp&quot;:&quot;0&quot;,&quot;copyright&quot;:&quot;&quot;,&quot;focal_length&quot;:&quot;0&quot;,&quot;iso&quot;:&quot;0&quot;,&quot;shutter_speed&quot;:&quot;0&quot;,&quot;title&quot;:&quot;&quot;}\" data-image-title=\"ayuda bomberos san esteban\" data-image-description=\"&lt;p&gt;Bomberos de San Esteban reciben la ayuda entregada por los vecinos.&lt;\/p&gt; \" data-medium-file=\"https:\/\/i0.wp.com\/eltrabajo.cl\/portal\/wp-content\/uploads\/2014\/04\/ayuda-bomberos-san-esteban.jpg?fit=300%2C227&#038;ssl=1\" data-large-file=\"https:\/\/i0.wp.com\/eltrabajo.cl\/portal\/wp-content\/uploads\/2014\/04\/ayuda-bomberos-san-esteban.jpg?fit=529%2C401&#038;ssl=1\" src=\"https:\/\/i0.wp.com\/eltrabajo.cl\/portal\/wp-content\/uploads\/2014\/04\/ayuda-bomberos-san-esteban.jpg?w=415&#038;h=315&#038;ssl=1\" srcset=\"https:\/\/i0.wp.com\/eltrabajo.cl\/portal\/wp-content\/uploads\/2014\/04\/ayuda-bomberos-san-esteban.jpg?w=529&amp;ssl=1 529w, https:\/\/i0.wp.com\/eltrabajo.cl\/portal\/wp-content\/uploads\/2014\/04\/ayuda-bomberos-san-esteban.jpg?resize=197%2C150&amp;ssl=1 197w, https:\/\/i0.wp.com\/eltrabajo.cl\/portal\/wp-content\/uploads\/2014\/04\/ayuda-bomberos-san-esteban.jpg?resize=300%2C227&amp;ssl=1 300w, https:\/\/i0.wp.com\/eltrabajo.cl\/portal\/wp-content\/uploads\/2014\/04\/ayuda-bomberos-san-esteban.jpg?resize=150%2C113&amp;ssl=1 150w, https:\/\/i0.wp.com\/eltrabajo.cl\/portal\/wp-content\/uploads\/2014\/04\/ayuda-bomberos-san-esteban.jpg?resize=400%2C303&amp;ssl=1 400w\" width=\"415\" height=\"315\" loading=\"lazy\" data-original-width=\"415\" data-original-height=\"315\" itemprop=\"http:\/\/schema.org\/image\" title=\"ayuda bomberos san esteban\" alt=\"Bomberos de San Esteban reciben la ayuda entregada por los vecinos.\" style=\"width: 415px; height: 315px;\" \/> <\/a> <div class=\"tiled-gallery-caption\" itemprop=\"caption description\"> Bomberos de San Esteban reciben la ayuda entregada por los vecinos. <\/div> <\/div> <\/div> <!-- close group --> <div class=\"gallery-group images-2\" style=\"width: 221px; height: 319px;\" data-original-width=\"221\" data-original-height=\"319\" > <div class=\"tiled-gallery-item tiled-gallery-item-small\" itemprop=\"associatedMedia\" itemscope itemtype=\"http:\/\/schema.org\/ImageObject\"> <a href=\"https:\/\/eltrabajo.cl\/portal\/todo-el-valle-del-aconcagua-se-une-para-ayudar-a-los-portenos\/colchones1-2\/\" border=\"0\" itemprop=\"url\"> <meta itemprop=\"width\" content=\"217\"> <meta itemprop=\"height\" content=\"164\"> <img decoding=\"async\" class=\"\" data-attachment-id=\"45407\" data-orig-file=\"https:\/\/eltrabajo.cl\/portal\/wp-content\/uploads\/2014\/04\/Colchones1.jpg\" data-orig-size=\"529,401\" data-comments-opened=\"1\" data-image-meta=\"{&quot;aperture&quot;:&quot;0&quot;,&quot;credit&quot;:&quot;&quot;,&quot;camera&quot;:&quot;&quot;,&quot;caption&quot;:&quot;&quot;,&quot;created_timestamp&quot;:&quot;0&quot;,&quot;copyright&quot;:&quot;&quot;,&quot;focal_length&quot;:&quot;0&quot;,&quot;iso&quot;:&quot;0&quot;,&quot;shutter_speed&quot;:&quot;0&quot;,&quot;title&quot;:&quot;&quot;}\" data-image-title=\"Colchones1\" data-image-description=\"&lt;p&gt;COLCHONES.- Los primeros en enviar ayuda a la zona fueron el municipio y gobernaci\u00f3n de Los Andes, que temprano por la ma\u00f1ana mandaron tres camiones con colchones, ropa de cama, agua y alimentos de primera necesidad.&lt;\/p&gt; \" data-medium-file=\"https:\/\/i0.wp.com\/eltrabajo.cl\/portal\/wp-content\/uploads\/2014\/04\/Colchones1.jpg?fit=300%2C227&#038;ssl=1\" data-large-file=\"https:\/\/i0.wp.com\/eltrabajo.cl\/portal\/wp-content\/uploads\/2014\/04\/Colchones1.jpg?fit=529%2C401&#038;ssl=1\" src=\"https:\/\/i0.wp.com\/eltrabajo.cl\/portal\/wp-content\/uploads\/2014\/04\/Colchones1.jpg?w=217&#038;h=164&#038;ssl=1\" srcset=\"https:\/\/i0.wp.com\/eltrabajo.cl\/portal\/wp-content\/uploads\/2014\/04\/Colchones1.jpg?w=529&amp;ssl=1 529w, https:\/\/i0.wp.com\/eltrabajo.cl\/portal\/wp-content\/uploads\/2014\/04\/Colchones1.jpg?resize=197%2C150&amp;ssl=1 197w, https:\/\/i0.wp.com\/eltrabajo.cl\/portal\/wp-content\/uploads\/2014\/04\/Colchones1.jpg?resize=300%2C227&amp;ssl=1 300w, https:\/\/i0.wp.com\/eltrabajo.cl\/portal\/wp-content\/uploads\/2014\/04\/Colchones1.jpg?resize=150%2C113&amp;ssl=1 150w, https:\/\/i0.wp.com\/eltrabajo.cl\/portal\/wp-content\/uploads\/2014\/04\/Colchones1.jpg?resize=400%2C303&amp;ssl=1 400w\" width=\"217\" height=\"164\" loading=\"lazy\" data-original-width=\"217\" data-original-height=\"164\" itemprop=\"http:\/\/schema.org\/image\" title=\"Colchones1\" alt=\"COLCHONES.- Los primeros en enviar ayuda a la zona fueron el municipio y gobernaci\u00f3n de Los Andes, que temprano por la ma\u00f1ana mandaron tres camiones con colchones, ropa de cama, agua y alimentos de primera necesidad.\" style=\"width: 217px; height: 164px;\" \/> <\/a> <div class=\"tiled-gallery-caption\" itemprop=\"caption description\"> COLCHONES.- Los primeros en enviar ayuda a la zona fueron el municipio y gobernaci\u00f3n de Los Andes, que temprano por la ma\u00f1ana mandaron tres camiones con colchones, ropa de cama, agua y alimentos de primera necesidad. <\/div> <\/div> <div class=\"tiled-gallery-item tiled-gallery-item-small\" itemprop=\"associatedMedia\" itemscope itemtype=\"http:\/\/schema.org\/ImageObject\"> <a href=\"https:\/\/eltrabajo.cl\/portal\/todo-el-valle-del-aconcagua-se-une-para-ayudar-a-los-portenos\/personas-entregando-ayuda-en-el-colegio-de-profesores\/\" border=\"0\" itemprop=\"url\"> <meta itemprop=\"width\" content=\"217\"> <meta itemprop=\"height\" content=\"147\"> <img decoding=\"async\" class=\"\" data-attachment-id=\"45408\" data-orig-file=\"https:\/\/eltrabajo.cl\/portal\/wp-content\/uploads\/2014\/04\/personas-entregando-ayuda-en-el-colegio-de-profesores.jpg\" data-orig-size=\"529,358\" data-comments-opened=\"1\" data-image-meta=\"{&quot;aperture&quot;:&quot;0&quot;,&quot;credit&quot;:&quot;Pedro Munoz H&quot;,&quot;camera&quot;:&quot;&quot;,&quot;caption&quot;:&quot;&quot;,&quot;created_timestamp&quot;:&quot;0&quot;,&quot;copyright&quot;:&quot;&quot;,&quot;focal_length&quot;:&quot;0&quot;,&quot;iso&quot;:&quot;0&quot;,&quot;shutter_speed&quot;:&quot;0&quot;,&quot;title&quot;:&quot;&quot;}\" data-image-title=\"personas entregando ayuda en el colegio de profesores\" data-image-description=\"&lt;p&gt;Diversas personas entregaron su ayuda en el Colegio de Profesores que tambi\u00e9n se sum\u00f3 a la cruzada.&lt;\/p&gt; \" data-medium-file=\"https:\/\/i0.wp.com\/eltrabajo.cl\/portal\/wp-content\/uploads\/2014\/04\/personas-entregando-ayuda-en-el-colegio-de-profesores.jpg?fit=300%2C203&#038;ssl=1\" data-large-file=\"https:\/\/i0.wp.com\/eltrabajo.cl\/portal\/wp-content\/uploads\/2014\/04\/personas-entregando-ayuda-en-el-colegio-de-profesores.jpg?fit=529%2C358&#038;ssl=1\" src=\"https:\/\/i0.wp.com\/eltrabajo.cl\/portal\/wp-content\/uploads\/2014\/04\/personas-entregando-ayuda-en-el-colegio-de-profesores.jpg?w=217&#038;h=147&#038;ssl=1\" srcset=\"https:\/\/i0.wp.com\/eltrabajo.cl\/portal\/wp-content\/uploads\/2014\/04\/personas-entregando-ayuda-en-el-colegio-de-profesores.jpg?w=529&amp;ssl=1 529w, https:\/\/i0.wp.com\/eltrabajo.cl\/portal\/wp-content\/uploads\/2014\/04\/personas-entregando-ayuda-en-el-colegio-de-profesores.jpg?resize=200%2C135&amp;ssl=1 200w, https:\/\/i0.wp.com\/eltrabajo.cl\/portal\/wp-content\/uploads\/2014\/04\/personas-entregando-ayuda-en-el-colegio-de-profesores.jpg?resize=300%2C203&amp;ssl=1 300w, https:\/\/i0.wp.com\/eltrabajo.cl\/portal\/wp-content\/uploads\/2014\/04\/personas-entregando-ayuda-en-el-colegio-de-profesores.jpg?resize=150%2C101&amp;ssl=1 150w, https:\/\/i0.wp.com\/eltrabajo.cl\/portal\/wp-content\/uploads\/2014\/04\/personas-entregando-ayuda-en-el-colegio-de-profesores.jpg?resize=400%2C270&amp;ssl=1 400w\" width=\"217\" height=\"147\" loading=\"lazy\" data-original-width=\"217\" data-original-height=\"147\" itemprop=\"http:\/\/schema.org\/image\" title=\"personas entregando ayuda en el colegio de profesores\" alt=\"Diversas personas entregaron su ayuda en el Colegio de Profesores que tambi\u00e9n se sum\u00f3 a la cruzada.\" style=\"width: 217px; height: 147px;\" \/> <\/a> <div class=\"tiled-gallery-caption\" itemprop=\"caption description\"> Diversas personas entregaron su ayuda en el Colegio de Profesores que tambi\u00e9n se sum\u00f3 a la cruzada. <\/div> <\/div> <\/div> <!-- close group --> <\/div> <!-- close row --> <div class=\"gallery-row\" style=\"width: 640px; height: 229px;\" data-original-width=\"640\" data-original-height=\"229\" > <div class=\"gallery-group images-1\" style=\"width: 335px; height: 229px;\" data-original-width=\"335\" data-original-height=\"229\" > <div class=\"tiled-gallery-item tiled-gallery-item-large\" itemprop=\"associatedMedia\" itemscope itemtype=\"http:\/\/schema.org\/ImageObject\"> <a href=\"https:\/\/eltrabajo.cl\/portal\/todo-el-valle-del-aconcagua-se-une-para-ayudar-a-los-portenos\/voluntarios-cruz-roja-ayuda-para-afectados-incendio\/\" border=\"0\" itemprop=\"url\"> <meta itemprop=\"width\" content=\"331\"> <meta itemprop=\"height\" content=\"225\"> <img decoding=\"async\" class=\"\" data-attachment-id=\"45409\" data-orig-file=\"https:\/\/eltrabajo.cl\/portal\/wp-content\/uploads\/2014\/04\/voluntarios-cruz-roja-ayuda-para-afectados-incendio.jpg\" data-orig-size=\"529,359\" data-comments-opened=\"1\" data-image-meta=\"{&quot;aperture&quot;:&quot;0&quot;,&quot;credit&quot;:&quot;Pedro Munoz H&quot;,&quot;camera&quot;:&quot;&quot;,&quot;caption&quot;:&quot;&quot;,&quot;created_timestamp&quot;:&quot;0&quot;,&quot;copyright&quot;:&quot;&quot;,&quot;focal_length&quot;:&quot;0&quot;,&quot;iso&quot;:&quot;0&quot;,&quot;shutter_speed&quot;:&quot;0&quot;,&quot;title&quot;:&quot;&quot;}\" data-image-title=\"voluntarios cruz roja ayuda para afectados incendio\" data-image-description=\"&lt;p&gt;MANOS A LA OBRA.- Voluntarios de la Cruz Roja han trabajado sin descanso a fin de responder debidamente acorde a la magnitud de la emergencia.&lt;\/p&gt; \" data-medium-file=\"https:\/\/i0.wp.com\/eltrabajo.cl\/portal\/wp-content\/uploads\/2014\/04\/voluntarios-cruz-roja-ayuda-para-afectados-incendio.jpg?fit=300%2C203&#038;ssl=1\" data-large-file=\"https:\/\/i0.wp.com\/eltrabajo.cl\/portal\/wp-content\/uploads\/2014\/04\/voluntarios-cruz-roja-ayuda-para-afectados-incendio.jpg?fit=529%2C359&#038;ssl=1\" src=\"https:\/\/i0.wp.com\/eltrabajo.cl\/portal\/wp-content\/uploads\/2014\/04\/voluntarios-cruz-roja-ayuda-para-afectados-incendio.jpg?w=331&#038;h=225&#038;ssl=1\" srcset=\"https:\/\/i0.wp.com\/eltrabajo.cl\/portal\/wp-content\/uploads\/2014\/04\/voluntarios-cruz-roja-ayuda-para-afectados-incendio.jpg?w=529&amp;ssl=1 529w, https:\/\/i0.wp.com\/eltrabajo.cl\/portal\/wp-content\/uploads\/2014\/04\/voluntarios-cruz-roja-ayuda-para-afectados-incendio.jpg?resize=200%2C135&amp;ssl=1 200w, https:\/\/i0.wp.com\/eltrabajo.cl\/portal\/wp-content\/uploads\/2014\/04\/voluntarios-cruz-roja-ayuda-para-afectados-incendio.jpg?resize=300%2C203&amp;ssl=1 300w, https:\/\/i0.wp.com\/eltrabajo.cl\/portal\/wp-content\/uploads\/2014\/04\/voluntarios-cruz-roja-ayuda-para-afectados-incendio.jpg?resize=150%2C101&amp;ssl=1 150w, https:\/\/i0.wp.com\/eltrabajo.cl\/portal\/wp-content\/uploads\/2014\/04\/voluntarios-cruz-roja-ayuda-para-afectados-incendio.jpg?resize=400%2C271&amp;ssl=1 400w\" width=\"331\" height=\"225\" loading=\"lazy\" data-original-width=\"331\" data-original-height=\"225\" itemprop=\"http:\/\/schema.org\/image\" title=\"voluntarios cruz roja ayuda para afectados incendio\" alt=\"MANOS A LA OBRA.- Voluntarios de la Cruz Roja han trabajado sin descanso a fin de responder debidamente acorde a la magnitud de la emergencia.\" style=\"width: 331px; height: 225px;\" \/> <\/a> <div class=\"tiled-gallery-caption\" itemprop=\"caption description\"> MANOS A LA OBRA.- Voluntarios de la Cruz Roja han trabajado sin descanso a fin de responder debidamente acorde a la magnitud de la emergencia. <\/div> <\/div> <\/div> <!-- close group --> <div class=\"gallery-group images-1\" style=\"width: 305px; height: 229px;\" data-original-width=\"305\" data-original-height=\"229\" > <div class=\"tiled-gallery-item tiled-gallery-item-large\" itemprop=\"associatedMedia\" itemscope itemtype=\"http:\/\/schema.org\/ImageObject\"> <a href=\"https:\/\/eltrabajo.cl\/portal\/todo-el-valle-del-aconcagua-se-une-para-ayudar-a-los-portenos\/voluntarios-del-municipioayuda-para-afectados-incendio\/\" border=\"0\" itemprop=\"url\"> <meta itemprop=\"width\" content=\"301\"> <meta itemprop=\"height\" content=\"225\"> <img decoding=\"async\" class=\"\" data-attachment-id=\"45410\" data-orig-file=\"https:\/\/eltrabajo.cl\/portal\/wp-content\/uploads\/2014\/04\/voluntarios-del-municipioayuda-para-afectados-incendio.jpg\" data-orig-size=\"529,396\" data-comments-opened=\"1\" data-image-meta=\"{&quot;aperture&quot;:&quot;0&quot;,&quot;credit&quot;:&quot;Pedro Munoz H&quot;,&quot;camera&quot;:&quot;&quot;,&quot;caption&quot;:&quot;&quot;,&quot;created_timestamp&quot;:&quot;0&quot;,&quot;copyright&quot;:&quot;&quot;,&quot;focal_length&quot;:&quot;0&quot;,&quot;iso&quot;:&quot;0&quot;,&quot;shutter_speed&quot;:&quot;0&quot;,&quot;title&quot;:&quot;&quot;}\" data-image-title=\"voluntarios del municipioayuda para afectados incendio\" data-image-description=\"&lt;p&gt;Voluntarios del municipio sanfelipe\u00f1o recorren la ciudad en camioneta colectando ayuda.&lt;\/p&gt; \" data-medium-file=\"https:\/\/i0.wp.com\/eltrabajo.cl\/portal\/wp-content\/uploads\/2014\/04\/voluntarios-del-municipioayuda-para-afectados-incendio.jpg?fit=300%2C224&#038;ssl=1\" data-large-file=\"https:\/\/i0.wp.com\/eltrabajo.cl\/portal\/wp-content\/uploads\/2014\/04\/voluntarios-del-municipioayuda-para-afectados-incendio.jpg?fit=529%2C396&#038;ssl=1\" src=\"https:\/\/i0.wp.com\/eltrabajo.cl\/portal\/wp-content\/uploads\/2014\/04\/voluntarios-del-municipioayuda-para-afectados-incendio.jpg?w=301&#038;h=225&#038;ssl=1\" srcset=\"https:\/\/i0.wp.com\/eltrabajo.cl\/portal\/wp-content\/uploads\/2014\/04\/voluntarios-del-municipioayuda-para-afectados-incendio.jpg?w=529&amp;ssl=1 529w, https:\/\/i0.wp.com\/eltrabajo.cl\/portal\/wp-content\/uploads\/2014\/04\/voluntarios-del-municipioayuda-para-afectados-incendio.jpg?resize=200%2C150&amp;ssl=1 200w, https:\/\/i0.wp.com\/eltrabajo.cl\/portal\/wp-content\/uploads\/2014\/04\/voluntarios-del-municipioayuda-para-afectados-incendio.jpg?resize=300%2C224&amp;ssl=1 300w, https:\/\/i0.wp.com\/eltrabajo.cl\/portal\/wp-content\/uploads\/2014\/04\/voluntarios-del-municipioayuda-para-afectados-incendio.jpg?resize=150%2C112&amp;ssl=1 150w, https:\/\/i0.wp.com\/eltrabajo.cl\/portal\/wp-content\/uploads\/2014\/04\/voluntarios-del-municipioayuda-para-afectados-incendio.jpg?resize=400%2C299&amp;ssl=1 400w\" width=\"301\" height=\"225\" loading=\"lazy\" data-original-width=\"301\" data-original-height=\"225\" itemprop=\"http:\/\/schema.org\/image\" title=\"voluntarios del municipioayuda para afectados incendio\" alt=\"Voluntarios del municipio sanfelipe\u00f1o recorren la ciudad en camioneta colectando ayuda.\" style=\"width: 301px; height: 225px;\" \/> <\/a> <div class=\"tiled-gallery-caption\" itemprop=\"caption description\"> Voluntarios del municipio sanfelipe\u00f1o recorren la ciudad en camioneta colectando ayuda. <\/div> <\/div> <\/div> <!-- close group --> <\/div> <!-- close row --> <\/div>\n<p>&nbsp;<\/p>\n","protected":false},"excerpt":{"rendered":"<p>La iniciativa naci\u00f3 espont\u00e1neamente y ya suman miles de kilos de ayuda los que diferentes aconcag\u00fcinos han llevado hasta los puntos de acopio dispuestos. En el cuartel de Bomberos de San Esteban;&#8230;<\/p>\n","protected":false},"author":482,"featured_media":45405,"comment_status":"open","ping_status":"closed","sticky":false,"template":"","format":"standard","meta":{"advanced_seo_description":"","jetpack_seo_html_title":"","jetpack_seo_noindex":false,"_jetpack_memberships_contains_paid_content":false,"footnotes":""},"categories":[15],"tags":[],"class_list":["post-45404","post","type-post","status-publish","format-standard","has-post-thumbnail","hentry","category-comunidad"],"jetpack_featured_media_url":"https:\/\/i0.wp.com\/eltrabajo.cl\/portal\/wp-content\/uploads\/2014\/04\/Bomberos1.jpg?fit=528%2C399&ssl=1","jetpack_sharing_enabled":true,"jetpack_likes_enabled":true,"jetpack-related-posts":[],"_links":{"self":[{"href":"https:\/\/eltrabajo.cl\/portal\/wp-json\/wp\/v2\/posts\/45404","targetHints":{"allow":["GET"]}}],"collection":[{"href":"https:\/\/eltrabajo.cl\/portal\/wp-json\/wp\/v2\/posts"}],"about":[{"href":"https:\/\/eltrabajo.cl\/portal\/wp-json\/wp\/v2\/types\/post"}],"author":[{"embeddable":true,"href":"https:\/\/eltrabajo.cl\/portal\/wp-json\/wp\/v2\/users\/482"}],"replies":[{"embeddable":true,"href":"https:\/\/eltrabajo.cl\/portal\/wp-json\/wp\/v2\/comments?post=45404"}],"version-history":[{"count":0,"href":"https:\/\/eltrabajo.cl\/portal\/wp-json\/wp\/v2\/posts\/45404\/revisions"}],"wp:featuredmedia":[{"embeddable":true,"href":"https:\/\/eltrabajo.cl\/portal\/wp-json\/wp\/v2\/media\/45405"}],"wp:attachment":[{"href":"https:\/\/eltrabajo.cl\/portal\/wp-json\/wp\/v2\/media?parent=45404"}],"wp:term":[{"taxonomy":"category","embeddable":true,"href":"https:\/\/eltrabajo.cl\/portal\/wp-json\/wp\/v2\/categories?post=45404"},{"taxonomy":"post_tag","embeddable":true,"href":"https:\/\/eltrabajo.cl\/portal\/wp-json\/wp\/v2\/tags?post=45404"}],"curies":[{"name":"wp","href":"https:\/\/api.w.org\/{rel}","templated":true}]}}