{"id":45427,"date":"2014-04-15T09:36:36","date_gmt":"2014-04-15T12:36:36","guid":{"rendered":"http:\/\/www.eltrabajo.cl\/portal\/?p=45427"},"modified":"2014-04-15T09:36:36","modified_gmt":"2014-04-15T12:36:36","slug":"gobernacion-y-feriantes-andinos-continuaran-ayudando-a-los-portenos","status":"publish","type":"post","link":"https:\/\/eltrabajo.cl\/portal\/gobernacion-y-feriantes-andinos-continuaran-ayudando-a-los-portenos\/","title":{"rendered":"Gobernaci\u00f3n y feriantes andinos continuar\u00e1n ayudando a los porte\u00f1os"},"content":{"rendered":"<figure id=\"attachment_45428\" aria-describedby=\"caption-attachment-45428\" style=\"width: 529px\" class=\"wp-caption alignnone\"><a href=\"https:\/\/i0.wp.com\/www.eltrabajo.cl\/portal\/wp-content\/uploads\/2014\/04\/ayuda-val3.jpg\"><img data-recalc-dims=\"1\" loading=\"lazy\" decoding=\"async\" class=\"size-full wp-image-45428\" alt=\"FALTA M\u00c1S.- La Gobernadora Rodr\u00edguez expres\u00f3 sus agradecimientos a los organismos de emergencias que han colaborado.\" src=\"https:\/\/i0.wp.com\/www.eltrabajo.cl\/portal\/wp-content\/uploads\/2014\/04\/ayuda-val3.jpg?resize=529%2C372\" width=\"529\" height=\"372\" srcset=\"https:\/\/i0.wp.com\/eltrabajo.cl\/portal\/wp-content\/uploads\/2014\/04\/ayuda-val3.jpg?w=529&amp;ssl=1 529w, https:\/\/i0.wp.com\/eltrabajo.cl\/portal\/wp-content\/uploads\/2014\/04\/ayuda-val3.jpg?resize=200%2C140&amp;ssl=1 200w, https:\/\/i0.wp.com\/eltrabajo.cl\/portal\/wp-content\/uploads\/2014\/04\/ayuda-val3.jpg?resize=300%2C210&amp;ssl=1 300w, https:\/\/i0.wp.com\/eltrabajo.cl\/portal\/wp-content\/uploads\/2014\/04\/ayuda-val3.jpg?resize=150%2C105&amp;ssl=1 150w, https:\/\/i0.wp.com\/eltrabajo.cl\/portal\/wp-content\/uploads\/2014\/04\/ayuda-val3.jpg?resize=400%2C281&amp;ssl=1 400w\" sizes=\"auto, (max-width: 529px) 100vw, 529px\" \/><\/a><figcaption id=\"caption-attachment-45428\" class=\"wp-caption-text\">FALTA M\u00c1S.- La Gobernadora Rodr\u00edguez expres\u00f3 sus agradecimientos a los organismos de emergencias que han colaborado.<\/figcaption><\/figure>\n<p><strong>LOS ANDES.<\/strong>&#8211; La Gobernadora Mar\u00eda Victoria Rodr\u00edguez, inform\u00f3 que en la gobernaci\u00f3n continuar\u00e1n recibiendo ayuda para los m\u00e1s de 8.000 damnificados por el incendio en Valpara\u00edso. De la misma forma los locatarios de ferias libres de Los Andes se unieron para recolectar ayuda para los damnificados por el devastador incendio en Valpara\u00edso.<\/p>\n<p>La gobernadora permaneci\u00f3 durante toda la jornada del domingo coordinando el acopio y la distribuci\u00f3n de los art\u00edculos de primera necesidad tales como colchonetas, frazadas, agua, alimentos no perecederos y art\u00edculos de aseo.<\/p>\n<figure id=\"attachment_45429\" aria-describedby=\"caption-attachment-45429\" style=\"width: 370px\" class=\"wp-caption alignright\"><a href=\"https:\/\/i0.wp.com\/www.eltrabajo.cl\/portal\/wp-content\/uploads\/2014\/04\/Feriantes1.jpg\"><img data-recalc-dims=\"1\" loading=\"lazy\" decoding=\"async\" class=\" wp-image-45429 \" alt=\"CONMOVIDOS.- Los feriantes se han visto conmovidos por la magnitud de la tragedia, ante lo cual decidieron impulsar esta campa\u00f1a para los d\u00edas martes y mi\u00e9rcoles.\" src=\"https:\/\/i0.wp.com\/www.eltrabajo.cl\/portal\/wp-content\/uploads\/2014\/04\/Feriantes1.jpg?resize=370%2C251\" width=\"370\" height=\"251\" srcset=\"https:\/\/i0.wp.com\/eltrabajo.cl\/portal\/wp-content\/uploads\/2014\/04\/Feriantes1.jpg?w=529&amp;ssl=1 529w, https:\/\/i0.wp.com\/eltrabajo.cl\/portal\/wp-content\/uploads\/2014\/04\/Feriantes1.jpg?resize=200%2C135&amp;ssl=1 200w, https:\/\/i0.wp.com\/eltrabajo.cl\/portal\/wp-content\/uploads\/2014\/04\/Feriantes1.jpg?resize=300%2C203&amp;ssl=1 300w, https:\/\/i0.wp.com\/eltrabajo.cl\/portal\/wp-content\/uploads\/2014\/04\/Feriantes1.jpg?resize=150%2C101&amp;ssl=1 150w, https:\/\/i0.wp.com\/eltrabajo.cl\/portal\/wp-content\/uploads\/2014\/04\/Feriantes1.jpg?resize=400%2C270&amp;ssl=1 400w\" sizes=\"auto, (max-width: 370px) 100vw, 370px\" \/><\/a><figcaption id=\"caption-attachment-45429\" class=\"wp-caption-text\">CONMOVIDOS.- Los feriantes se han visto conmovidos por la magnitud de la tragedia, ante lo cual decidieron impulsar esta campa\u00f1a para los d\u00edas martes y mi\u00e9rcoles.<\/figcaption><\/figure>\n<p>\u201cAgradecer a la comunidad de la provincia de Los Andes por el apoyo que prestaron, a los alcaldes de las cuatro municipios, a las empresas privadas, a los voluntarios de la Cruz Roja y la Defensa Civil, Carabineros de Chile, Codelco Divisi\u00f3n Andina, el Sindicato Unificado de Trabajadores, Cuerpos de Bomberos, establecimientos educacionales y juntas de vecinos. Es importante destacar que los dos primeros camiones se despacharon a las 12 del d\u00eda, siendo los primeros en llegar al lugar de la tragedia, lo cual fue muy oportuno\u201d, expres\u00f3 la primera autoridad provincial de Los Andes.<\/p>\n<p><strong>FERIANTES\u00a0SOLIDARIOS<\/strong><\/p>\n<p>Representando a los feriantes el vocero de la campa\u00f1a, Miguel Varas, se\u00f1al\u00f3 que se han visto conmovidos por la magnitud de la tragedia, ante lo cual decidieron impulsar esta campa\u00f1a para los d\u00edas martes y mi\u00e9rcoles donde hay feria. Sostuvo que esperan llevar el primer cargamento el d\u00eda viernes y luego continuar recolectando art\u00edculos de primera necesidad.<\/p>\n<p>Para este primer env\u00edo esperan recolectar pa\u00f1ales y alimentos no perecederos, \u201cpero no queremos que nos traigan ropa, ya que se ha recolectado mucha y creemos prudente juntar estos art\u00edculos\u201d.<\/p>\n<p>Agreg\u00f3 que con posterioridad llevar\u00e1n adelante otra recolecci\u00f3n de materiales de construcci\u00f3n y herramientas. Por ello, hizo un llamado a los clientes habituales de la feria a que colaboren, as\u00ed como tambi\u00e9n a los diversos sindicatos que existen.<\/p>\n<p>&nbsp;<\/p>\n","protected":false},"excerpt":{"rendered":"<p>LOS ANDES.&#8211; La Gobernadora Mar\u00eda Victoria Rodr\u00edguez, inform\u00f3 que en la gobernaci\u00f3n continuar\u00e1n recibiendo ayuda para los m\u00e1s de 8.000 damnificados por el incendio en Valpara\u00edso. De la misma forma los locatarios&#8230;<\/p>\n","protected":false},"author":482,"featured_media":45428,"comment_status":"open","ping_status":"closed","sticky":false,"template":"","format":"standard","meta":{"advanced_seo_description":"","jetpack_seo_html_title":"","jetpack_seo_noindex":false,"_jetpack_memberships_contains_paid_content":false,"footnotes":""},"categories":[1],"tags":[],"class_list":["post-45427","post","type-post","status-publish","format-standard","has-post-thumbnail","hentry","category-cronica"],"jetpack_featured_media_url":"https:\/\/i0.wp.com\/eltrabajo.cl\/portal\/wp-content\/uploads\/2014\/04\/ayuda-val3.jpg?fit=529%2C372&ssl=1","jetpack_sharing_enabled":true,"jetpack_likes_enabled":true,"jetpack-related-posts":[],"_links":{"self":[{"href":"https:\/\/eltrabajo.cl\/portal\/wp-json\/wp\/v2\/posts\/45427","targetHints":{"allow":["GET"]}}],"collection":[{"href":"https:\/\/eltrabajo.cl\/portal\/wp-json\/wp\/v2\/posts"}],"about":[{"href":"https:\/\/eltrabajo.cl\/portal\/wp-json\/wp\/v2\/types\/post"}],"author":[{"embeddable":true,"href":"https:\/\/eltrabajo.cl\/portal\/wp-json\/wp\/v2\/users\/482"}],"replies":[{"embeddable":true,"href":"https:\/\/eltrabajo.cl\/portal\/wp-json\/wp\/v2\/comments?post=45427"}],"version-history":[{"count":0,"href":"https:\/\/eltrabajo.cl\/portal\/wp-json\/wp\/v2\/posts\/45427\/revisions"}],"wp:featuredmedia":[{"embeddable":true,"href":"https:\/\/eltrabajo.cl\/portal\/wp-json\/wp\/v2\/media\/45428"}],"wp:attachment":[{"href":"https:\/\/eltrabajo.cl\/portal\/wp-json\/wp\/v2\/media?parent=45427"}],"wp:term":[{"taxonomy":"category","embeddable":true,"href":"https:\/\/eltrabajo.cl\/portal\/wp-json\/wp\/v2\/categories?post=45427"},{"taxonomy":"post_tag","embeddable":true,"href":"https:\/\/eltrabajo.cl\/portal\/wp-json\/wp\/v2\/tags?post=45427"}],"curies":[{"name":"wp","href":"https:\/\/api.w.org\/{rel}","templated":true}]}}