{"id":45432,"date":"2014-04-15T09:38:22","date_gmt":"2014-04-15T12:38:22","guid":{"rendered":"http:\/\/www.eltrabajo.cl\/portal\/?p=45432"},"modified":"2014-04-15T09:38:22","modified_gmt":"2014-04-15T12:38:22","slug":"parte-plan-de-integracion-yo-vivo-para-ninos-con-capacidades-diferentes","status":"publish","type":"post","link":"https:\/\/eltrabajo.cl\/portal\/parte-plan-de-integracion-yo-vivo-para-ninos-con-capacidades-diferentes\/","title":{"rendered":"Parte Plan de Integraci\u00f3n &#8216;Yo Vivo&#8217; para ni\u00f1os con capacidades diferentes"},"content":{"rendered":"<figure id=\"attachment_45433\" aria-describedby=\"caption-attachment-45433\" style=\"width: 528px\" class=\"wp-caption alignnone\"><a href=\"https:\/\/i0.wp.com\/www.eltrabajo.cl\/portal\/wp-content\/uploads\/2014\/04\/Yovivo1.jpg\"><img data-recalc-dims=\"1\" loading=\"lazy\" decoding=\"async\" class=\"size-full wp-image-45433\" alt=\"El inicio de las actividades 2014, se realiz\u00f3 en los comedores del Estadio La Pirca.\" src=\"https:\/\/i0.wp.com\/www.eltrabajo.cl\/portal\/wp-content\/uploads\/2014\/04\/Yovivo1.jpg?resize=528%2C353\" width=\"528\" height=\"353\" srcset=\"https:\/\/i0.wp.com\/eltrabajo.cl\/portal\/wp-content\/uploads\/2014\/04\/Yovivo1.jpg?w=528&amp;ssl=1 528w, https:\/\/i0.wp.com\/eltrabajo.cl\/portal\/wp-content\/uploads\/2014\/04\/Yovivo1.jpg?resize=200%2C133&amp;ssl=1 200w, https:\/\/i0.wp.com\/eltrabajo.cl\/portal\/wp-content\/uploads\/2014\/04\/Yovivo1.jpg?resize=300%2C200&amp;ssl=1 300w, https:\/\/i0.wp.com\/eltrabajo.cl\/portal\/wp-content\/uploads\/2014\/04\/Yovivo1.jpg?resize=150%2C100&amp;ssl=1 150w, https:\/\/i0.wp.com\/eltrabajo.cl\/portal\/wp-content\/uploads\/2014\/04\/Yovivo1.jpg?resize=400%2C267&amp;ssl=1 400w\" sizes=\"auto, (max-width: 528px) 100vw, 528px\" \/><\/a><figcaption id=\"caption-attachment-45433\" class=\"wp-caption-text\">El inicio de las actividades 2014, se realiz\u00f3 en los comedores del Estadio La Pirca.<\/figcaption><\/figure>\n<p><strong>PANQUEHUE.<\/strong>&#8211; \u201cEste es un programa que se inici\u00f3 con mi gesti\u00f3n, por lo tanto tiene todo el apoyo de parte de la municipalidad\u201d, con estas palabras el Alcalde de Panquehue, Luis Pradenas, dio el vamos a las actividades del plan de integraci\u00f3n de j\u00f3venes de capacidades distintas, denominado \u2018Yo Vivo\u2019. Se trata de un proyecto apoyado por la Daem de la comuna y que tiene como objetivo trabajar en materia educativa y de integraci\u00f3n con j\u00f3venes que presentan distintas discapacidades en su aprendizaje.<\/p>\n<p>El inicio de las actividades 2014, se realiz\u00f3 en los comedores del Estadio La Pirca, lugar donde estaban los alumnos y sus familias, y que cont\u00f3 con la visita del alcalde Luis Pradenas y la Directora de la Daem, Julia Mar\u00edn.<\/p>\n<p>Jacqueline Mu\u00f1oz, educadora que forma parte de este programa, indico que a la fecha el plan lo integran doce alumnos y que existen cupos disponibles.<\/p>\n<p>\u201cNosotros como parte de este proyecto estamos muy agradecidas con el Alcalde Pradenas, pues en su administraci\u00f3n ha nacido esta iniciativa, que para nosotros es muy importante. Nosotros hacemos entrega de una serie de ense\u00f1anzas a estos alumnos y para ello es un paso muy importante en su integraci\u00f3n a la educaci\u00f3n. Aqu\u00ed ellos bailan, cantan, aprenden muchas cosas y eso debe reconocerse\u201d.<\/p>\n<p>En tanto, el edil coment\u00f3 que siente mucho aprecio por este programa y contara con todo el apoyo de la municipalidad.<\/p>\n<p>\u201cEsta es una organizaci\u00f3n que empez\u00f3 cuando yo llegue de alcalde y que llevo en mi coraz\u00f3n al dar las oportunidades a ni\u00f1os con capacidades diferentes, tal como lo se\u00f1al\u00e9 en mis palabras, todos somos diferentes, pero si debemos tener los mismos derechos, las mismas obligaciones y oportunidades, y es por ese motivo que se incentiv\u00f3 a los padres a que se organizaran y formaran una organizaci\u00f3n, donde nosotros como municipio le hacemos entrega de un lugar, el apoyo de profesionales y as\u00ed puedan desarrollar sus actividades. Por lo tanto, me siento muy contento y satisfecho con este programa\u201d.<\/p>\n<p>Durante el lanzamiento del Plan de Integraci\u00f3n Yo Vivo, los j\u00f3venes efectuaron una serie de n\u00fameros art\u00edsticos, demostrando que no por ser distintos, no son capaces de lograr importantes avances en su desarrollo. Para la se\u00f1ora Rosa S\u00e1nchez, el hecho de tener a su hijo en este programa, ha sido un avance muy importante y aprovech\u00f3 la oportunidad de agradecer todo el apoyo brindado por el Alcalde, Luis Pradenas.<\/p>\n<p>\u201cEs un muy buen programa, tienen los ni\u00f1os un gran apoyo, me gustan que est\u00e9n aqu\u00ed pues as\u00ed no est\u00e1n encerrados en sus casas, pues ah\u00ed se limitan. Cada uno de estos ni\u00f1os tiene un don, unos para manualidades, otros para el canto y otros para el deporte, por lo tanto, lo que hace el municipio es muy importante, pues para nosotros es una ayuda que permite que nuestros hijos se sientan tomados en cuenta y valorados\u201d.<\/p>\n<p>Cabe destacar que la Agrupaci\u00f3n Yo Vivo, ha participado en diferentes actividades en la regi\u00f3n y la provincia, de hecho en las recientes olimpiadas especiales, varios de ellos se adjudicaron medallas por buenos resultados, lo que demuestra el \u00e9xito de este programa.<\/p>\n<p>&nbsp;<\/p>\n","protected":false},"excerpt":{"rendered":"<p>PANQUEHUE.&#8211; \u201cEste es un programa que se inici\u00f3 con mi gesti\u00f3n, por lo tanto tiene todo el apoyo de parte de la municipalidad\u201d, con estas palabras el Alcalde de Panquehue, Luis Pradenas,&#8230;<\/p>\n","protected":false},"author":482,"featured_media":45433,"comment_status":"open","ping_status":"closed","sticky":false,"template":"","format":"standard","meta":{"advanced_seo_description":"","jetpack_seo_html_title":"","jetpack_seo_noindex":false,"_jetpack_memberships_contains_paid_content":false,"footnotes":""},"categories":[1],"tags":[],"class_list":["post-45432","post","type-post","status-publish","format-standard","has-post-thumbnail","hentry","category-cronica"],"jetpack_featured_media_url":"https:\/\/i0.wp.com\/eltrabajo.cl\/portal\/wp-content\/uploads\/2014\/04\/Yovivo1.jpg?fit=528%2C353&ssl=1","jetpack_sharing_enabled":true,"jetpack_likes_enabled":true,"jetpack-related-posts":[],"_links":{"self":[{"href":"https:\/\/eltrabajo.cl\/portal\/wp-json\/wp\/v2\/posts\/45432","targetHints":{"allow":["GET"]}}],"collection":[{"href":"https:\/\/eltrabajo.cl\/portal\/wp-json\/wp\/v2\/posts"}],"about":[{"href":"https:\/\/eltrabajo.cl\/portal\/wp-json\/wp\/v2\/types\/post"}],"author":[{"embeddable":true,"href":"https:\/\/eltrabajo.cl\/portal\/wp-json\/wp\/v2\/users\/482"}],"replies":[{"embeddable":true,"href":"https:\/\/eltrabajo.cl\/portal\/wp-json\/wp\/v2\/comments?post=45432"}],"version-history":[{"count":0,"href":"https:\/\/eltrabajo.cl\/portal\/wp-json\/wp\/v2\/posts\/45432\/revisions"}],"wp:featuredmedia":[{"embeddable":true,"href":"https:\/\/eltrabajo.cl\/portal\/wp-json\/wp\/v2\/media\/45433"}],"wp:attachment":[{"href":"https:\/\/eltrabajo.cl\/portal\/wp-json\/wp\/v2\/media?parent=45432"}],"wp:term":[{"taxonomy":"category","embeddable":true,"href":"https:\/\/eltrabajo.cl\/portal\/wp-json\/wp\/v2\/categories?post=45432"},{"taxonomy":"post_tag","embeddable":true,"href":"https:\/\/eltrabajo.cl\/portal\/wp-json\/wp\/v2\/tags?post=45432"}],"curies":[{"name":"wp","href":"https:\/\/api.w.org\/{rel}","templated":true}]}}