{"id":45454,"date":"2014-04-15T09:49:48","date_gmt":"2014-04-15T12:49:48","guid":{"rendered":"http:\/\/www.eltrabajo.cl\/portal\/?p=45454"},"modified":"2014-04-15T09:49:48","modified_gmt":"2014-04-15T12:49:48","slug":"camiones-con-ayuda-a-valparaiso-salieron-durante-la-tarde-desde-san-felipe","status":"publish","type":"post","link":"https:\/\/eltrabajo.cl\/portal\/camiones-con-ayuda-a-valparaiso-salieron-durante-la-tarde-desde-san-felipe\/","title":{"rendered":"Camiones con ayuda a Valpara\u00edso salieron durante la tarde desde San Felipe"},"content":{"rendered":"<figure id=\"attachment_45455\" aria-describedby=\"caption-attachment-45455\" style=\"width: 529px\" class=\"wp-caption alignnone\"><a href=\"https:\/\/i0.wp.com\/www.eltrabajo.cl\/portal\/wp-content\/uploads\/2014\/04\/Apoyo2.jpg\"><img data-recalc-dims=\"1\" loading=\"lazy\" decoding=\"async\" class=\"size-full wp-image-45455\" alt=\"AYUDA EN CAMINO.- Un cami\u00f3n con m\u00e1s de cuatro toneladas de alimentos no perecederos, agua y ropa y otro con varias toneladas de verduras y frutas, salieron en horas de la tarde de este lunes con destino a Valpara\u00edso.\" src=\"https:\/\/i0.wp.com\/www.eltrabajo.cl\/portal\/wp-content\/uploads\/2014\/04\/Apoyo2.jpg?resize=529%2C267\" width=\"529\" height=\"267\" srcset=\"https:\/\/i0.wp.com\/eltrabajo.cl\/portal\/wp-content\/uploads\/2014\/04\/Apoyo2.jpg?w=529&amp;ssl=1 529w, https:\/\/i0.wp.com\/eltrabajo.cl\/portal\/wp-content\/uploads\/2014\/04\/Apoyo2.jpg?resize=200%2C100&amp;ssl=1 200w, https:\/\/i0.wp.com\/eltrabajo.cl\/portal\/wp-content\/uploads\/2014\/04\/Apoyo2.jpg?resize=300%2C151&amp;ssl=1 300w, https:\/\/i0.wp.com\/eltrabajo.cl\/portal\/wp-content\/uploads\/2014\/04\/Apoyo2.jpg?resize=150%2C75&amp;ssl=1 150w, https:\/\/i0.wp.com\/eltrabajo.cl\/portal\/wp-content\/uploads\/2014\/04\/Apoyo2.jpg?resize=400%2C201&amp;ssl=1 400w\" sizes=\"auto, (max-width: 529px) 100vw, 529px\" \/><\/a><figcaption id=\"caption-attachment-45455\" class=\"wp-caption-text\">AYUDA EN CAMINO.- Un cami\u00f3n con m\u00e1s de cuatro toneladas de alimentos no perecederos, agua y ropa y otro con varias toneladas de verduras y frutas, salieron en horas de la tarde de este lunes con destino a Valpara\u00edso.<\/figcaption><\/figure>\n<p>Un cami\u00f3n con m\u00e1s de cuatro toneladas de alimentos no perecederos, agua y ropa y otro con varias toneladas de verduras y frutas, salieron en horas de la tarde de este lunes con destino a Valpara\u00edso, con el objetivo de ir en ayuda de los damnificados por el devastador incendio que ha afectado a varios sectores de la capital regional.<\/p>\n<p>Uno de los camiones llevaba parte de los aportes que entregaron los vecinos durante la campa\u00f1a impulsada por la Municipalidad de San Felipe el domingo reci\u00e9n pasado, consistente en ropa, agua y alimentos no perecederos, productos que fueron seleccionados y cargados en el cami\u00f3n en horas de la ma\u00f1ana de este lunes en dependencias del Colegio de Profesores.<\/p>\n<figure id=\"attachment_45456\" aria-describedby=\"caption-attachment-45456\" style=\"width: 423px\" class=\"wp-caption alignright\"><a href=\"https:\/\/i0.wp.com\/www.eltrabajo.cl\/portal\/wp-content\/uploads\/2014\/04\/Apoyo1.jpg\"><img data-recalc-dims=\"1\" loading=\"lazy\" decoding=\"async\" class=\" wp-image-45456 \" alt=\"VOLUNTARIOS.- Muchos continuaron ayudando este lunes, dejando su aporte en estos lugares, ayuda que contin\u00faa enfocada en alimentos no perecederos.\" src=\"https:\/\/i0.wp.com\/www.eltrabajo.cl\/portal\/wp-content\/uploads\/2014\/04\/Apoyo1.jpg?resize=423%2C236\" width=\"423\" height=\"236\" srcset=\"https:\/\/i0.wp.com\/eltrabajo.cl\/portal\/wp-content\/uploads\/2014\/04\/Apoyo1.jpg?w=529&amp;ssl=1 529w, https:\/\/i0.wp.com\/eltrabajo.cl\/portal\/wp-content\/uploads\/2014\/04\/Apoyo1.jpg?resize=200%2C111&amp;ssl=1 200w, https:\/\/i0.wp.com\/eltrabajo.cl\/portal\/wp-content\/uploads\/2014\/04\/Apoyo1.jpg?resize=300%2C167&amp;ssl=1 300w, https:\/\/i0.wp.com\/eltrabajo.cl\/portal\/wp-content\/uploads\/2014\/04\/Apoyo1.jpg?resize=150%2C83&amp;ssl=1 150w, https:\/\/i0.wp.com\/eltrabajo.cl\/portal\/wp-content\/uploads\/2014\/04\/Apoyo1.jpg?resize=400%2C223&amp;ssl=1 400w\" sizes=\"auto, (max-width: 423px) 100vw, 423px\" \/><\/a><figcaption id=\"caption-attachment-45456\" class=\"wp-caption-text\">VOLUNTARIOS.- Muchos continuaron ayudando este lunes, dejando su aporte en estos lugares, ayuda que contin\u00faa enfocada en alimentos no perecederos.<\/figcaption><\/figure>\n<p>El otro cami\u00f3n iba cargado con frutas y verduras que la Asociaci\u00f3n de Feriantes Mayoristas, Afema, aport\u00f3 para ir en ayuda de los vecinos de Valpara\u00edso a lo que se sum\u00f3 una de las camionetas de la municipalidad que tambi\u00e9n llevaba ropa de invierno, agua y alimentos no perecederos.<\/p>\n<p>La caravana parti\u00f3 cerca de las 17:00 horas y fue despedida por el Alcalde Patricio Freire, quien destac\u00f3 y agradeci\u00f3 todo el aporte que realizaron los sanfelipe\u00f1os, los que durante todo el d\u00eda domingo llegaron hasta el municipio, al Colegio de Profesores o a la Cruz Roja para entregar su aporte, principalmente en ropa.<\/p>\n<p>Muchos continuaron ayudando este lunes, dejando su aporte en estos lugares, ayuda que contin\u00faa enfocada en alimentos no perecederos, agua, pa\u00f1ales de adultos y ni\u00f1os y frazadas, la que ser\u00e1 recibida durante esta semana.<\/p>\n<p>\u201cEstamos recibiendo agua, y lo que nos piden son alimentos no perecederos, art\u00edculos de aseo, pa\u00f1ales de adultos y ni\u00f1os, esto es lo que m\u00e1s necesitan y estamos enviando a Valpara\u00edso\u201d, dijo el jefe comunal.<\/p>\n<p><strong>APOYO EN TERRENO<\/strong><\/p>\n<p>Asimismo, para ir en apoyo de los habitantes afectados por el devastador incendio, profesionales de la Direcci\u00f3n de Desarrollo Comunitario se trasladaron en las primeras horas de este lunes para apoyar el trabajo en terreno y realizar el catastro de los vecinos afectados.<\/p>\n<p><strong>\u00a0GRAN ZUMBAT\u00d3N<\/strong><\/p>\n<p>Adem\u00e1s, el Departamento de Deportes y la Direcci\u00f3n de Salud de la Municipalidad de San Felipe, est\u00e1n organizando una zumbat\u00f3n para el pr\u00f3ximo domingo 27 de abril, en el gimnasio del Liceo Roberto Humeres, desde las 17:00 horas.<\/p>\n<p>\u201cHaremos una gran zumbat\u00f3n donde se juntar\u00e1n los instructores de San Felipe y Los Andes, m\u00e1s algunos grupos que tienen m\u00fasica de zumba y estamos trabajando con Pablo Osorio, que es nuestro profesor de zumba de San Felipe y la idea es reunir mil amigos, as\u00ed le hemos llamado a la actividad, de manera que esperamos que vayan mil personas pagando un aporte m\u00ednimo de $1000 para poder tener dinero y tambi\u00e9n recolectar productos\u201d, se\u00f1al\u00f3 Danilo Pe\u00f1a, Coordinador de Deportes del municipio.<\/p>\n<p><strong>LLAMADO A\u00a0LOS J\u00d3VENES<\/strong><\/p>\n<p>En tanto, la Oficina Municipal de la Juventud est\u00e1 realizando un llamado para este martes a todos j\u00f3venes de San Felipe, a participar en una reuni\u00f3n que buscar organizar trabajos voluntarios durante este fin de semana.<\/p>\n<p>\u201cEsto va a ir en ayuda directa de las familias afectadas por este incendio en Valpara\u00edso, la convocatoria es para el martes, a las 12:00 horas en el Sal\u00f3n de Honor de la Municipalidad y esperamos que asistan la mayor cantidad de j\u00f3venes que est\u00e9n dispuestos a entregar su trabajo y su tiempo para ir en ayuda de los vecinos de Valpara\u00edso\u201d, inform\u00f3 Sabina Castro, Encargada de la Oficina Municipal de la Juventud.<\/p>\n<p>&nbsp;<\/p>\n","protected":false},"excerpt":{"rendered":"<p>Un cami\u00f3n con m\u00e1s de cuatro toneladas de alimentos no perecederos, agua y ropa y otro con varias toneladas de verduras y frutas, salieron en horas de la tarde de este lunes&#8230;<\/p>\n","protected":false},"author":482,"featured_media":45455,"comment_status":"open","ping_status":"closed","sticky":false,"template":"","format":"standard","meta":{"advanced_seo_description":"","jetpack_seo_html_title":"","jetpack_seo_noindex":false,"_jetpack_memberships_contains_paid_content":false,"footnotes":""},"categories":[15],"tags":[],"class_list":["post-45454","post","type-post","status-publish","format-standard","has-post-thumbnail","hentry","category-comunidad"],"jetpack_featured_media_url":"https:\/\/i0.wp.com\/eltrabajo.cl\/portal\/wp-content\/uploads\/2014\/04\/Apoyo2.jpg?fit=529%2C267&ssl=1","jetpack_sharing_enabled":true,"jetpack_likes_enabled":true,"jetpack-related-posts":[],"_links":{"self":[{"href":"https:\/\/eltrabajo.cl\/portal\/wp-json\/wp\/v2\/posts\/45454","targetHints":{"allow":["GET"]}}],"collection":[{"href":"https:\/\/eltrabajo.cl\/portal\/wp-json\/wp\/v2\/posts"}],"about":[{"href":"https:\/\/eltrabajo.cl\/portal\/wp-json\/wp\/v2\/types\/post"}],"author":[{"embeddable":true,"href":"https:\/\/eltrabajo.cl\/portal\/wp-json\/wp\/v2\/users\/482"}],"replies":[{"embeddable":true,"href":"https:\/\/eltrabajo.cl\/portal\/wp-json\/wp\/v2\/comments?post=45454"}],"version-history":[{"count":0,"href":"https:\/\/eltrabajo.cl\/portal\/wp-json\/wp\/v2\/posts\/45454\/revisions"}],"wp:featuredmedia":[{"embeddable":true,"href":"https:\/\/eltrabajo.cl\/portal\/wp-json\/wp\/v2\/media\/45455"}],"wp:attachment":[{"href":"https:\/\/eltrabajo.cl\/portal\/wp-json\/wp\/v2\/media?parent=45454"}],"wp:term":[{"taxonomy":"category","embeddable":true,"href":"https:\/\/eltrabajo.cl\/portal\/wp-json\/wp\/v2\/categories?post=45454"},{"taxonomy":"post_tag","embeddable":true,"href":"https:\/\/eltrabajo.cl\/portal\/wp-json\/wp\/v2\/tags?post=45454"}],"curies":[{"name":"wp","href":"https:\/\/api.w.org\/{rel}","templated":true}]}}