{"id":45459,"date":"2014-04-15T09:52:28","date_gmt":"2014-04-15T12:52:28","guid":{"rendered":"http:\/\/www.eltrabajo.cl\/portal\/?p=45459"},"modified":"2014-04-15T09:52:28","modified_gmt":"2014-04-15T12:52:28","slug":"director-del-servicio-de-salud-aconcagua-alejandro-cardenas-en-mi-administracion-recuperaremos-los-niveles-de-inversion-que-hasta-2009-teniamos","status":"publish","type":"post","link":"https:\/\/eltrabajo.cl\/portal\/director-del-servicio-de-salud-aconcagua-alejandro-cardenas-en-mi-administracion-recuperaremos-los-niveles-de-inversion-que-hasta-2009-teniamos\/","title":{"rendered":"Director del Servicio de Salud Aconcagua, Alejandro C\u00e1rdenas: \u00abEn mi administraci\u00f3n recuperaremos los niveles de inversi\u00f3n que hasta 2009 ten\u00edamos\u00bb"},"content":{"rendered":"<figure id=\"attachment_45460\" aria-describedby=\"caption-attachment-45460\" style=\"width: 317px\" class=\"wp-caption alignleft\"><a href=\"https:\/\/i0.wp.com\/www.eltrabajo.cl\/portal\/wp-content\/uploads\/2014\/04\/Alejandro-Cardenas.jpg\"><img data-recalc-dims=\"1\" loading=\"lazy\" decoding=\"async\" class=\" wp-image-45460 \" alt=\"Director del Servicio de Salud Aconcagua, Alejandro C\u00e1rdenas.\" src=\"https:\/\/i0.wp.com\/www.eltrabajo.cl\/portal\/wp-content\/uploads\/2014\/04\/Alejandro-Cardenas.jpg?resize=317%2C307\" width=\"317\" height=\"307\" srcset=\"https:\/\/i0.wp.com\/eltrabajo.cl\/portal\/wp-content\/uploads\/2014\/04\/Alejandro-Cardenas.jpg?w=529&amp;ssl=1 529w, https:\/\/i0.wp.com\/eltrabajo.cl\/portal\/wp-content\/uploads\/2014\/04\/Alejandro-Cardenas.jpg?resize=155%2C150&amp;ssl=1 155w, https:\/\/i0.wp.com\/eltrabajo.cl\/portal\/wp-content\/uploads\/2014\/04\/Alejandro-Cardenas.jpg?resize=150%2C144&amp;ssl=1 150w, https:\/\/i0.wp.com\/eltrabajo.cl\/portal\/wp-content\/uploads\/2014\/04\/Alejandro-Cardenas.jpg?resize=400%2C386&amp;ssl=1 400w\" sizes=\"auto, (max-width: 317px) 100vw, 317px\" \/><\/a><figcaption id=\"caption-attachment-45460\" class=\"wp-caption-text\">Director del Servicio de Salud Aconcagua, Alejandro C\u00e1rdenas.<\/figcaption><\/figure>\n<p>Acompa\u00f1ado del Diputado Marco Antonio N\u00fa\u00f1ez, el Director del Servicio de Salud Aconcagua expres\u00f3 que sus esfuerzos estar\u00e1n dirigidos a fortalecer la red de Atenci\u00f3n Primaria de Salud y a un estudio de pre-inversi\u00f3n del Hospital San Camilo.<\/p>\n<p>En visita a las obras del nuevo Centro de Salud Familiar Centenario y acompa\u00f1ado por el Diputado Marco Antonio N\u00fa\u00f1ez, el Concejal de Los Andes Benigno Retamal y el Presidente de la Federaci\u00f3n Asociaci\u00f3n de Funcionarios de Salud Municipal de Los Andes, Manuel Gana y el Director del Servicio de Salud Aconcagua, Alejandro C\u00e1rdenas, se\u00f1al\u00f3 que en su administraci\u00f3n una de las prioridades ser\u00e1 recuperar los niveles de inversi\u00f3n hist\u00f3rica que el servicio sostuvo hasta el a\u00f1o 2009 en la red de atenci\u00f3n primaria de salud y hospitalaria.<\/p>\n<p>El profesional agreg\u00f3 que ya recibi\u00f3 una cartera de proyectos de inversi\u00f3n la que recomienda postular tres Servicios de Alta Resolutividad y la construcci\u00f3n de nuevos consultorios en Putaendo, Rinconada y San Esteban, adem\u00e1s de los que se encuentran pr\u00f3ximos a iniciar obras en las comunas de Calle Larga y Panquehue. A su vez, dijo que se har\u00e1 un estudio de pre inversi\u00f3n del hospital San Camilo con el objetivo de realizar una normalizaci\u00f3n similar a la efectuada en el hospital San Juan de Dios de Los Andes.<\/p>\n<p>\u00abJunto al Diputado Dr. Marco Antonio N\u00fa\u00f1ez; al Concejal de Los Andes Benigno Retamal y al Presidente de la Federaci\u00f3n Asociaci\u00f3n de Funcionarios de Salud Municipal de Los Andes, Manuel Gana, vinimos a visitar el t\u00e9rmino de obras del nuevo Centro de Salud Familiar Centenario que pr\u00f3ximamente entregaremos a la comunidad. Terminar este proyecto y ejecutar otros que est\u00e1n pendientes para fortalecer la red de atenci\u00f3n primaria de salud, va en la direcci\u00f3n de los compromisos de gobierno de la Presidenta Bachelet y que la Ministra de Salud nos ha indicado\u00bb.<\/p>\n<figure id=\"attachment_45461\" aria-describedby=\"caption-attachment-45461\" style=\"width: 370px\" class=\"wp-caption alignright\"><a href=\"https:\/\/i0.wp.com\/www.eltrabajo.cl\/portal\/wp-content\/uploads\/2014\/04\/Funcionarios1.jpg\"><img data-recalc-dims=\"1\" loading=\"lazy\" decoding=\"async\" class=\" wp-image-45461 \" alt=\"Acompa\u00f1ado del Diputado Marco Antonio N\u00fa\u00f1ez, el Director del Servicio de Salud Aconcagua expres\u00f3 que sus esfuerzos estar\u00e1n dirigidos a fortalecer la red de Atenci\u00f3n Primaria de Salud.\" src=\"https:\/\/i0.wp.com\/www.eltrabajo.cl\/portal\/wp-content\/uploads\/2014\/04\/Funcionarios1.jpg?resize=370%2C254\" width=\"370\" height=\"254\" srcset=\"https:\/\/i0.wp.com\/eltrabajo.cl\/portal\/wp-content\/uploads\/2014\/04\/Funcionarios1.jpg?w=529&amp;ssl=1 529w, https:\/\/i0.wp.com\/eltrabajo.cl\/portal\/wp-content\/uploads\/2014\/04\/Funcionarios1.jpg?resize=200%2C137&amp;ssl=1 200w, https:\/\/i0.wp.com\/eltrabajo.cl\/portal\/wp-content\/uploads\/2014\/04\/Funcionarios1.jpg?resize=300%2C205&amp;ssl=1 300w, https:\/\/i0.wp.com\/eltrabajo.cl\/portal\/wp-content\/uploads\/2014\/04\/Funcionarios1.jpg?resize=150%2C102&amp;ssl=1 150w, https:\/\/i0.wp.com\/eltrabajo.cl\/portal\/wp-content\/uploads\/2014\/04\/Funcionarios1.jpg?resize=400%2C274&amp;ssl=1 400w\" sizes=\"auto, (max-width: 370px) 100vw, 370px\" \/><\/a><figcaption id=\"caption-attachment-45461\" class=\"wp-caption-text\">Acompa\u00f1ado del Diputado Marco Antonio N\u00fa\u00f1ez, el Director del Servicio de Salud Aconcagua expres\u00f3 que sus esfuerzos estar\u00e1n dirigidos a fortalecer la red de Atenci\u00f3n Primaria de Salud.<\/figcaption><\/figure>\n<p>\u00abEn estos d\u00edas he recibido una cartera de inversi\u00f3n para la construcci\u00f3n de Servicios de Alta Resolutividad, el inicio de obras de un nuevo establecimiento en Calle Larga y Panquehue y apoyar los proyectos de las comunas de Rinconada, San Esteban y Putaendo, adem\u00e1s de evaluar la instalaci\u00f3n de nuevos dispositivos de salud primaria en lugares que han tenido un aumento poblacional importante. De la misma manera, presentaremos un estudio preinversional para el hospital San Camilo con el prop\u00f3sito de modernizarlo, incluir nuevas \u00e1reas cl\u00ednica, equipamiento y otros dispositivos que respondan a los requerimientos de sus usuarios. Ese es mi inter\u00e9s, En mi administraci\u00f3n recuperaremos los niveles de inversi\u00f3n que hasta el a\u00f1o 2009 tuvo el Servicio de Salud Aconcagua\u00bb, concluy\u00f3 C\u00e1rdenas.<\/p>\n<p>Finalmente, el Diputado N\u00fa\u00f1ez expres\u00f3 que \u00abfortalecer la red de salud p\u00fablica es uno de los compromisos del Programa de Gobierno, por lo tanto, estar\u00e9 al servicio del Director del Servicio de Salud Aconcagua, de las autoridades municipales, de la comunidad y de sus organizaciones, para que en estos cuatro a\u00f1os Aconcagua sea l\u00edder en combatir las desigualdades\u00bb.<\/p>\n<p>&nbsp;<\/p>\n","protected":false},"excerpt":{"rendered":"<p>Acompa\u00f1ado del Diputado Marco Antonio N\u00fa\u00f1ez, el Director del Servicio de Salud Aconcagua expres\u00f3 que sus esfuerzos estar\u00e1n dirigidos a fortalecer la red de Atenci\u00f3n Primaria de Salud y a un estudio&#8230;<\/p>\n","protected":false},"author":482,"featured_media":45460,"comment_status":"open","ping_status":"closed","sticky":false,"template":"","format":"standard","meta":{"advanced_seo_description":"","jetpack_seo_html_title":"","jetpack_seo_noindex":false,"_jetpack_memberships_contains_paid_content":false,"footnotes":""},"categories":[1],"tags":[],"class_list":["post-45459","post","type-post","status-publish","format-standard","has-post-thumbnail","hentry","category-cronica"],"jetpack_featured_media_url":"https:\/\/i0.wp.com\/eltrabajo.cl\/portal\/wp-content\/uploads\/2014\/04\/Alejandro-Cardenas.jpg?fit=529%2C511&ssl=1","jetpack_sharing_enabled":true,"jetpack_likes_enabled":true,"jetpack-related-posts":[],"_links":{"self":[{"href":"https:\/\/eltrabajo.cl\/portal\/wp-json\/wp\/v2\/posts\/45459","targetHints":{"allow":["GET"]}}],"collection":[{"href":"https:\/\/eltrabajo.cl\/portal\/wp-json\/wp\/v2\/posts"}],"about":[{"href":"https:\/\/eltrabajo.cl\/portal\/wp-json\/wp\/v2\/types\/post"}],"author":[{"embeddable":true,"href":"https:\/\/eltrabajo.cl\/portal\/wp-json\/wp\/v2\/users\/482"}],"replies":[{"embeddable":true,"href":"https:\/\/eltrabajo.cl\/portal\/wp-json\/wp\/v2\/comments?post=45459"}],"version-history":[{"count":0,"href":"https:\/\/eltrabajo.cl\/portal\/wp-json\/wp\/v2\/posts\/45459\/revisions"}],"wp:featuredmedia":[{"embeddable":true,"href":"https:\/\/eltrabajo.cl\/portal\/wp-json\/wp\/v2\/media\/45460"}],"wp:attachment":[{"href":"https:\/\/eltrabajo.cl\/portal\/wp-json\/wp\/v2\/media?parent=45459"}],"wp:term":[{"taxonomy":"category","embeddable":true,"href":"https:\/\/eltrabajo.cl\/portal\/wp-json\/wp\/v2\/categories?post=45459"},{"taxonomy":"post_tag","embeddable":true,"href":"https:\/\/eltrabajo.cl\/portal\/wp-json\/wp\/v2\/tags?post=45459"}],"curies":[{"name":"wp","href":"https:\/\/api.w.org\/{rel}","templated":true}]}}