{"id":45479,"date":"2014-04-16T09:18:05","date_gmt":"2014-04-16T12:18:05","guid":{"rendered":"http:\/\/www.eltrabajo.cl\/portal\/?p=45479"},"modified":"2014-04-16T09:18:05","modified_gmt":"2014-04-16T12:18:05","slug":"bomberos-cruzrojistas-y-alumnos-del-max-salas-con-nota-7-en-solidaridad","status":"publish","type":"post","link":"https:\/\/eltrabajo.cl\/portal\/bomberos-cruzrojistas-y-alumnos-del-max-salas-con-nota-7-en-solidaridad\/","title":{"rendered":"Bomberos, cruzrojistas y alumnos del Max Salas con Nota 7 en Solidaridad"},"content":{"rendered":"<figure id=\"attachment_45480\" aria-describedby=\"caption-attachment-45480\" style=\"width: 528px\" class=\"wp-caption alignnone\"><a href=\"https:\/\/i0.wp.com\/www.eltrabajo.cl\/portal\/wp-content\/uploads\/2014\/04\/Roja1.jpg\"><img data-recalc-dims=\"1\" loading=\"lazy\" decoding=\"async\" class=\"size-full wp-image-45480\" alt=\"Las voluntarias de la Cruz Roja de Los Andes est\u00e1n con las pilas bien puestas durante las largas jornadas de trabajo social.\" src=\"https:\/\/i0.wp.com\/www.eltrabajo.cl\/portal\/wp-content\/uploads\/2014\/04\/Roja1.jpg?resize=528%2C401\" width=\"528\" height=\"401\" srcset=\"https:\/\/i0.wp.com\/eltrabajo.cl\/portal\/wp-content\/uploads\/2014\/04\/Roja1.jpg?w=528&amp;ssl=1 528w, https:\/\/i0.wp.com\/eltrabajo.cl\/portal\/wp-content\/uploads\/2014\/04\/Roja1.jpg?resize=197%2C150&amp;ssl=1 197w, https:\/\/i0.wp.com\/eltrabajo.cl\/portal\/wp-content\/uploads\/2014\/04\/Roja1.jpg?resize=300%2C227&amp;ssl=1 300w, https:\/\/i0.wp.com\/eltrabajo.cl\/portal\/wp-content\/uploads\/2014\/04\/Roja1.jpg?resize=150%2C113&amp;ssl=1 150w, https:\/\/i0.wp.com\/eltrabajo.cl\/portal\/wp-content\/uploads\/2014\/04\/Roja1.jpg?resize=400%2C303&amp;ssl=1 400w\" sizes=\"auto, (max-width: 528px) 100vw, 528px\" \/><\/a><figcaption id=\"caption-attachment-45480\" class=\"wp-caption-text\">Las voluntarias de la Cruz Roja de Los Andes est\u00e1n con las pilas bien puestas durante las largas jornadas de trabajo social.<\/figcaption><\/figure>\n<p><strong>LOS ANDES \u2013<\/strong> Los andinos est\u00e1n a toda m\u00e1quina en direcciones productivas que lleven alivio a nuestros hermanos en Valpara\u00edso, por ejemplo de aqu\u00ed hasta el d\u00eda viernes el Cuerpo de Bomberos de Los Andes focalizar\u00e1 la recolecci\u00f3n de alimentos, v\u00edveres, ropa y muebles para ir en ayuda de doce familias de voluntarios del Cuerpo de Bomberos de Valpara\u00edso que perdieron todas sus cosas en el incendio.<\/p>\n<p>Tambi\u00e9n durante esta semana toda la comunidad educativa, alumnos y apoderados del Liceo Max Salas March\u00e1n junto la Comunidad de la Escuela La Pampilla de Calle Larga, llevar\u00e1n adelante una campa\u00f1a para reunir ayuda para los damnificados del incendio en Valpara\u00edso. Adem\u00e1s de estos esfuerzos y luego del arduo trabajo desplegado el d\u00eda domingo por sus voluntarios, la Cruz Roja de Los Andes comenz\u00f3 a recepcionar ayuda para los damnificados en su sede ubicada en Calle Membrillar N\u00ba 99.<\/p>\n<figure id=\"attachment_45481\" aria-describedby=\"caption-attachment-45481\" style=\"width: 317px\" class=\"wp-caption alignright\"><a href=\"https:\/\/i0.wp.com\/www.eltrabajo.cl\/portal\/wp-content\/uploads\/2014\/04\/francisco-castillo.jpg\"><img data-recalc-dims=\"1\" loading=\"lazy\" decoding=\"async\" class=\" wp-image-45481 \" alt=\"Superintendente del Cuerpo de Bomberos de Los Andes, Francisco Castillo L\u00f3pez.\" src=\"https:\/\/i0.wp.com\/www.eltrabajo.cl\/portal\/wp-content\/uploads\/2014\/04\/francisco-castillo.jpg?resize=317%2C215\" width=\"317\" height=\"215\" srcset=\"https:\/\/i0.wp.com\/eltrabajo.cl\/portal\/wp-content\/uploads\/2014\/04\/francisco-castillo.jpg?w=529&amp;ssl=1 529w, https:\/\/i0.wp.com\/eltrabajo.cl\/portal\/wp-content\/uploads\/2014\/04\/francisco-castillo.jpg?resize=200%2C135&amp;ssl=1 200w, https:\/\/i0.wp.com\/eltrabajo.cl\/portal\/wp-content\/uploads\/2014\/04\/francisco-castillo.jpg?resize=300%2C203&amp;ssl=1 300w, https:\/\/i0.wp.com\/eltrabajo.cl\/portal\/wp-content\/uploads\/2014\/04\/francisco-castillo.jpg?resize=150%2C101&amp;ssl=1 150w, https:\/\/i0.wp.com\/eltrabajo.cl\/portal\/wp-content\/uploads\/2014\/04\/francisco-castillo.jpg?resize=400%2C270&amp;ssl=1 400w\" sizes=\"auto, (max-width: 317px) 100vw, 317px\" \/><\/a><figcaption id=\"caption-attachment-45481\" class=\"wp-caption-text\">Superintendente del Cuerpo de Bomberos de Los Andes, Francisco Castillo L\u00f3pez.<\/figcaption><\/figure>\n<p>El Superintendente del Cuerpo de Bomberos de Los Andes, Francisco Castillo L\u00f3pez, record\u00f3 que la instituci\u00f3n ya envi\u00f3 tres camiones con ayuda y ahora esperan focalizar el trabajo de recolecci\u00f3n en esos doce voluntarios porte\u00f1os que lo perdieron todo y que aun as\u00ed han continuado combatiendo el incendio a pesar del drama que est\u00e1n viviendo. En este sentido, el superintendente dijo que lo que m\u00e1s se requiere es ropa de cama, ropa de vestir, cunas, camas y todo tipo de muebles que permitan habilitar una casa.<\/p>\n<p><strong>\u00a0CAMPA\u00d1AS\u00a0FOCALIZADAS<\/strong><\/p>\n<p>La campa\u00f1a del Max Salas ir\u00e1 en directo beneficio de 50 familias de la comunidad educativa del Instituto Mar\u00edtimo de Valpara\u00edso, que perdieron todo en esta tragedia. Esta iniciativa solidaria contempla ropa interior nueva; calcetines; pasta dental y cepillo de dientes; jab\u00f3n y shampoo; caf\u00e9, agua y t\u00e9, leche, cuadernos y l\u00e1pices, juguetes de ni\u00f1as y ni\u00f1os, frazadas, pa\u00f1ales y toallas higi\u00e9nicas, papel higi\u00e9nico y v\u00edveres no perecederos, adem\u00e1s de otros materiales que puedan contribuir a apaliar los da\u00f1os que el incendio provoc\u00f3.<\/p>\n<p>Los interesados en colaborar pueden llevar sus aportes tanto a Liceo Max Salas ubicado en avenida Chacabuco o bien a la Escuela La Pampilla en Calle Larga.<\/p>\n<p>La Cruz Roja inform\u00f3 por su parte que se pueden hacer contribuciones en dinero a la cuenta corriente del Banco Estado a nombre de Cruz Roja Chilena N\u00ba 362883, a la Cuenta Rut 70512100-1.<\/p>\n<p>&nbsp;<\/p>\n","protected":false},"excerpt":{"rendered":"<p>LOS ANDES \u2013 Los andinos est\u00e1n a toda m\u00e1quina en direcciones productivas que lleven alivio a nuestros hermanos en Valpara\u00edso, por ejemplo de aqu\u00ed hasta el d\u00eda viernes el Cuerpo de Bomberos&#8230;<\/p>\n","protected":false},"author":482,"featured_media":45480,"comment_status":"open","ping_status":"closed","sticky":false,"template":"","format":"standard","meta":{"advanced_seo_description":"","jetpack_seo_html_title":"","jetpack_seo_noindex":false,"_jetpack_memberships_contains_paid_content":false,"footnotes":""},"categories":[15],"tags":[],"class_list":["post-45479","post","type-post","status-publish","format-standard","has-post-thumbnail","hentry","category-comunidad"],"jetpack_featured_media_url":"https:\/\/i0.wp.com\/eltrabajo.cl\/portal\/wp-content\/uploads\/2014\/04\/Roja1.jpg?fit=528%2C401&ssl=1","jetpack_sharing_enabled":true,"jetpack_likes_enabled":true,"jetpack-related-posts":[],"_links":{"self":[{"href":"https:\/\/eltrabajo.cl\/portal\/wp-json\/wp\/v2\/posts\/45479","targetHints":{"allow":["GET"]}}],"collection":[{"href":"https:\/\/eltrabajo.cl\/portal\/wp-json\/wp\/v2\/posts"}],"about":[{"href":"https:\/\/eltrabajo.cl\/portal\/wp-json\/wp\/v2\/types\/post"}],"author":[{"embeddable":true,"href":"https:\/\/eltrabajo.cl\/portal\/wp-json\/wp\/v2\/users\/482"}],"replies":[{"embeddable":true,"href":"https:\/\/eltrabajo.cl\/portal\/wp-json\/wp\/v2\/comments?post=45479"}],"version-history":[{"count":0,"href":"https:\/\/eltrabajo.cl\/portal\/wp-json\/wp\/v2\/posts\/45479\/revisions"}],"wp:featuredmedia":[{"embeddable":true,"href":"https:\/\/eltrabajo.cl\/portal\/wp-json\/wp\/v2\/media\/45480"}],"wp:attachment":[{"href":"https:\/\/eltrabajo.cl\/portal\/wp-json\/wp\/v2\/media?parent=45479"}],"wp:term":[{"taxonomy":"category","embeddable":true,"href":"https:\/\/eltrabajo.cl\/portal\/wp-json\/wp\/v2\/categories?post=45479"},{"taxonomy":"post_tag","embeddable":true,"href":"https:\/\/eltrabajo.cl\/portal\/wp-json\/wp\/v2\/tags?post=45479"}],"curies":[{"name":"wp","href":"https:\/\/api.w.org\/{rel}","templated":true}]}}