{"id":45488,"date":"2014-04-16T09:20:26","date_gmt":"2014-04-16T12:20:26","guid":{"rendered":"http:\/\/www.eltrabajo.cl\/portal\/?p=45488"},"modified":"2014-04-16T09:20:26","modified_gmt":"2014-04-16T12:20:26","slug":"directora-de-escuela-almendral-entrego-su-informe-de-gestion-2013","status":"publish","type":"post","link":"https:\/\/eltrabajo.cl\/portal\/directora-de-escuela-almendral-entrego-su-informe-de-gestion-2013\/","title":{"rendered":"Directora de Escuela Almendral entreg\u00f3 su informe de gesti\u00f3n 2013"},"content":{"rendered":"<figure id=\"attachment_45489\" aria-describedby=\"caption-attachment-45489\" style=\"width: 529px\" class=\"wp-caption alignnone\"><a href=\"https:\/\/i0.wp.com\/www.eltrabajo.cl\/portal\/wp-content\/uploads\/2014\/04\/escuela-almendral.jpg\"><img data-recalc-dims=\"1\" loading=\"lazy\" decoding=\"async\" class=\"size-full wp-image-45489\" alt=\"Comunidad educativa de la Escuela Almendral, dirigida por Wilta Berr\u00edos que entreg\u00f3 su cuenta de gesti\u00f3n. \" src=\"https:\/\/i0.wp.com\/www.eltrabajo.cl\/portal\/wp-content\/uploads\/2014\/04\/escuela-almendral.jpg?resize=529%2C280\" width=\"529\" height=\"280\" srcset=\"https:\/\/i0.wp.com\/eltrabajo.cl\/portal\/wp-content\/uploads\/2014\/04\/escuela-almendral.jpg?w=529&amp;ssl=1 529w, https:\/\/i0.wp.com\/eltrabajo.cl\/portal\/wp-content\/uploads\/2014\/04\/escuela-almendral.jpg?resize=200%2C105&amp;ssl=1 200w, https:\/\/i0.wp.com\/eltrabajo.cl\/portal\/wp-content\/uploads\/2014\/04\/escuela-almendral.jpg?resize=300%2C158&amp;ssl=1 300w, https:\/\/i0.wp.com\/eltrabajo.cl\/portal\/wp-content\/uploads\/2014\/04\/escuela-almendral.jpg?resize=150%2C79&amp;ssl=1 150w, https:\/\/i0.wp.com\/eltrabajo.cl\/portal\/wp-content\/uploads\/2014\/04\/escuela-almendral.jpg?resize=400%2C211&amp;ssl=1 400w\" sizes=\"auto, (max-width: 529px) 100vw, 529px\" \/><\/a><figcaption id=\"caption-attachment-45489\" class=\"wp-caption-text\">Comunidad educativa de la Escuela Almendral, dirigida por Wilta Berr\u00edos que entreg\u00f3 su cuenta de gesti\u00f3n.<\/figcaption><\/figure>\n<p>Como ya es una tradici\u00f3n en los establecimientos educacionales municipalizados, la Direcci\u00f3n de la Escuela Almendral dio a conocer a la comunidad escolar su informe de gesti\u00f3n del a\u00f1o 2013.<\/p>\n<p>Ante una importante cantidad de padres y apoderados, m\u00e1s la totalidad del cuerpo docente, Wilta Berr\u00edos Oyanadel, Directora del establecimiento, expuso los principales logros y avances de la comunidad educativa en las distintas \u00e1reas, que abarcan desde gesti\u00f3n pedag\u00f3gica, convivencia escolar y liderazgo entre otras.<\/p>\n<p>Para lo anterior, se busca hacer part\u00edcipe a toda la comunidad de El Almendral, considerando en su totalidad a las instituciones, las que incluyen directivas de juntas de vecinos, apoderados, clubes deportivos, para que todos conocieran la gesti\u00f3n que diariamente realizan los docentes al interior de las aulas.<\/p>\n<p>En la oportunidad, Wilta Berr\u00edos, Directora de la escuela, realiz\u00f3 un balance muy positivo, lo que a su juicio \u201cse ve directamente reflejado en el aumento de nuestras matr\u00edculas, llegando en la actualidad a casi doscientos alumnos, y esperamos seguir increment\u00e1ndola, por lo que aprovecho la oportunidad de agradecer a toda la comunidad de El Almendral y sus alrededores, la confianza que nos entregan, destacando fundamentalmente la gesti\u00f3n curricular, y especialmente la convivencia escolar\u201d.<\/p>\n<p>Como desaf\u00edos la directora plante\u00f3 mejorar la calidad de los aprendizajes y elevar los resultados de la prueba Simce, entre otros aspectos.<\/p>\n<p>\u201cContinuar subiendo la matr\u00edcula, para con esto lograr que nuestros apoderados contin\u00faen con la certeza que sus hijos est\u00e1n en un lugar seguro, desde que ingresan a las siete de la ma\u00f1ana, hasta que se retiran pasada las diecis\u00e9is horas, pudiendo as\u00ed desarrollar confiadamente sus jornadas escolares, estando muy bien atendidos en lo pedag\u00f3gico, bien alimentados y muy bien cuidados, desarroll\u00e1ndose como alumnos, ciudadanos y futuras personas que van a prestar un positivo servicio a nuestra ciudad\u201d, acot\u00f3 Berr\u00edos.<\/p>\n<p>Tambi\u00e9n se destac\u00f3 el trabajo en equipo, centralizando los esfuerzos en los estudiantes al afrontar las dificultades, conjuntamente con los apoderados, haci\u00e9ndolos part\u00edcipes de la educaci\u00f3n de sus hijos y empoderando a los ni\u00f1os y ni\u00f1as que se les educa para la vida.<\/p>\n<p>\u201cPor lo que es fundamental poder contar siempre con la participaci\u00f3n de nuestros apoderados, haci\u00e9ndoles sentir la importancia de la participaci\u00f3n de la familia, caracter\u00edstica de una zona con tanta tradici\u00f3n familiar como es El Almendral\u201d, enfatiz\u00f3 la directora.<\/p>\n<p>&nbsp;<\/p>\n","protected":false},"excerpt":{"rendered":"<p>Como ya es una tradici\u00f3n en los establecimientos educacionales municipalizados, la Direcci\u00f3n de la Escuela Almendral dio a conocer a la comunidad escolar su informe de gesti\u00f3n del a\u00f1o 2013. Ante una&#8230;<\/p>\n","protected":false},"author":482,"featured_media":45489,"comment_status":"open","ping_status":"closed","sticky":false,"template":"","format":"standard","meta":{"advanced_seo_description":"","jetpack_seo_html_title":"","jetpack_seo_noindex":false,"_jetpack_memberships_contains_paid_content":false,"footnotes":""},"categories":[1],"tags":[],"class_list":["post-45488","post","type-post","status-publish","format-standard","has-post-thumbnail","hentry","category-cronica"],"jetpack_featured_media_url":"https:\/\/i0.wp.com\/eltrabajo.cl\/portal\/wp-content\/uploads\/2014\/04\/escuela-almendral.jpg?fit=529%2C280&ssl=1","jetpack_sharing_enabled":true,"jetpack_likes_enabled":true,"jetpack-related-posts":[],"_links":{"self":[{"href":"https:\/\/eltrabajo.cl\/portal\/wp-json\/wp\/v2\/posts\/45488","targetHints":{"allow":["GET"]}}],"collection":[{"href":"https:\/\/eltrabajo.cl\/portal\/wp-json\/wp\/v2\/posts"}],"about":[{"href":"https:\/\/eltrabajo.cl\/portal\/wp-json\/wp\/v2\/types\/post"}],"author":[{"embeddable":true,"href":"https:\/\/eltrabajo.cl\/portal\/wp-json\/wp\/v2\/users\/482"}],"replies":[{"embeddable":true,"href":"https:\/\/eltrabajo.cl\/portal\/wp-json\/wp\/v2\/comments?post=45488"}],"version-history":[{"count":0,"href":"https:\/\/eltrabajo.cl\/portal\/wp-json\/wp\/v2\/posts\/45488\/revisions"}],"wp:featuredmedia":[{"embeddable":true,"href":"https:\/\/eltrabajo.cl\/portal\/wp-json\/wp\/v2\/media\/45489"}],"wp:attachment":[{"href":"https:\/\/eltrabajo.cl\/portal\/wp-json\/wp\/v2\/media?parent=45488"}],"wp:term":[{"taxonomy":"category","embeddable":true,"href":"https:\/\/eltrabajo.cl\/portal\/wp-json\/wp\/v2\/categories?post=45488"},{"taxonomy":"post_tag","embeddable":true,"href":"https:\/\/eltrabajo.cl\/portal\/wp-json\/wp\/v2\/tags?post=45488"}],"curies":[{"name":"wp","href":"https:\/\/api.w.org\/{rel}","templated":true}]}}