{"id":45491,"date":"2014-04-16T09:22:27","date_gmt":"2014-04-16T12:22:27","guid":{"rendered":"http:\/\/www.eltrabajo.cl\/portal\/?p=45491"},"modified":"2014-04-16T09:22:27","modified_gmt":"2014-04-16T12:22:27","slug":"cuota-del-bono-sae-no-podra-ser-cancelado-este-mes-por-falta-de-presupuesto","status":"publish","type":"post","link":"https:\/\/eltrabajo.cl\/portal\/cuota-del-bono-sae-no-podra-ser-cancelado-este-mes-por-falta-de-presupuesto\/","title":{"rendered":"Cuota del bono SAE no podr\u00e1 ser cancelado este mes por falta de presupuesto"},"content":{"rendered":"<figure id=\"attachment_45489\" aria-describedby=\"caption-attachment-45489\" style=\"width: 529px\" class=\"wp-caption alignnone\"><a href=\"https:\/\/i0.wp.com\/www.eltrabajo.cl\/portal\/wp-content\/uploads\/2014\/04\/escuela-almendral.jpg\"><img data-recalc-dims=\"1\" loading=\"lazy\" decoding=\"async\" class=\"size-full wp-image-45489\" alt=\"Comunidad educativa de la Escuela Almendral, dirigida por Wilta Berr\u00edos que entreg\u00f3 su cuenta de gesti\u00f3n.\" src=\"https:\/\/i0.wp.com\/www.eltrabajo.cl\/portal\/wp-content\/uploads\/2014\/04\/escuela-almendral.jpg?resize=529%2C280\" width=\"529\" height=\"280\" srcset=\"https:\/\/i0.wp.com\/eltrabajo.cl\/portal\/wp-content\/uploads\/2014\/04\/escuela-almendral.jpg?w=529&amp;ssl=1 529w, https:\/\/i0.wp.com\/eltrabajo.cl\/portal\/wp-content\/uploads\/2014\/04\/escuela-almendral.jpg?resize=200%2C105&amp;ssl=1 200w, https:\/\/i0.wp.com\/eltrabajo.cl\/portal\/wp-content\/uploads\/2014\/04\/escuela-almendral.jpg?resize=300%2C158&amp;ssl=1 300w, https:\/\/i0.wp.com\/eltrabajo.cl\/portal\/wp-content\/uploads\/2014\/04\/escuela-almendral.jpg?resize=150%2C79&amp;ssl=1 150w, https:\/\/i0.wp.com\/eltrabajo.cl\/portal\/wp-content\/uploads\/2014\/04\/escuela-almendral.jpg?resize=400%2C211&amp;ssl=1 400w\" sizes=\"auto, (max-width: 529px) 100vw, 529px\" \/><\/a><figcaption id=\"caption-attachment-45489\" class=\"wp-caption-text\">Comunidad educativa de la Escuela Almendral, dirigida por Wilta Berr\u00edos que entreg\u00f3 su cuenta de gesti\u00f3n.<\/figcaption><\/figure>\n<p><strong>LOS ANDES<\/strong>.- Los d\u00e9ficit presupuestarios que afectan al municipio de Los Andes llevaron a que este mes de abril no sea cancelada la cuota correspondiente al bono SAE, tal como se hab\u00eda establecido en acuerdo con el colegio de profesores.<\/p>\n<p>La informaci\u00f3n fue confirmada por el concejal Miguel Henr\u00edquez Celed\u00f3n, quien sostuvo que como concejo pidieron al municipio que esta cuota sea cancelada lo antes posible y no se produzcan nuevos retrasos.<\/p>\n<p>\u201cA nombre del municipio quiero pedir las disculpas p\u00fablicas a los profesores de Los Andes que han sido vilipendiados y tramitados con esto que es legal y que ha sido ganado en la justicia\u201d, afirm\u00f3.<\/p>\n<p>Henr\u00edquez record\u00f3 que la situaci\u00f3n de los profesores es compleja debido a que trabajan con muchas deudas, \u201cpero los profesores siguen haciendo su labor a pesar de todo y en base a eso pedimos un poco de empat\u00eda y la mano en el coraz\u00f3n de las autoridades\u201d.<\/p>\n<p>El concejal record\u00f3 que al 30 de agosto deber\u00eda quedar cancelada la tercera cuota y si no se paga estar\u00edan dispuestos a movilizarse.<\/p>\n<p>&nbsp;<\/p>\n","protected":false},"excerpt":{"rendered":"<p>LOS ANDES.- Los d\u00e9ficit presupuestarios que afectan al municipio de Los Andes llevaron a que este mes de abril no sea cancelada la cuota correspondiente al bono SAE, tal como se hab\u00eda&#8230;<\/p>\n","protected":false},"author":482,"featured_media":45489,"comment_status":"open","ping_status":"closed","sticky":false,"template":"","format":"standard","meta":{"advanced_seo_description":"","jetpack_seo_html_title":"","jetpack_seo_noindex":false,"_jetpack_memberships_contains_paid_content":false,"footnotes":""},"categories":[15],"tags":[],"class_list":["post-45491","post","type-post","status-publish","format-standard","has-post-thumbnail","hentry","category-comunidad"],"jetpack_featured_media_url":"https:\/\/i0.wp.com\/eltrabajo.cl\/portal\/wp-content\/uploads\/2014\/04\/escuela-almendral.jpg?fit=529%2C280&ssl=1","jetpack_sharing_enabled":true,"jetpack_likes_enabled":true,"jetpack-related-posts":[],"_links":{"self":[{"href":"https:\/\/eltrabajo.cl\/portal\/wp-json\/wp\/v2\/posts\/45491","targetHints":{"allow":["GET"]}}],"collection":[{"href":"https:\/\/eltrabajo.cl\/portal\/wp-json\/wp\/v2\/posts"}],"about":[{"href":"https:\/\/eltrabajo.cl\/portal\/wp-json\/wp\/v2\/types\/post"}],"author":[{"embeddable":true,"href":"https:\/\/eltrabajo.cl\/portal\/wp-json\/wp\/v2\/users\/482"}],"replies":[{"embeddable":true,"href":"https:\/\/eltrabajo.cl\/portal\/wp-json\/wp\/v2\/comments?post=45491"}],"version-history":[{"count":0,"href":"https:\/\/eltrabajo.cl\/portal\/wp-json\/wp\/v2\/posts\/45491\/revisions"}],"wp:featuredmedia":[{"embeddable":true,"href":"https:\/\/eltrabajo.cl\/portal\/wp-json\/wp\/v2\/media\/45489"}],"wp:attachment":[{"href":"https:\/\/eltrabajo.cl\/portal\/wp-json\/wp\/v2\/media?parent=45491"}],"wp:term":[{"taxonomy":"category","embeddable":true,"href":"https:\/\/eltrabajo.cl\/portal\/wp-json\/wp\/v2\/categories?post=45491"},{"taxonomy":"post_tag","embeddable":true,"href":"https:\/\/eltrabajo.cl\/portal\/wp-json\/wp\/v2\/tags?post=45491"}],"curies":[{"name":"wp","href":"https:\/\/api.w.org\/{rel}","templated":true}]}}