{"id":45493,"date":"2014-04-16T09:26:31","date_gmt":"2014-04-16T12:26:31","guid":{"rendered":"http:\/\/www.eltrabajo.cl\/portal\/?p=45493"},"modified":"2014-04-16T09:26:31","modified_gmt":"2014-04-16T12:26:31","slug":"mas-de-2000-personas-disfrutan-trabajo-de-pintores-aconcaguinos","status":"publish","type":"post","link":"https:\/\/eltrabajo.cl\/portal\/mas-de-2000-personas-disfrutan-trabajo-de-pintores-aconcaguinos\/","title":{"rendered":"M\u00e1s de 2000 personas disfrutan trabajo de pintores aconcag\u00fcinos"},"content":{"rendered":"<figure id=\"attachment_45494\" aria-describedby=\"caption-attachment-45494\" style=\"width: 528px\" class=\"wp-caption alignnone\"><a href=\"https:\/\/i0.wp.com\/www.eltrabajo.cl\/portal\/wp-content\/uploads\/2014\/04\/Panoramica1.jpg\"><img data-recalc-dims=\"1\" loading=\"lazy\" decoding=\"async\" class=\"size-full wp-image-45494\" alt=\"GRANDES DE ACONCAGUA.- Los pintores Ra\u00fal Pizarro y H\u00e9ctor Villarroel al lado del prestigioso Profesor Andr\u00e9s Deriu, posan para las c\u00e1maras de Diario El Trabajo al lado de algunos \u00f3leos de su autor\u00eda.\" src=\"https:\/\/i0.wp.com\/www.eltrabajo.cl\/portal\/wp-content\/uploads\/2014\/04\/Panoramica1.jpg?resize=528%2C245\" width=\"528\" height=\"245\" srcset=\"https:\/\/i0.wp.com\/eltrabajo.cl\/portal\/wp-content\/uploads\/2014\/04\/Panoramica1.jpg?w=528&amp;ssl=1 528w, https:\/\/i0.wp.com\/eltrabajo.cl\/portal\/wp-content\/uploads\/2014\/04\/Panoramica1.jpg?resize=200%2C92&amp;ssl=1 200w, https:\/\/i0.wp.com\/eltrabajo.cl\/portal\/wp-content\/uploads\/2014\/04\/Panoramica1.jpg?resize=300%2C139&amp;ssl=1 300w, https:\/\/i0.wp.com\/eltrabajo.cl\/portal\/wp-content\/uploads\/2014\/04\/Panoramica1.jpg?resize=150%2C69&amp;ssl=1 150w, https:\/\/i0.wp.com\/eltrabajo.cl\/portal\/wp-content\/uploads\/2014\/04\/Panoramica1.jpg?resize=400%2C185&amp;ssl=1 400w\" sizes=\"auto, (max-width: 528px) 100vw, 528px\" \/><\/a><figcaption id=\"caption-attachment-45494\" class=\"wp-caption-text\">GRANDES DE ACONCAGUA.- Los pintores Ra\u00fal Pizarro y H\u00e9ctor Villarroel al lado del prestigioso Profesor Andr\u00e9s Deriu, posan para las c\u00e1maras de Diario El Trabajo al lado de algunos \u00f3leos de su autor\u00eda.<\/figcaption><\/figure>\n<p>Siempre honrando el concepto altruista y solidario para con el acercamiento del Arte a los estudiantes, dos cotizados pintores aconcag\u00fcinos est\u00e1n participando en una exhibici\u00f3n gratuita de 30 de sus mejores pinturas al \u00d3leo en uno de los salones del Liceo Bicentenario Cordillera de San Felipe. Se trata de H\u00e9ctor Villarroel y Ra\u00fal Pizarro, consagrados del pincel que aceptaron la invitaci\u00f3n del Profesor de Arte del liceo, Andr\u00e9s Deriu Montenegro, quien tiene a su cargo a m\u00e1s de 15 j\u00f3venes pintores entre otras promesas art\u00edsticas en sus aulas.<\/p>\n<p><strong>INVITADOS DE LUJO<\/strong><\/p>\n<p>\u00abAceptamos la invitaci\u00f3n del liceo con miras a compartir con los estudiantes nuestro trabajo, algunos de ellos tambi\u00e9n tienen talento y ya se acercaron a nosotros para preguntarnos nuestras t\u00e9cnicas y modos de realizar nuestro trabajo\u00bb, coment\u00f3 a nuestro medio Ra\u00fal Pizarro, experimentado pintor putaendino.<\/p>\n<p>El sanfelipe\u00f1o H\u00e9ctor Villarroel se mostr\u00f3 satisfecho tras ver la reacci\u00f3n de los ni\u00f1os y j\u00f3venes, pues la idea medular de su exhibici\u00f3n es propiamente el que su trabajo pueda ser imitado y mejorado por la nueva generaci\u00f3n de artistas en gestaci\u00f3n. \u00abOjala que nuestros \u00f3leos inspiren la imaginaci\u00f3n de estos j\u00f3venes pintores y que gusten tambi\u00e9n al p\u00fablico que est\u00e1 viniendo a disfrutar de nuestras obras\u00bb, dijo Villarroel a Diario El Trabajo.<\/p>\n<p>Seg\u00fan lo reportado por el anfitri\u00f3n de la jornada, Profesor Andr\u00e9s Deriu, \u00abaparte de los m\u00e1s de 990 estudiantes de nuestro liceo, durante el d\u00eda est\u00e1n llegando cientos de alumnos de otras escuelas y liceos de la provincia, aproximadamente son como unas 2.000 personas las que se han dado cita a ver estos \u00f3leos\u00bb, agreg\u00f3 Deriu. El evento finaliza este Jueves Santo.<\/p>\n<p>Roberto Gonz\u00e1lez Short<\/p>\n<p>diario@eltrabaj.cl<\/p>\n<div class=\"tiled-gallery type-rectangular tiled-gallery-unresized\" data-original-width=\"640\" data-carousel-extra='null' itemscope itemtype=\"http:\/\/schema.org\/ImageGallery\" > <div class=\"gallery-row\" style=\"width: 640px; height: 353px;\" data-original-width=\"640\" data-original-height=\"353\" > <div class=\"gallery-group images-1\" style=\"width: 469px; height: 353px;\" data-original-width=\"469\" data-original-height=\"353\" > <div class=\"tiled-gallery-item tiled-gallery-item-large\" itemprop=\"associatedMedia\" itemscope itemtype=\"http:\/\/schema.org\/ImageObject\"> <a href=\"https:\/\/eltrabajo.cl\/portal\/mas-de-2000-personas-disfrutan-trabajo-de-pintores-aconcaguinos\/pinturas1\/\" border=\"0\" itemprop=\"url\"> <meta itemprop=\"width\" content=\"465\"> <meta itemprop=\"height\" content=\"349\"> <img decoding=\"async\" class=\"\" data-attachment-id=\"45497\" data-orig-file=\"https:\/\/eltrabajo.cl\/portal\/wp-content\/uploads\/2014\/04\/Pinturas1.jpg\" data-orig-size=\"529,397\" data-comments-opened=\"1\" data-image-meta=\"{&quot;aperture&quot;:&quot;2.8&quot;,&quot;credit&quot;:&quot;&quot;,&quot;camera&quot;:&quot;COOLPIX P90&quot;,&quot;caption&quot;:&quot;&quot;,&quot;created_timestamp&quot;:&quot;1397569540&quot;,&quot;copyright&quot;:&quot;&quot;,&quot;focal_length&quot;:&quot;4.6&quot;,&quot;iso&quot;:&quot;400&quot;,&quot;shutter_speed&quot;:&quot;0.018382352941176&quot;,&quot;title&quot;:&quot;&quot;}\" data-image-title=\"Pinturas1\" data-image-description=\"&lt;p&gt;ARTE DE VERDAD.- Aparte de los m\u00e1s de 990 estudiantes del Liceo Bicentenario Cordillera, durante el d\u00eda est\u00e1n llegando cientos de alumnos de otras escuelas y liceos de la provincia.&lt;\/p&gt; \" data-medium-file=\"https:\/\/i0.wp.com\/eltrabajo.cl\/portal\/wp-content\/uploads\/2014\/04\/Pinturas1.jpg?fit=300%2C225&#038;ssl=1\" data-large-file=\"https:\/\/i0.wp.com\/eltrabajo.cl\/portal\/wp-content\/uploads\/2014\/04\/Pinturas1.jpg?fit=529%2C397&#038;ssl=1\" src=\"https:\/\/i0.wp.com\/eltrabajo.cl\/portal\/wp-content\/uploads\/2014\/04\/Pinturas1.jpg?w=465&#038;h=349&#038;ssl=1\" srcset=\"https:\/\/i0.wp.com\/eltrabajo.cl\/portal\/wp-content\/uploads\/2014\/04\/Pinturas1.jpg?w=529&amp;ssl=1 529w, https:\/\/i0.wp.com\/eltrabajo.cl\/portal\/wp-content\/uploads\/2014\/04\/Pinturas1.jpg?resize=200%2C150&amp;ssl=1 200w, https:\/\/i0.wp.com\/eltrabajo.cl\/portal\/wp-content\/uploads\/2014\/04\/Pinturas1.jpg?resize=300%2C225&amp;ssl=1 300w, https:\/\/i0.wp.com\/eltrabajo.cl\/portal\/wp-content\/uploads\/2014\/04\/Pinturas1.jpg?resize=150%2C112&amp;ssl=1 150w, https:\/\/i0.wp.com\/eltrabajo.cl\/portal\/wp-content\/uploads\/2014\/04\/Pinturas1.jpg?resize=400%2C300&amp;ssl=1 400w\" width=\"465\" height=\"349\" loading=\"lazy\" data-original-width=\"465\" data-original-height=\"349\" itemprop=\"http:\/\/schema.org\/image\" title=\"Pinturas1\" alt=\"ARTE DE VERDAD.- Aparte de los m\u00e1s de 990 estudiantes del Liceo Bicentenario Cordillera, durante el d\u00eda est\u00e1n llegando cientos de alumnos de otras escuelas y liceos de la provincia.\" style=\"width: 465px; height: 349px;\" \/> <\/a> <div class=\"tiled-gallery-caption\" itemprop=\"caption description\"> ARTE DE VERDAD.- Aparte de los m\u00e1s de 990 estudiantes del Liceo Bicentenario Cordillera, durante el d\u00eda est\u00e1n llegando cientos de alumnos de otras escuelas y liceos de la provincia. <\/div> <\/div> <\/div> <!-- close group --> <div class=\"gallery-group images-2\" style=\"width: 171px; height: 353px;\" data-original-width=\"171\" data-original-height=\"353\" > <div class=\"tiled-gallery-item tiled-gallery-item-small\" itemprop=\"associatedMedia\" itemscope itemtype=\"http:\/\/schema.org\/ImageObject\"> <a href=\"https:\/\/eltrabajo.cl\/portal\/mas-de-2000-personas-disfrutan-trabajo-de-pintores-aconcaguinos\/lucas-munoz\/\" border=\"0\" itemprop=\"url\"> <meta itemprop=\"width\" content=\"167\"> <meta itemprop=\"height\" content=\"174\"> <img decoding=\"async\" class=\"\" data-attachment-id=\"45496\" data-orig-file=\"https:\/\/eltrabajo.cl\/portal\/wp-content\/uploads\/2014\/04\/Lucas-Munoz.jpg\" data-orig-size=\"529,554\" data-comments-opened=\"1\" data-image-meta=\"{&quot;aperture&quot;:&quot;2.8&quot;,&quot;credit&quot;:&quot;&quot;,&quot;camera&quot;:&quot;COOLPIX P90&quot;,&quot;caption&quot;:&quot;&quot;,&quot;created_timestamp&quot;:&quot;1397569628&quot;,&quot;copyright&quot;:&quot;&quot;,&quot;focal_length&quot;:&quot;4.6&quot;,&quot;iso&quot;:&quot;319&quot;,&quot;shutter_speed&quot;:&quot;0.01432664756447&quot;,&quot;title&quot;:&quot;&quot;}\" data-image-title=\"Lucas Munoz\" data-image-description=\"&lt;p&gt;LUCAS MU\u00d1OZ, ESTUDIANTE: \u00abMe encanta el trabajo de Interiores, las tinajas dibujadas ac\u00e1 me recuerdan mi infancia, toda la propuesta merece ser desfrutada\u00bb.&lt;\/p&gt; \" data-medium-file=\"https:\/\/i0.wp.com\/eltrabajo.cl\/portal\/wp-content\/uploads\/2014\/04\/Lucas-Munoz.jpg?fit=286%2C300&#038;ssl=1\" data-large-file=\"https:\/\/i0.wp.com\/eltrabajo.cl\/portal\/wp-content\/uploads\/2014\/04\/Lucas-Munoz.jpg?fit=529%2C554&#038;ssl=1\" src=\"https:\/\/i0.wp.com\/eltrabajo.cl\/portal\/wp-content\/uploads\/2014\/04\/Lucas-Munoz.jpg?w=167&#038;h=174&#038;ssl=1\" srcset=\"https:\/\/i0.wp.com\/eltrabajo.cl\/portal\/wp-content\/uploads\/2014\/04\/Lucas-Munoz.jpg?w=529&amp;ssl=1 529w, https:\/\/i0.wp.com\/eltrabajo.cl\/portal\/wp-content\/uploads\/2014\/04\/Lucas-Munoz.jpg?resize=143%2C150&amp;ssl=1 143w, https:\/\/i0.wp.com\/eltrabajo.cl\/portal\/wp-content\/uploads\/2014\/04\/Lucas-Munoz.jpg?resize=286%2C300&amp;ssl=1 286w, https:\/\/i0.wp.com\/eltrabajo.cl\/portal\/wp-content\/uploads\/2014\/04\/Lucas-Munoz.jpg?resize=400%2C418&amp;ssl=1 400w\" width=\"167\" height=\"174\" loading=\"lazy\" data-original-width=\"167\" data-original-height=\"174\" itemprop=\"http:\/\/schema.org\/image\" title=\"Lucas Munoz\" alt=\"LUCAS MU\u00d1OZ, ESTUDIANTE: \u00abMe encanta el trabajo de Interiores, las tinajas dibujadas ac\u00e1 me recuerdan mi infancia, toda la propuesta merece ser desfrutada\u00bb.\" style=\"width: 167px; height: 174px;\" \/> <\/a> <div class=\"tiled-gallery-caption\" itemprop=\"caption description\"> LUCAS MU\u00d1OZ, ESTUDIANTE: \u00abMe encanta el trabajo de Interiores, las tinajas dibujadas ac\u00e1 me recuerdan mi infancia, toda la propuesta merece ser desfrutada\u00bb. <\/div> <\/div> <div class=\"tiled-gallery-item tiled-gallery-item-small\" itemprop=\"associatedMedia\" itemscope itemtype=\"http:\/\/schema.org\/ImageObject\"> <a href=\"https:\/\/eltrabajo.cl\/portal\/mas-de-2000-personas-disfrutan-trabajo-de-pintores-aconcaguinos\/andres-deriu\/\" border=\"0\" itemprop=\"url\"> <meta itemprop=\"width\" content=\"167\"> <meta itemprop=\"height\" content=\"171\"> <img decoding=\"async\" class=\"\" data-attachment-id=\"45495\" data-orig-file=\"https:\/\/eltrabajo.cl\/portal\/wp-content\/uploads\/2014\/04\/Andres-Deriu.jpg\" data-orig-size=\"529,543\" data-comments-opened=\"1\" data-image-meta=\"{&quot;aperture&quot;:&quot;2.8&quot;,&quot;credit&quot;:&quot;&quot;,&quot;camera&quot;:&quot;COOLPIX P90&quot;,&quot;caption&quot;:&quot;&quot;,&quot;created_timestamp&quot;:&quot;1397570309&quot;,&quot;copyright&quot;:&quot;&quot;,&quot;focal_length&quot;:&quot;4.6&quot;,&quot;iso&quot;:&quot;368&quot;,&quot;shutter_speed&quot;:&quot;0.0125&quot;,&quot;title&quot;:&quot;&quot;}\" data-image-title=\"Andres Deriu\" data-image-description=\"&lt;p&gt;Profesor de Arte del Liceo Bicentenario Cordillera, Andr\u00e9s Deriu Montenegro.&lt;\/p&gt; \" data-medium-file=\"https:\/\/i0.wp.com\/eltrabajo.cl\/portal\/wp-content\/uploads\/2014\/04\/Andres-Deriu.jpg?fit=292%2C300&#038;ssl=1\" data-large-file=\"https:\/\/i0.wp.com\/eltrabajo.cl\/portal\/wp-content\/uploads\/2014\/04\/Andres-Deriu.jpg?fit=529%2C543&#038;ssl=1\" src=\"https:\/\/i0.wp.com\/eltrabajo.cl\/portal\/wp-content\/uploads\/2014\/04\/Andres-Deriu.jpg?w=167&#038;h=171&#038;ssl=1\" srcset=\"https:\/\/i0.wp.com\/eltrabajo.cl\/portal\/wp-content\/uploads\/2014\/04\/Andres-Deriu.jpg?w=529&amp;ssl=1 529w, https:\/\/i0.wp.com\/eltrabajo.cl\/portal\/wp-content\/uploads\/2014\/04\/Andres-Deriu.jpg?resize=146%2C150&amp;ssl=1 146w, https:\/\/i0.wp.com\/eltrabajo.cl\/portal\/wp-content\/uploads\/2014\/04\/Andres-Deriu.jpg?resize=292%2C300&amp;ssl=1 292w, https:\/\/i0.wp.com\/eltrabajo.cl\/portal\/wp-content\/uploads\/2014\/04\/Andres-Deriu.jpg?resize=400%2C410&amp;ssl=1 400w\" width=\"167\" height=\"171\" loading=\"lazy\" data-original-width=\"167\" data-original-height=\"171\" itemprop=\"http:\/\/schema.org\/image\" title=\"Andres Deriu\" alt=\"Profesor de Arte del Liceo Bicentenario Cordillera, Andr\u00e9s Deriu Montenegro.\" style=\"width: 167px; height: 171px;\" \/> <\/a> <div class=\"tiled-gallery-caption\" itemprop=\"caption description\"> Profesor de Arte del Liceo Bicentenario Cordillera, Andr\u00e9s Deriu Montenegro. <\/div> <\/div> <\/div> <!-- close group --> <\/div> <!-- close row --> <\/div>\n","protected":false},"excerpt":{"rendered":"<p>Siempre honrando el concepto altruista y solidario para con el acercamiento del Arte a los estudiantes, dos cotizados pintores aconcag\u00fcinos est\u00e1n participando en una exhibici\u00f3n gratuita de 30 de sus mejores pinturas&#8230;<\/p>\n","protected":false},"author":482,"featured_media":45494,"comment_status":"open","ping_status":"closed","sticky":false,"template":"","format":"standard","meta":{"advanced_seo_description":"","jetpack_seo_html_title":"","jetpack_seo_noindex":false,"_jetpack_memberships_contains_paid_content":false,"footnotes":""},"categories":[15],"tags":[],"class_list":["post-45493","post","type-post","status-publish","format-standard","has-post-thumbnail","hentry","category-comunidad"],"jetpack_featured_media_url":"https:\/\/i0.wp.com\/eltrabajo.cl\/portal\/wp-content\/uploads\/2014\/04\/Panoramica1.jpg?fit=528%2C245&ssl=1","jetpack_sharing_enabled":true,"jetpack_likes_enabled":true,"jetpack-related-posts":[],"_links":{"self":[{"href":"https:\/\/eltrabajo.cl\/portal\/wp-json\/wp\/v2\/posts\/45493","targetHints":{"allow":["GET"]}}],"collection":[{"href":"https:\/\/eltrabajo.cl\/portal\/wp-json\/wp\/v2\/posts"}],"about":[{"href":"https:\/\/eltrabajo.cl\/portal\/wp-json\/wp\/v2\/types\/post"}],"author":[{"embeddable":true,"href":"https:\/\/eltrabajo.cl\/portal\/wp-json\/wp\/v2\/users\/482"}],"replies":[{"embeddable":true,"href":"https:\/\/eltrabajo.cl\/portal\/wp-json\/wp\/v2\/comments?post=45493"}],"version-history":[{"count":0,"href":"https:\/\/eltrabajo.cl\/portal\/wp-json\/wp\/v2\/posts\/45493\/revisions"}],"wp:featuredmedia":[{"embeddable":true,"href":"https:\/\/eltrabajo.cl\/portal\/wp-json\/wp\/v2\/media\/45494"}],"wp:attachment":[{"href":"https:\/\/eltrabajo.cl\/portal\/wp-json\/wp\/v2\/media?parent=45493"}],"wp:term":[{"taxonomy":"category","embeddable":true,"href":"https:\/\/eltrabajo.cl\/portal\/wp-json\/wp\/v2\/categories?post=45493"},{"taxonomy":"post_tag","embeddable":true,"href":"https:\/\/eltrabajo.cl\/portal\/wp-json\/wp\/v2\/tags?post=45493"}],"curies":[{"name":"wp","href":"https:\/\/api.w.org\/{rel}","templated":true}]}}