{"id":45500,"date":"2014-04-16T09:30:11","date_gmt":"2014-04-16T12:30:11","guid":{"rendered":"http:\/\/www.eltrabajo.cl\/portal\/?p=45500"},"modified":"2014-04-16T09:30:11","modified_gmt":"2014-04-16T12:30:11","slug":"carnes-kar-y-unco-juntas-de-vecinos-lideran-las-8-horas-de-solidaridad","status":"publish","type":"post","link":"https:\/\/eltrabajo.cl\/portal\/carnes-kar-y-unco-juntas-de-vecinos-lideran-las-8-horas-de-solidaridad\/","title":{"rendered":"Carnes KAR y Unco juntas de vecinos lideran \u2018Las 8 horas de solidaridad\u2019"},"content":{"rendered":"<figure id=\"attachment_45501\" aria-describedby=\"caption-attachment-45501\" style=\"width: 529px\" class=\"wp-caption alignnone\"><a href=\"https:\/\/i0.wp.com\/www.eltrabajo.cl\/portal\/wp-content\/uploads\/2014\/04\/Kar1.jpg\"><img data-recalc-dims=\"1\" loading=\"lazy\" decoding=\"async\" class=\"size-full wp-image-45501\" alt=\"A DONAR.- \u2018Amigos de Carnes KAR\u2019 es el grupo de personas que idearon desarrollar \u2018Las 8 horas de solidaridad\u2019.\" src=\"https:\/\/i0.wp.com\/www.eltrabajo.cl\/portal\/wp-content\/uploads\/2014\/04\/Kar1.jpg?resize=529%2C286\" width=\"529\" height=\"286\" srcset=\"https:\/\/i0.wp.com\/eltrabajo.cl\/portal\/wp-content\/uploads\/2014\/04\/Kar1.jpg?w=529&amp;ssl=1 529w, https:\/\/i0.wp.com\/eltrabajo.cl\/portal\/wp-content\/uploads\/2014\/04\/Kar1.jpg?resize=200%2C108&amp;ssl=1 200w, https:\/\/i0.wp.com\/eltrabajo.cl\/portal\/wp-content\/uploads\/2014\/04\/Kar1.jpg?resize=300%2C162&amp;ssl=1 300w, https:\/\/i0.wp.com\/eltrabajo.cl\/portal\/wp-content\/uploads\/2014\/04\/Kar1.jpg?resize=150%2C81&amp;ssl=1 150w, https:\/\/i0.wp.com\/eltrabajo.cl\/portal\/wp-content\/uploads\/2014\/04\/Kar1.jpg?resize=400%2C216&amp;ssl=1 400w\" sizes=\"auto, (max-width: 529px) 100vw, 529px\" \/><\/a><figcaption id=\"caption-attachment-45501\" class=\"wp-caption-text\">A DONAR.- \u2018Amigos de Carnes KAR\u2019 es el grupo de personas que idearon desarrollar \u2018Las 8 horas de solidaridad\u2019.<\/figcaption><\/figure>\n<ul>\n<li><strong>Diario El Trabajo y Radio 10 ya se sumaron a la iniciativa y son bienvenidos empresarios y dem\u00e1s fuerzas vivas de la provincia.<\/strong><\/li>\n<\/ul>\n<p>Las necesidades b\u00e1sicas que deben ser suplidas por los sobrevivientes del tristemente c\u00e9lebre mega-incendio en Valpara\u00edso, deben ser atendidas por muchos d\u00edas m\u00e1s hasta que las autoridades y los mismos afectados encuentren soluciones permanentes y efectivas para continuar con sus vidas, es por ello que la Uni\u00f3n Comunal (Unco) de Juntas de Vecinos y Carnes KAR, unir\u00e1n esfuerzos para convocar a los sanfelipe\u00f1os a \u2018Las 8 horas solidarias\u2019, evento que se realizar\u00e1 el s\u00e1bado 26 de abril desde el mediod\u00eda en la plaza de armas sanfelipe\u00f1a y al que ya Diario El Trabajo y Radio FM 10 se han unido.<\/p>\n<figure id=\"attachment_45502\" aria-describedby=\"caption-attachment-45502\" style=\"width: 370px\" class=\"wp-caption alignright\"><a href=\"https:\/\/i0.wp.com\/www.eltrabajo.cl\/portal\/wp-content\/uploads\/2014\/04\/Radio1.jpg\"><img data-recalc-dims=\"1\" loading=\"lazy\" decoding=\"async\" class=\" wp-image-45502 \" alt=\"EL LLAMADO.- En Radio 10 Hugo Venegas de la Unco y Juan Gonz\u00e1lez de Carnes KAR, invitaron al p\u00fablico a participar y donar alimentos y recursos asistenciales desde ahora y durante la actividad.\" src=\"https:\/\/i0.wp.com\/www.eltrabajo.cl\/portal\/wp-content\/uploads\/2014\/04\/Radio1.jpg?resize=370%2C243\" width=\"370\" height=\"243\" srcset=\"https:\/\/i0.wp.com\/eltrabajo.cl\/portal\/wp-content\/uploads\/2014\/04\/Radio1.jpg?w=528&amp;ssl=1 528w, https:\/\/i0.wp.com\/eltrabajo.cl\/portal\/wp-content\/uploads\/2014\/04\/Radio1.jpg?resize=200%2C131&amp;ssl=1 200w, https:\/\/i0.wp.com\/eltrabajo.cl\/portal\/wp-content\/uploads\/2014\/04\/Radio1.jpg?resize=300%2C197&amp;ssl=1 300w, https:\/\/i0.wp.com\/eltrabajo.cl\/portal\/wp-content\/uploads\/2014\/04\/Radio1.jpg?resize=150%2C98&amp;ssl=1 150w, https:\/\/i0.wp.com\/eltrabajo.cl\/portal\/wp-content\/uploads\/2014\/04\/Radio1.jpg?resize=400%2C262&amp;ssl=1 400w\" sizes=\"auto, (max-width: 370px) 100vw, 370px\" \/><\/a><figcaption id=\"caption-attachment-45502\" class=\"wp-caption-text\">EL LLAMADO.- En Radio 10 Hugo Venegas de la Unco y Juan Gonz\u00e1lez de Carnes KAR, invitaron al p\u00fablico a participar y donar alimentos y recursos asistenciales desde ahora y durante la actividad.<\/figcaption><\/figure>\n<p>\u00abEstamos invitando a todos los sanfelipe\u00f1os y vecinos de otras comunas, para que no se pierdan la oportunidad de solidarizar con nuestros hermanos del puerto, todos los empresarios; juntas vecinales; artistas nacionales y locales; estudiantes y apoderados pueden participar en esta propuesta, esto es de todos\u00bb, coment\u00f3 a Diario El Trabajo Juan Gonz\u00e1lez, Gerente de Carnes KAR.<\/p>\n<p>Seg\u00fan lo informado por Gonz\u00e1lez, ese d\u00eda tambi\u00e9n se realizar\u00e1n dos zumbatones simult\u00e1neas en varios gimnasios de San Felipe.<\/p>\n<p>Roberto Gonz\u00e1lez Short<\/p>\n<p>diario@eltrabajo.cl<\/p>\n<p>&nbsp;<\/p>\n<p>&nbsp;<\/p>\n","protected":false},"excerpt":{"rendered":"<p>Diario El Trabajo y Radio 10 ya se sumaron a la iniciativa y son bienvenidos empresarios y dem\u00e1s fuerzas vivas de la provincia. Las necesidades b\u00e1sicas que deben ser suplidas por los&#8230;<\/p>\n","protected":false},"author":482,"featured_media":45501,"comment_status":"open","ping_status":"closed","sticky":false,"template":"","format":"standard","meta":{"advanced_seo_description":"","jetpack_seo_html_title":"","jetpack_seo_noindex":false,"_jetpack_memberships_contains_paid_content":false,"footnotes":""},"categories":[15],"tags":[],"class_list":["post-45500","post","type-post","status-publish","format-standard","has-post-thumbnail","hentry","category-comunidad"],"jetpack_featured_media_url":"https:\/\/i0.wp.com\/eltrabajo.cl\/portal\/wp-content\/uploads\/2014\/04\/Kar1.jpg?fit=529%2C286&ssl=1","jetpack_sharing_enabled":true,"jetpack_likes_enabled":true,"jetpack-related-posts":[],"_links":{"self":[{"href":"https:\/\/eltrabajo.cl\/portal\/wp-json\/wp\/v2\/posts\/45500","targetHints":{"allow":["GET"]}}],"collection":[{"href":"https:\/\/eltrabajo.cl\/portal\/wp-json\/wp\/v2\/posts"}],"about":[{"href":"https:\/\/eltrabajo.cl\/portal\/wp-json\/wp\/v2\/types\/post"}],"author":[{"embeddable":true,"href":"https:\/\/eltrabajo.cl\/portal\/wp-json\/wp\/v2\/users\/482"}],"replies":[{"embeddable":true,"href":"https:\/\/eltrabajo.cl\/portal\/wp-json\/wp\/v2\/comments?post=45500"}],"version-history":[{"count":0,"href":"https:\/\/eltrabajo.cl\/portal\/wp-json\/wp\/v2\/posts\/45500\/revisions"}],"wp:featuredmedia":[{"embeddable":true,"href":"https:\/\/eltrabajo.cl\/portal\/wp-json\/wp\/v2\/media\/45501"}],"wp:attachment":[{"href":"https:\/\/eltrabajo.cl\/portal\/wp-json\/wp\/v2\/media?parent=45500"}],"wp:term":[{"taxonomy":"category","embeddable":true,"href":"https:\/\/eltrabajo.cl\/portal\/wp-json\/wp\/v2\/categories?post=45500"},{"taxonomy":"post_tag","embeddable":true,"href":"https:\/\/eltrabajo.cl\/portal\/wp-json\/wp\/v2\/tags?post=45500"}],"curies":[{"name":"wp","href":"https:\/\/api.w.org\/{rel}","templated":true}]}}