{"id":45506,"date":"2014-04-16T09:37:50","date_gmt":"2014-04-16T12:37:50","guid":{"rendered":"http:\/\/www.eltrabajo.cl\/portal\/?p=45506"},"modified":"2014-04-16T09:37:50","modified_gmt":"2014-04-16T12:37:50","slug":"con-participacion-y-devocion-se-realizo-el-domingo-de-ramos-en-putaendo","status":"publish","type":"post","link":"https:\/\/eltrabajo.cl\/portal\/con-participacion-y-devocion-se-realizo-el-domingo-de-ramos-en-putaendo\/","title":{"rendered":"Con participaci\u00f3n y devoci\u00f3n se realiz\u00f3 el Domingo de Ramos en Putaendo"},"content":{"rendered":"<figure id=\"attachment_45507\" aria-describedby=\"caption-attachment-45507\" style=\"width: 528px\" class=\"wp-caption alignnone\"><a href=\"https:\/\/i0.wp.com\/www.eltrabajo.cl\/portal\/wp-content\/uploads\/2014\/04\/domingo-ramos-ptdo-3.jpg\"><img data-recalc-dims=\"1\" loading=\"lazy\" decoding=\"async\" class=\"size-full wp-image-45507\" alt=\"Los vecinos se trasladaron en procesi\u00f3n por las calles de la comuna hasta el templo de la Parroquia San Antonio.\" src=\"https:\/\/i0.wp.com\/www.eltrabajo.cl\/portal\/wp-content\/uploads\/2014\/04\/domingo-ramos-ptdo-3.jpg?resize=528%2C278\" width=\"528\" height=\"278\" srcset=\"https:\/\/i0.wp.com\/eltrabajo.cl\/portal\/wp-content\/uploads\/2014\/04\/domingo-ramos-ptdo-3.jpg?w=528&amp;ssl=1 528w, https:\/\/i0.wp.com\/eltrabajo.cl\/portal\/wp-content\/uploads\/2014\/04\/domingo-ramos-ptdo-3.jpg?resize=200%2C105&amp;ssl=1 200w, https:\/\/i0.wp.com\/eltrabajo.cl\/portal\/wp-content\/uploads\/2014\/04\/domingo-ramos-ptdo-3.jpg?resize=300%2C157&amp;ssl=1 300w, https:\/\/i0.wp.com\/eltrabajo.cl\/portal\/wp-content\/uploads\/2014\/04\/domingo-ramos-ptdo-3.jpg?resize=150%2C78&amp;ssl=1 150w, https:\/\/i0.wp.com\/eltrabajo.cl\/portal\/wp-content\/uploads\/2014\/04\/domingo-ramos-ptdo-3.jpg?resize=400%2C210&amp;ssl=1 400w\" sizes=\"auto, (max-width: 528px) 100vw, 528px\" \/><\/a><figcaption id=\"caption-attachment-45507\" class=\"wp-caption-text\">Los vecinos se trasladaron en procesi\u00f3n por las calles de la comuna hasta el templo de la Parroquia San Antonio.<\/figcaption><\/figure>\n<p><strong>PUTAENDO<\/strong>.- Un multitudinario Domingo de Ramos se inici\u00f3 este domingo en el frontis del Hospital San Antonio de Putaendo, en lo que se ha convertido en una manera tradicional con la cual la comunidad cat\u00f3lica de la comuna inicia la bendici\u00f3n de los ramos para comenzar la conmemoraci\u00f3n de Semana Santa. Desde temprano cientos de familias llegaron hasta la entrada del Hospital San Antonio, donde el Padre Pedro Salinas bendijo los ramos en una peque\u00f1a liturgia, para posteriormente trasladarse en procesi\u00f3n por las calles de la comuna hasta el templo de la Parroquia San Antonio, donde se inici\u00f3 la tradicional misa del d\u00eda domingo, en un ambiente cargado de fe y devoci\u00f3n. El Padre Pedro Salinas dijo que la Semana Santa es una fecha especial, y en el esp\u00edritu de la ocasi\u00f3n pidi\u00f3 a la comunidad cat\u00f3lica de Putaendo que oren por los afectados del terremoto en el norte y por el incendio en Valpara\u00edso. Adem\u00e1s destac\u00f3 que esta fecha es sumamente importante no tan solo para el mundo cristiano, sino para toda la comunidad, pues se recuerda como Cristo muri\u00f3 por los pecados del mundo. Dentro de las actividades programadas por la Parroquia San Antonio de Padua de Putaendo, destaca la misa del lavado de pies fijada para el jueves, el V\u00eda Crucis del d\u00eda viernes en el Cementerio Parroquial y la Vigilia Pascual del s\u00e1bado en la noche. Patricio Gallardo M.<\/p>\n<div class=\"tiled-gallery type-rectangular tiled-gallery-unresized\" data-original-width=\"640\" data-carousel-extra='null' itemscope itemtype=\"http:\/\/schema.org\/ImageGallery\" > <div class=\"gallery-row\" style=\"width: 640px; height: 210px;\" data-original-width=\"640\" data-original-height=\"210\" > <div class=\"gallery-group images-1\" style=\"width: 332px; height: 210px;\" data-original-width=\"332\" data-original-height=\"210\" > <div class=\"tiled-gallery-item tiled-gallery-item-large\" itemprop=\"associatedMedia\" itemscope itemtype=\"http:\/\/schema.org\/ImageObject\"> <a href=\"https:\/\/eltrabajo.cl\/portal\/con-participacion-y-devocion-se-realizo-el-domingo-de-ramos-en-putaendo\/domingo-ramos-ptdo-2\/\" border=\"0\" itemprop=\"url\"> <meta itemprop=\"width\" content=\"328\"> <meta itemprop=\"height\" content=\"206\"> <img decoding=\"async\" class=\"\" data-attachment-id=\"45508\" data-orig-file=\"https:\/\/eltrabajo.cl\/portal\/wp-content\/uploads\/2014\/04\/domingo-ramos-ptdo-2.jpg\" data-orig-size=\"529,332\" data-comments-opened=\"1\" data-image-meta=\"{&quot;aperture&quot;:&quot;5&quot;,&quot;credit&quot;:&quot;&quot;,&quot;camera&quot;:&quot;Canon EOS REBEL T3i&quot;,&quot;caption&quot;:&quot;&quot;,&quot;created_timestamp&quot;:&quot;1397386215&quot;,&quot;copyright&quot;:&quot;[wopmind]&quot;,&quot;focal_length&quot;:&quot;18&quot;,&quot;iso&quot;:&quot;100&quot;,&quot;shutter_speed&quot;:&quot;0.016666666666667&quot;,&quot;title&quot;:&quot;&quot;}\" data-image-title=\"domingo ramos ptdo (2)\" data-image-description=\"&lt;p&gt;El Padre Pedro Salinas bendijo los ramos en una peque\u00f1a liturgia realizada en el mismo lugar.&lt;\/p&gt; \" data-medium-file=\"https:\/\/i0.wp.com\/eltrabajo.cl\/portal\/wp-content\/uploads\/2014\/04\/domingo-ramos-ptdo-2.jpg?fit=300%2C188&#038;ssl=1\" data-large-file=\"https:\/\/i0.wp.com\/eltrabajo.cl\/portal\/wp-content\/uploads\/2014\/04\/domingo-ramos-ptdo-2.jpg?fit=529%2C332&#038;ssl=1\" src=\"https:\/\/i0.wp.com\/eltrabajo.cl\/portal\/wp-content\/uploads\/2014\/04\/domingo-ramos-ptdo-2.jpg?w=328&#038;h=206&#038;ssl=1\" srcset=\"https:\/\/i0.wp.com\/eltrabajo.cl\/portal\/wp-content\/uploads\/2014\/04\/domingo-ramos-ptdo-2.jpg?w=529&amp;ssl=1 529w, https:\/\/i0.wp.com\/eltrabajo.cl\/portal\/wp-content\/uploads\/2014\/04\/domingo-ramos-ptdo-2.jpg?resize=200%2C125&amp;ssl=1 200w, https:\/\/i0.wp.com\/eltrabajo.cl\/portal\/wp-content\/uploads\/2014\/04\/domingo-ramos-ptdo-2.jpg?resize=300%2C188&amp;ssl=1 300w, https:\/\/i0.wp.com\/eltrabajo.cl\/portal\/wp-content\/uploads\/2014\/04\/domingo-ramos-ptdo-2.jpg?resize=150%2C94&amp;ssl=1 150w, https:\/\/i0.wp.com\/eltrabajo.cl\/portal\/wp-content\/uploads\/2014\/04\/domingo-ramos-ptdo-2.jpg?resize=400%2C251&amp;ssl=1 400w\" width=\"328\" height=\"206\" loading=\"lazy\" data-original-width=\"328\" data-original-height=\"206\" itemprop=\"http:\/\/schema.org\/image\" title=\"domingo ramos ptdo (2)\" alt=\"El Padre Pedro Salinas bendijo los ramos en una peque\u00f1a liturgia realizada en el mismo lugar.\" style=\"width: 328px; height: 206px;\" \/> <\/a> <div class=\"tiled-gallery-caption\" itemprop=\"caption description\"> El Padre Pedro Salinas bendijo los ramos en una peque\u00f1a liturgia realizada en el mismo lugar. <\/div> <\/div> <\/div> <!-- close group --> <div class=\"gallery-group images-1\" style=\"width: 308px; height: 210px;\" data-original-width=\"308\" data-original-height=\"210\" > <div class=\"tiled-gallery-item tiled-gallery-item-large\" itemprop=\"associatedMedia\" itemscope itemtype=\"http:\/\/schema.org\/ImageObject\"> <a href=\"https:\/\/eltrabajo.cl\/portal\/con-participacion-y-devocion-se-realizo-el-domingo-de-ramos-en-putaendo\/domingo-ramos-ptdo-1\/\" border=\"0\" itemprop=\"url\"> <meta itemprop=\"width\" content=\"304\"> <meta itemprop=\"height\" content=\"206\"> <img decoding=\"async\" class=\"\" data-attachment-id=\"45509\" data-orig-file=\"https:\/\/eltrabajo.cl\/portal\/wp-content\/uploads\/2014\/04\/domingo-ramos-ptdo-1.jpg\" data-orig-size=\"529,358\" data-comments-opened=\"1\" data-image-meta=\"{&quot;aperture&quot;:&quot;5&quot;,&quot;credit&quot;:&quot;&quot;,&quot;camera&quot;:&quot;Canon EOS REBEL T3i&quot;,&quot;caption&quot;:&quot;&quot;,&quot;created_timestamp&quot;:&quot;1397385838&quot;,&quot;copyright&quot;:&quot;[wopmind]&quot;,&quot;focal_length&quot;:&quot;18&quot;,&quot;iso&quot;:&quot;100&quot;,&quot;shutter_speed&quot;:&quot;0.016666666666667&quot;,&quot;title&quot;:&quot;&quot;}\" data-image-title=\"domingo ramos ptdo (1)\" data-image-description=\"&lt;p&gt;Cientos de fieles llegaron hasta el frontis del Hospital de Putaendo donde se dio inicio al tradicional Domingo de Ramos.&lt;\/p&gt; \" data-medium-file=\"https:\/\/i0.wp.com\/eltrabajo.cl\/portal\/wp-content\/uploads\/2014\/04\/domingo-ramos-ptdo-1.jpg?fit=300%2C203&#038;ssl=1\" data-large-file=\"https:\/\/i0.wp.com\/eltrabajo.cl\/portal\/wp-content\/uploads\/2014\/04\/domingo-ramos-ptdo-1.jpg?fit=529%2C358&#038;ssl=1\" src=\"https:\/\/i0.wp.com\/eltrabajo.cl\/portal\/wp-content\/uploads\/2014\/04\/domingo-ramos-ptdo-1.jpg?w=304&#038;h=206&#038;ssl=1\" srcset=\"https:\/\/i0.wp.com\/eltrabajo.cl\/portal\/wp-content\/uploads\/2014\/04\/domingo-ramos-ptdo-1.jpg?w=529&amp;ssl=1 529w, https:\/\/i0.wp.com\/eltrabajo.cl\/portal\/wp-content\/uploads\/2014\/04\/domingo-ramos-ptdo-1.jpg?resize=200%2C135&amp;ssl=1 200w, https:\/\/i0.wp.com\/eltrabajo.cl\/portal\/wp-content\/uploads\/2014\/04\/domingo-ramos-ptdo-1.jpg?resize=300%2C203&amp;ssl=1 300w, https:\/\/i0.wp.com\/eltrabajo.cl\/portal\/wp-content\/uploads\/2014\/04\/domingo-ramos-ptdo-1.jpg?resize=150%2C101&amp;ssl=1 150w, https:\/\/i0.wp.com\/eltrabajo.cl\/portal\/wp-content\/uploads\/2014\/04\/domingo-ramos-ptdo-1.jpg?resize=400%2C270&amp;ssl=1 400w\" width=\"304\" height=\"206\" loading=\"lazy\" data-original-width=\"304\" data-original-height=\"206\" itemprop=\"http:\/\/schema.org\/image\" title=\"domingo ramos ptdo (1)\" alt=\"Cientos de fieles llegaron hasta el frontis del Hospital de Putaendo donde se dio inicio al tradicional Domingo de Ramos.\" style=\"width: 304px; height: 206px;\" \/> <\/a> <div class=\"tiled-gallery-caption\" itemprop=\"caption description\"> Cientos de fieles llegaron hasta el frontis del Hospital de Putaendo donde se dio inicio al tradicional Domingo de Ramos. <\/div> <\/div> <\/div> <!-- close group --> <\/div> <!-- close row --> <\/div>\n<p>&nbsp;<\/p>\n","protected":false},"excerpt":{"rendered":"<p>PUTAENDO.- Un multitudinario Domingo de Ramos se inici\u00f3 este domingo en el frontis del Hospital San Antonio de Putaendo, en lo que se ha convertido en una manera tradicional con la cual&#8230;<\/p>\n","protected":false},"author":482,"featured_media":45507,"comment_status":"open","ping_status":"closed","sticky":false,"template":"","format":"standard","meta":{"advanced_seo_description":"","jetpack_seo_html_title":"","jetpack_seo_noindex":false,"_jetpack_memberships_contains_paid_content":false,"footnotes":""},"categories":[15],"tags":[],"class_list":["post-45506","post","type-post","status-publish","format-standard","has-post-thumbnail","hentry","category-comunidad"],"jetpack_featured_media_url":"https:\/\/i0.wp.com\/eltrabajo.cl\/portal\/wp-content\/uploads\/2014\/04\/domingo-ramos-ptdo-3.jpg?fit=528%2C278&ssl=1","jetpack_sharing_enabled":true,"jetpack_likes_enabled":true,"jetpack-related-posts":[],"_links":{"self":[{"href":"https:\/\/eltrabajo.cl\/portal\/wp-json\/wp\/v2\/posts\/45506","targetHints":{"allow":["GET"]}}],"collection":[{"href":"https:\/\/eltrabajo.cl\/portal\/wp-json\/wp\/v2\/posts"}],"about":[{"href":"https:\/\/eltrabajo.cl\/portal\/wp-json\/wp\/v2\/types\/post"}],"author":[{"embeddable":true,"href":"https:\/\/eltrabajo.cl\/portal\/wp-json\/wp\/v2\/users\/482"}],"replies":[{"embeddable":true,"href":"https:\/\/eltrabajo.cl\/portal\/wp-json\/wp\/v2\/comments?post=45506"}],"version-history":[{"count":0,"href":"https:\/\/eltrabajo.cl\/portal\/wp-json\/wp\/v2\/posts\/45506\/revisions"}],"wp:featuredmedia":[{"embeddable":true,"href":"https:\/\/eltrabajo.cl\/portal\/wp-json\/wp\/v2\/media\/45507"}],"wp:attachment":[{"href":"https:\/\/eltrabajo.cl\/portal\/wp-json\/wp\/v2\/media?parent=45506"}],"wp:term":[{"taxonomy":"category","embeddable":true,"href":"https:\/\/eltrabajo.cl\/portal\/wp-json\/wp\/v2\/categories?post=45506"},{"taxonomy":"post_tag","embeddable":true,"href":"https:\/\/eltrabajo.cl\/portal\/wp-json\/wp\/v2\/tags?post=45506"}],"curies":[{"name":"wp","href":"https:\/\/api.w.org\/{rel}","templated":true}]}}