{"id":45512,"date":"2014-04-16T09:38:57","date_gmt":"2014-04-16T12:38:57","guid":{"rendered":"http:\/\/www.eltrabajo.cl\/portal\/?p=45512"},"modified":"2014-04-16T09:38:57","modified_gmt":"2014-04-16T12:38:57","slug":"rinconada-de-silva-se-prepara-para-el-gran-via-crucis-en-vivo","status":"publish","type":"post","link":"https:\/\/eltrabajo.cl\/portal\/rinconada-de-silva-se-prepara-para-el-gran-via-crucis-en-vivo\/","title":{"rendered":"Rinconada de Silva se prepara para el gran V\u00eda Crucis en Vivo"},"content":{"rendered":"<figure id=\"attachment_45513\" aria-describedby=\"caption-attachment-45513\" style=\"width: 528px\" class=\"wp-caption alignnone\"><a href=\"https:\/\/i0.wp.com\/www.eltrabajo.cl\/portal\/wp-content\/uploads\/2014\/04\/viernes-santo.jpg\"><img data-recalc-dims=\"1\" loading=\"lazy\" decoding=\"async\" class=\"size-full wp-image-45513\" alt=\"Este Viernes Santo se realiza el ya tradicional montaje de la obra V\u00eda Crucis En Vivo en Rinconada de Silva.\" src=\"https:\/\/i0.wp.com\/www.eltrabajo.cl\/portal\/wp-content\/uploads\/2014\/04\/viernes-santo.jpg?resize=528%2C304\" width=\"528\" height=\"304\" srcset=\"https:\/\/i0.wp.com\/eltrabajo.cl\/portal\/wp-content\/uploads\/2014\/04\/viernes-santo.jpg?w=528&amp;ssl=1 528w, https:\/\/i0.wp.com\/eltrabajo.cl\/portal\/wp-content\/uploads\/2014\/04\/viernes-santo.jpg?resize=200%2C115&amp;ssl=1 200w, https:\/\/i0.wp.com\/eltrabajo.cl\/portal\/wp-content\/uploads\/2014\/04\/viernes-santo.jpg?resize=300%2C172&amp;ssl=1 300w, https:\/\/i0.wp.com\/eltrabajo.cl\/portal\/wp-content\/uploads\/2014\/04\/viernes-santo.jpg?resize=150%2C86&amp;ssl=1 150w, https:\/\/i0.wp.com\/eltrabajo.cl\/portal\/wp-content\/uploads\/2014\/04\/viernes-santo.jpg?resize=400%2C230&amp;ssl=1 400w\" sizes=\"auto, (max-width: 528px) 100vw, 528px\" \/><\/a><figcaption id=\"caption-attachment-45513\" class=\"wp-caption-text\">Este Viernes Santo se realiza el ya tradicional montaje de la obra V\u00eda Crucis En Vivo en Rinconada de Silva.<\/figcaption><\/figure>\n<p><strong>PUTAENDO.<\/strong>&#8211; Desde la Semana Santa del a\u00f1o 1980, la Parroquia Nuestra Se\u00f1ora del Carmen de Rinconada de Silva ha desarrollado el tradicional V\u00eda Crucis En Vivo, una experiencia que tiene por objetivo representar los catorces momentos de la Pasi\u00f3n y Muerte de Jesucristo, con m\u00e1s de cuarenta caracterizaciones de personajes b\u00edblicos del siglo I que se unen al Arte y Fe, para suscitar en los m\u00e1s de tres mil espectadores un ambiente propicio para vivir intensamente el Viernes Santo.<\/p>\n<p>La Experiencia Religiosa es tra\u00edda al Valle de Putaendo por los Sacerdotes diocesanos de la Comunidad Religiosa Obra de la Transfiguraci\u00f3n del Se\u00f1or, Padre Guido Bertolino y Hugo Cornelissen. Ellos con su esfuerzo y su creatividad permitieron a muchas generaciones de j\u00f3venes rinconadinos poder seguir organizando y presentando cada Viernes Santo esta maravillosa obra.<\/p>\n<p>Actualmente la experiencia est\u00e1 en las manos de uno de sus disc\u00edpulos, quien desde los inicio, comenz\u00f3 a cultivarla, conservarla y perfeccionarla, es el actor y profesor Oscar Antonio Garc\u00eda C\u00e1rdenas, quien es el actual responsable de poner en escena uno de los auto &#8211; sacramentales con mayor proyecci\u00f3n comunal, regional e internacional<\/p>\n<p>\u201cEstoy muy feliz de poder haber heredado esta tradici\u00f3n cristiana cat\u00f3lica, de nuestros sacerdotes de la Obra Misionera de la Transfiguraci\u00f3n del Se\u00f1or, instituci\u00f3n Religiosa Rinconadina, que me ha educado en la fe, desde mi infancia, juventud y mi vida actual, solo represento a muchos y muchas personas que durante a\u00f1os han ido d\u00e1ndole vida a esta representaci\u00f3n en una tarea que ha significado un permanente estudio de los momentos de la Pasi\u00f3n y Muerte del Divino Maestro Jes\u00fas, tratando de incorporar todos los avances t\u00e9cnicos a nivel de audio, musicalizaci\u00f3n, iluminaci\u00f3n y sobre todo a nivel de maquillaje y caracterizaci\u00f3n de cada uno de los personajes, acerc\u00e1ndoles cada vez m\u00e1s al realismo de la \u00e9poca. Lo mismo a nivel del dise\u00f1o y cuidado del vestuario esc\u00e9nico, todo ello para llevar a los m\u00e1s de tres mil espectadores, una obra de evangelizaci\u00f3n que llegue al coraz\u00f3n y al esp\u00edritu, en un d\u00eda tan significativo para el mundo cristiano como es el Viernes Santo. Es por ello que en realidad el lema: \u201cEn Rinconada de Silva, se Vive la Semana Santa\u201d no es solo una frase motivacional, sino que una realidad concreta. Las locaciones del Santuario del Santo Cristo de Rinconada de Silva, son muy cercanas a las de Tierra Santa en Israel, el mismo clima mediterr\u00e1neo, la Explanada en donde desarrollamos el V\u00eda Crucis en Vivo\u201d, puntualiz\u00f3 Garc\u00eda.<\/p>\n<p>La invitaci\u00f3n entonces es a vivir esta Semana Santa, espec\u00edficamente el Viernes 18 de Abril 2014 el V\u00eda Crucis Viviente en Rinconada de Silva.<\/p>\n<p>Patricio Gallardo M.<\/p>\n<p>&nbsp;<\/p>\n","protected":false},"excerpt":{"rendered":"<p>PUTAENDO.&#8211; Desde la Semana Santa del a\u00f1o 1980, la Parroquia Nuestra Se\u00f1ora del Carmen de Rinconada de Silva ha desarrollado el tradicional V\u00eda Crucis En Vivo, una experiencia que tiene por objetivo&#8230;<\/p>\n","protected":false},"author":482,"featured_media":45513,"comment_status":"open","ping_status":"closed","sticky":false,"template":"","format":"standard","meta":{"advanced_seo_description":"","jetpack_seo_html_title":"","jetpack_seo_noindex":false,"_jetpack_memberships_contains_paid_content":false,"footnotes":""},"categories":[15],"tags":[],"class_list":["post-45512","post","type-post","status-publish","format-standard","has-post-thumbnail","hentry","category-comunidad"],"jetpack_featured_media_url":"https:\/\/i0.wp.com\/eltrabajo.cl\/portal\/wp-content\/uploads\/2014\/04\/viernes-santo.jpg?fit=528%2C304&ssl=1","jetpack_sharing_enabled":true,"jetpack_likes_enabled":true,"jetpack-related-posts":[],"_links":{"self":[{"href":"https:\/\/eltrabajo.cl\/portal\/wp-json\/wp\/v2\/posts\/45512","targetHints":{"allow":["GET"]}}],"collection":[{"href":"https:\/\/eltrabajo.cl\/portal\/wp-json\/wp\/v2\/posts"}],"about":[{"href":"https:\/\/eltrabajo.cl\/portal\/wp-json\/wp\/v2\/types\/post"}],"author":[{"embeddable":true,"href":"https:\/\/eltrabajo.cl\/portal\/wp-json\/wp\/v2\/users\/482"}],"replies":[{"embeddable":true,"href":"https:\/\/eltrabajo.cl\/portal\/wp-json\/wp\/v2\/comments?post=45512"}],"version-history":[{"count":0,"href":"https:\/\/eltrabajo.cl\/portal\/wp-json\/wp\/v2\/posts\/45512\/revisions"}],"wp:featuredmedia":[{"embeddable":true,"href":"https:\/\/eltrabajo.cl\/portal\/wp-json\/wp\/v2\/media\/45513"}],"wp:attachment":[{"href":"https:\/\/eltrabajo.cl\/portal\/wp-json\/wp\/v2\/media?parent=45512"}],"wp:term":[{"taxonomy":"category","embeddable":true,"href":"https:\/\/eltrabajo.cl\/portal\/wp-json\/wp\/v2\/categories?post=45512"},{"taxonomy":"post_tag","embeddable":true,"href":"https:\/\/eltrabajo.cl\/portal\/wp-json\/wp\/v2\/tags?post=45512"}],"curies":[{"name":"wp","href":"https:\/\/api.w.org\/{rel}","templated":true}]}}