{"id":45516,"date":"2014-04-16T09:40:50","date_gmt":"2014-04-16T12:40:50","guid":{"rendered":"http:\/\/www.eltrabajo.cl\/portal\/?p=45516"},"modified":"2014-04-16T09:40:50","modified_gmt":"2014-04-16T12:40:50","slug":"alcalde-freire-abordo-importantes-temas-clave-con-ministro-obras-publicas","status":"publish","type":"post","link":"https:\/\/eltrabajo.cl\/portal\/alcalde-freire-abordo-importantes-temas-clave-con-ministro-obras-publicas\/","title":{"rendered":"Alcalde Freire abord\u00f3 importantes temas clave con Ministro Obras P\u00fablicas"},"content":{"rendered":"<figure id=\"attachment_45517\" aria-describedby=\"caption-attachment-45517\" style=\"width: 528px\" class=\"wp-caption alignnone\"><a href=\"https:\/\/i0.wp.com\/www.eltrabajo.cl\/portal\/wp-content\/uploads\/2014\/04\/reunion-alcalde-ministro-2.jpg\"><img data-recalc-dims=\"1\" loading=\"lazy\" decoding=\"async\" class=\"size-full wp-image-45517\" alt=\"El encuentro con el ministro de Obras P\u00fablicas fue altamente provechoso, destac\u00f3 el Alcalde Patricio Freire, quien particip\u00f3 acompa\u00f1ado del Senador Ignacio Walker.\" src=\"https:\/\/i0.wp.com\/www.eltrabajo.cl\/portal\/wp-content\/uploads\/2014\/04\/reunion-alcalde-ministro-2.jpg?resize=528%2C302\" width=\"528\" height=\"302\" srcset=\"https:\/\/i0.wp.com\/eltrabajo.cl\/portal\/wp-content\/uploads\/2014\/04\/reunion-alcalde-ministro-2.jpg?w=528&amp;ssl=1 528w, https:\/\/i0.wp.com\/eltrabajo.cl\/portal\/wp-content\/uploads\/2014\/04\/reunion-alcalde-ministro-2.jpg?resize=200%2C114&amp;ssl=1 200w, https:\/\/i0.wp.com\/eltrabajo.cl\/portal\/wp-content\/uploads\/2014\/04\/reunion-alcalde-ministro-2.jpg?resize=300%2C171&amp;ssl=1 300w, https:\/\/i0.wp.com\/eltrabajo.cl\/portal\/wp-content\/uploads\/2014\/04\/reunion-alcalde-ministro-2.jpg?resize=150%2C85&amp;ssl=1 150w, https:\/\/i0.wp.com\/eltrabajo.cl\/portal\/wp-content\/uploads\/2014\/04\/reunion-alcalde-ministro-2.jpg?resize=400%2C228&amp;ssl=1 400w\" sizes=\"auto, (max-width: 528px) 100vw, 528px\" \/><\/a><figcaption id=\"caption-attachment-45517\" class=\"wp-caption-text\">El encuentro con el ministro de Obras P\u00fablicas fue altamente provechoso, destac\u00f3 el Alcalde Patricio Freire, quien particip\u00f3 acompa\u00f1ado del Senador Ignacio Walker.<\/figcaption><\/figure>\n<ul>\n<li><strong>El jefe comunal fue acompa\u00f1ado del Senador Ignacio Walker y el Secretario de Planificaci\u00f3n de San Felipe, Claudio Paredes.<\/strong><\/li>\n<\/ul>\n<p>Una muy positiva reuni\u00f3n sostuvo en horas de la ma\u00f1ana de este martes el Alcalde Patricio Freire con el Ministro de Obras P\u00fablicas, Alberto Undurraga, quienes estuvieron acompa\u00f1ados por el Senador Ignacio Walker.<\/p>\n<p>La reuni\u00f3n fue realizada en dependencias del ministerio de Obras P\u00fablicas y a ella asistieron adem\u00e1s el Secpla Claudio Paredes, el director Nacional de Vialidad y el director nacional de Obras Hidr\u00e1ulicas, instancia donde el jefe comunal plante\u00f3 una serie de temas de suma importancia para la comuna como la profundizaci\u00f3n de pozos, el mejoramiento de acequias de la comuna y el estudio de un plan maestro de evacuaci\u00f3n de aguas lluvias de San Felipe.<\/p>\n<p>El jefe comunal adem\u00e1s plante\u00f3 el estado de situaci\u00f3n del dise\u00f1o de la ruta E-41 de Putaendo a San Felipe, el estado de avance de la ruta 60 Ch, las medidas de mitigaci\u00f3n del impacto vial e ingreso a la comuna por el sector del Puente El Rey, el estado del dise\u00f1o de la ruta San Mart\u00edn y el mejoramiento de se\u00f1al\u00e9ticas de tr\u00e1nsito, tur\u00edsticas y elementos de seguridad del actual camino internacional.<\/p>\n<p>Tanto el Alcalde Freire como el Senador Walker destacaron la buena acogida del ministro Undurraga a las peticiones, quien instruy\u00f3 de inmediato avanzar en estos temas que por tantos a\u00f1os se han visto postergados.<\/p>\n<p>\u201cHemos explicado los temas postergados de la comuna de San Felipe, muchos a\u00f1os esperando la circunvalaci\u00f3n que ha estado en proyecto y ejecuci\u00f3n muy poca; hemos visto el tema de Cherc\u00e1n Tapia que comienza este a\u00f1o la construcci\u00f3n, lo que fue confirmado por el director nacional de Vialidad; estamos contentos y agradecemos al Senador y al Ministro la disposici\u00f3n al recibirnos y escucharnos, porque son temas muy importantes para los vecinos de la comuna de San Felipe\u201d, dijo el Alcalde Freire.<\/p>\n<p>\u201cHemos estado viendo el tema de la circunvalaci\u00f3n, el tema de la carretera 60 Ch, todos los temas que han sido tan largamente postergados de lo que es el desarrollo urbano, la ausencia de una verdadera planificaci\u00f3n urbana y quiero felicitar al Alcalde Patricio Freire y a su equipo que tuvo un planteamiento claro y destacar del ministro que dio instrucci\u00f3n a los directores nacionales para avanzar en esta direcci\u00f3n\u201d, sostuvo por su parte el Senador.<\/p>\n<p>&nbsp;<\/p>\n","protected":false},"excerpt":{"rendered":"<p>El jefe comunal fue acompa\u00f1ado del Senador Ignacio Walker y el Secretario de Planificaci\u00f3n de San Felipe, Claudio Paredes. Una muy positiva reuni\u00f3n sostuvo en horas de la ma\u00f1ana de este martes&#8230;<\/p>\n","protected":false},"author":482,"featured_media":45517,"comment_status":"open","ping_status":"closed","sticky":false,"template":"","format":"standard","meta":{"advanced_seo_description":"","jetpack_seo_html_title":"","jetpack_seo_noindex":false,"_jetpack_memberships_contains_paid_content":false,"footnotes":""},"categories":[1],"tags":[],"class_list":["post-45516","post","type-post","status-publish","format-standard","has-post-thumbnail","hentry","category-cronica"],"jetpack_featured_media_url":"https:\/\/i0.wp.com\/eltrabajo.cl\/portal\/wp-content\/uploads\/2014\/04\/reunion-alcalde-ministro-2.jpg?fit=528%2C302&ssl=1","jetpack_sharing_enabled":true,"jetpack_likes_enabled":true,"jetpack-related-posts":[],"_links":{"self":[{"href":"https:\/\/eltrabajo.cl\/portal\/wp-json\/wp\/v2\/posts\/45516","targetHints":{"allow":["GET"]}}],"collection":[{"href":"https:\/\/eltrabajo.cl\/portal\/wp-json\/wp\/v2\/posts"}],"about":[{"href":"https:\/\/eltrabajo.cl\/portal\/wp-json\/wp\/v2\/types\/post"}],"author":[{"embeddable":true,"href":"https:\/\/eltrabajo.cl\/portal\/wp-json\/wp\/v2\/users\/482"}],"replies":[{"embeddable":true,"href":"https:\/\/eltrabajo.cl\/portal\/wp-json\/wp\/v2\/comments?post=45516"}],"version-history":[{"count":0,"href":"https:\/\/eltrabajo.cl\/portal\/wp-json\/wp\/v2\/posts\/45516\/revisions"}],"wp:featuredmedia":[{"embeddable":true,"href":"https:\/\/eltrabajo.cl\/portal\/wp-json\/wp\/v2\/media\/45517"}],"wp:attachment":[{"href":"https:\/\/eltrabajo.cl\/portal\/wp-json\/wp\/v2\/media?parent=45516"}],"wp:term":[{"taxonomy":"category","embeddable":true,"href":"https:\/\/eltrabajo.cl\/portal\/wp-json\/wp\/v2\/categories?post=45516"},{"taxonomy":"post_tag","embeddable":true,"href":"https:\/\/eltrabajo.cl\/portal\/wp-json\/wp\/v2\/tags?post=45516"}],"curies":[{"name":"wp","href":"https:\/\/api.w.org\/{rel}","templated":true}]}}