{"id":45540,"date":"2014-04-17T10:05:04","date_gmt":"2014-04-17T13:05:04","guid":{"rendered":"http:\/\/www.eltrabajo.cl\/portal\/?p=45540"},"modified":"2014-04-17T10:05:04","modified_gmt":"2014-04-17T13:05:04","slug":"cateminos-continuan-aportando-para-emergencia-del-puerto","status":"publish","type":"post","link":"https:\/\/eltrabajo.cl\/portal\/cateminos-continuan-aportando-para-emergencia-del-puerto\/","title":{"rendered":"Cateminos contin\u00faan aportando para emergencia del puerto"},"content":{"rendered":"<figure id=\"attachment_45541\" aria-describedby=\"caption-attachment-45541\" style=\"width: 528px\" class=\"wp-caption alignnone\"><a href=\"https:\/\/i0.wp.com\/www.eltrabajo.cl\/portal\/wp-content\/uploads\/2014\/04\/valpo3.jpg\"><img data-recalc-dims=\"1\" loading=\"lazy\" decoding=\"async\" class=\"size-full wp-image-45541\" alt=\"EN TERRENO.- El martes la cantidad de profesionales se duplic\u00f3, por lo que viajaron ocho personas del Departamento Social esta vez al Cerro El Litre.\" src=\"https:\/\/i0.wp.com\/www.eltrabajo.cl\/portal\/wp-content\/uploads\/2014\/04\/valpo3.jpg?resize=528%2C366\" width=\"528\" height=\"366\" srcset=\"https:\/\/i0.wp.com\/eltrabajo.cl\/portal\/wp-content\/uploads\/2014\/04\/valpo3.jpg?w=528&amp;ssl=1 528w, https:\/\/i0.wp.com\/eltrabajo.cl\/portal\/wp-content\/uploads\/2014\/04\/valpo3.jpg?resize=200%2C138&amp;ssl=1 200w, https:\/\/i0.wp.com\/eltrabajo.cl\/portal\/wp-content\/uploads\/2014\/04\/valpo3.jpg?resize=300%2C207&amp;ssl=1 300w, https:\/\/i0.wp.com\/eltrabajo.cl\/portal\/wp-content\/uploads\/2014\/04\/valpo3.jpg?resize=150%2C103&amp;ssl=1 150w, https:\/\/i0.wp.com\/eltrabajo.cl\/portal\/wp-content\/uploads\/2014\/04\/valpo3.jpg?resize=400%2C277&amp;ssl=1 400w\" sizes=\"auto, (max-width: 528px) 100vw, 528px\" \/><\/a><figcaption id=\"caption-attachment-45541\" class=\"wp-caption-text\">EN TERRENO.- El martes la cantidad de profesionales se duplic\u00f3, por lo que viajaron ocho personas del Departamento Social esta vez al Cerro El Litre.<\/figcaption><\/figure>\n<p><strong>CATEMU<\/strong>.- Luego de una intensa campa\u00f1a realizada en la comuna \u2013que a\u00fan continua- en la que se recolect\u00f3 ayuda para los damnificados tras el tremendo incendio de Valpara\u00edso, la primera parte de esta fue entregada directamente en el Cerro El Litre de Valpara\u00edso la tarde del pasado martes 15 de abril. El lunes tras una reuni\u00f3n de coordinaci\u00f3n en el municipio, encabezada por el Alcalde Boris Luksic, se dispuso de un grupo de profesionales del Departamento Social para acudir al lugar. Entonces cuatro asistentes sociales se pusieron a trabajar en los cerros de Valpara\u00edso, donde no hab\u00eda llegado ning\u00fan tipo de ayuda.<\/p>\n<figure id=\"attachment_45542\" aria-describedby=\"caption-attachment-45542\" style=\"width: 370px\" class=\"wp-caption alignright\"><a href=\"https:\/\/i0.wp.com\/www.eltrabajo.cl\/portal\/wp-content\/uploads\/2014\/04\/valpo4.jpg\"><img data-recalc-dims=\"1\" loading=\"lazy\" decoding=\"async\" class=\" wp-image-45542 \" alt=\"PANORAMA DESOLADOR.- De acuerdo a lo relatado por quienes estuvieron en terreno, el panorama es desolador e indescriptible, pero pese a eso los afectados tienen \u00e1nimo de salir adelante.\" src=\"https:\/\/i0.wp.com\/www.eltrabajo.cl\/portal\/wp-content\/uploads\/2014\/04\/valpo4.jpg?resize=370%2C241\" width=\"370\" height=\"241\" srcset=\"https:\/\/i0.wp.com\/eltrabajo.cl\/portal\/wp-content\/uploads\/2014\/04\/valpo4.jpg?w=529&amp;ssl=1 529w, https:\/\/i0.wp.com\/eltrabajo.cl\/portal\/wp-content\/uploads\/2014\/04\/valpo4.jpg?resize=200%2C130&amp;ssl=1 200w, https:\/\/i0.wp.com\/eltrabajo.cl\/portal\/wp-content\/uploads\/2014\/04\/valpo4.jpg?resize=300%2C195&amp;ssl=1 300w, https:\/\/i0.wp.com\/eltrabajo.cl\/portal\/wp-content\/uploads\/2014\/04\/valpo4.jpg?resize=150%2C97&amp;ssl=1 150w, https:\/\/i0.wp.com\/eltrabajo.cl\/portal\/wp-content\/uploads\/2014\/04\/valpo4.jpg?resize=400%2C260&amp;ssl=1 400w\" sizes=\"auto, (max-width: 370px) 100vw, 370px\" \/><\/a><figcaption id=\"caption-attachment-45542\" class=\"wp-caption-text\">PANORAMA DESOLADOR.- De acuerdo a lo relatado por quienes estuvieron en terreno, el panorama es desolador e indescriptible, pero pese a eso los afectados tienen \u00e1nimo de salir adelante.<\/figcaption><\/figure>\n<p>La tarea comenz\u00f3 en el Cerro Las Ca\u00f1as, donde el equipo liderado por Katherina Erazo, comenz\u00f3 a realizar en terreno la denominada EFU (Encuesta Familiar \u00danica) que se aplica en este tipo de cat\u00e1strofes, con el objetivo de medir y evaluar el da\u00f1o en la poblaci\u00f3n y poder canalizar, de acuerdo a las necesidades, la ayuda pertinente.<\/p>\n<p>El martes la cantidad de profesionales se duplic\u00f3, ya que en terreno percibieron la necesidad de las comunidades de Valpara\u00edso, por lo que viajaron ocho personas del Departamento Social esta vez al Cerro El Litre, coordinados con dirigentes del sector. El mismo d\u00eda durante la tarde, parte de la ayuda que se junt\u00f3 en la comuna fue llevada hasta el lugar, coordinando con el personal municipal que se encontraba en Valpara\u00edso, ya que no es f\u00e1cil el acceso a los cerros para entregar la ayuda en veh\u00edculos.<\/p>\n<p>De acuerdo a lo relatado por quienes estuvieron en terreno, el panorama es desolador e indescriptible, pero pese a eso los afectados tienen \u00e1nimo de salir adelante. Es por ello que el municipio continuar\u00e1 recolectando ayuda, esta vez en herramientas, sacos, guantes, mascarillas, material de construcci\u00f3n, agua, leche, utensilios de cocina, carpas, ropa de cama, colchones, termos, pa\u00f1ales de ni\u00f1o y adulto, toallas h\u00famedas y material de construcci\u00f3n.<\/p>\n<p>Agradecemos a todos quienes han colaborado y aportado en esta tremenda campa\u00f1a, que continuar\u00e1 realiz\u00e1ndose en la comuna, especialmente a Bomberos de Catemu; a los j\u00f3venes voluntarios; al personal municipal; a los medios locales y provinciales; a los particulares y a todas las organizaciones que han hecho llegar sus aportes, los invitamos a seguir ayudando a los damnificados de Valpara\u00edso que tanto lo necesitan.<\/p>\n<p>&nbsp;<\/p>\n","protected":false},"excerpt":{"rendered":"<p>CATEMU.- Luego de una intensa campa\u00f1a realizada en la comuna \u2013que a\u00fan continua- en la que se recolect\u00f3 ayuda para los damnificados tras el tremendo incendio de Valpara\u00edso, la primera parte de&#8230;<\/p>\n","protected":false},"author":482,"featured_media":45541,"comment_status":"open","ping_status":"closed","sticky":false,"template":"","format":"standard","meta":{"advanced_seo_description":"","jetpack_seo_html_title":"","jetpack_seo_noindex":false,"_jetpack_memberships_contains_paid_content":false,"footnotes":""},"categories":[15],"tags":[],"class_list":["post-45540","post","type-post","status-publish","format-standard","has-post-thumbnail","hentry","category-comunidad"],"jetpack_featured_media_url":"https:\/\/i0.wp.com\/eltrabajo.cl\/portal\/wp-content\/uploads\/2014\/04\/valpo3.jpg?fit=528%2C366&ssl=1","jetpack_sharing_enabled":true,"jetpack_likes_enabled":true,"jetpack-related-posts":[],"_links":{"self":[{"href":"https:\/\/eltrabajo.cl\/portal\/wp-json\/wp\/v2\/posts\/45540","targetHints":{"allow":["GET"]}}],"collection":[{"href":"https:\/\/eltrabajo.cl\/portal\/wp-json\/wp\/v2\/posts"}],"about":[{"href":"https:\/\/eltrabajo.cl\/portal\/wp-json\/wp\/v2\/types\/post"}],"author":[{"embeddable":true,"href":"https:\/\/eltrabajo.cl\/portal\/wp-json\/wp\/v2\/users\/482"}],"replies":[{"embeddable":true,"href":"https:\/\/eltrabajo.cl\/portal\/wp-json\/wp\/v2\/comments?post=45540"}],"version-history":[{"count":0,"href":"https:\/\/eltrabajo.cl\/portal\/wp-json\/wp\/v2\/posts\/45540\/revisions"}],"wp:featuredmedia":[{"embeddable":true,"href":"https:\/\/eltrabajo.cl\/portal\/wp-json\/wp\/v2\/media\/45541"}],"wp:attachment":[{"href":"https:\/\/eltrabajo.cl\/portal\/wp-json\/wp\/v2\/media?parent=45540"}],"wp:term":[{"taxonomy":"category","embeddable":true,"href":"https:\/\/eltrabajo.cl\/portal\/wp-json\/wp\/v2\/categories?post=45540"},{"taxonomy":"post_tag","embeddable":true,"href":"https:\/\/eltrabajo.cl\/portal\/wp-json\/wp\/v2\/tags?post=45540"}],"curies":[{"name":"wp","href":"https:\/\/api.w.org\/{rel}","templated":true}]}}