{"id":45545,"date":"2014-04-17T10:06:53","date_gmt":"2014-04-17T13:06:53","guid":{"rendered":"http:\/\/www.eltrabajo.cl\/portal\/?p=45545"},"modified":"2014-04-17T10:06:53","modified_gmt":"2014-04-17T13:06:53","slug":"inician-programa-de-nivelacion-para-tecnicos-en-enfermeria","status":"publish","type":"post","link":"https:\/\/eltrabajo.cl\/portal\/inician-programa-de-nivelacion-para-tecnicos-en-enfermeria\/","title":{"rendered":"Inician programa de Nivelaci\u00f3n para T\u00e9cnicos en Enfermer\u00eda"},"content":{"rendered":"<figure id=\"attachment_45546\" aria-describedby=\"caption-attachment-45546\" style=\"width: 528px\" class=\"wp-caption alignnone\"><a href=\"https:\/\/i0.wp.com\/www.eltrabajo.cl\/portal\/wp-content\/uploads\/2014\/04\/Salud2.jpg\"><img data-recalc-dims=\"1\" loading=\"lazy\" decoding=\"async\" class=\"size-full wp-image-45546\" alt=\"Este Programa Especial que tiene una duraci\u00f3n de dos semestres acad\u00e9micos, con un total de diez meses.\" src=\"https:\/\/i0.wp.com\/www.eltrabajo.cl\/portal\/wp-content\/uploads\/2014\/04\/Salud2.jpg?resize=528%2C217\" width=\"528\" height=\"217\" srcset=\"https:\/\/i0.wp.com\/eltrabajo.cl\/portal\/wp-content\/uploads\/2014\/04\/Salud2.jpg?w=528&amp;ssl=1 528w, https:\/\/i0.wp.com\/eltrabajo.cl\/portal\/wp-content\/uploads\/2014\/04\/Salud2.jpg?resize=200%2C82&amp;ssl=1 200w, https:\/\/i0.wp.com\/eltrabajo.cl\/portal\/wp-content\/uploads\/2014\/04\/Salud2.jpg?resize=300%2C123&amp;ssl=1 300w, https:\/\/i0.wp.com\/eltrabajo.cl\/portal\/wp-content\/uploads\/2014\/04\/Salud2.jpg?resize=150%2C61&amp;ssl=1 150w, https:\/\/i0.wp.com\/eltrabajo.cl\/portal\/wp-content\/uploads\/2014\/04\/Salud2.jpg?resize=400%2C164&amp;ssl=1 400w\" sizes=\"auto, (max-width: 528px) 100vw, 528px\" \/><\/a><figcaption id=\"caption-attachment-45546\" class=\"wp-caption-text\">Este Programa Especial que tiene una duraci\u00f3n de dos semestres acad\u00e9micos, con un total de diez meses.<\/figcaption><\/figure>\n<p>Este s\u00e1bado se inici\u00f3 el tercer curso para T\u00e9cnicos de Nivel Superior de Enfermer\u00eda, mismo que se inserta en el convenio que mantiene el Servicio de Salud Aconcagua con el C.F.T. de la Universidad de Valpara\u00edso. Desde sus inicios este programa cont\u00f3 con la iniciativa de la Federaci\u00f3n de T\u00e9cnicos Param\u00e9dicos del Servicio y se enmarca dentro de las pol\u00edticas de mejoramiento de la calidad de la atenci\u00f3n y la implementaci\u00f3n permanente de actividades de capacitaci\u00f3n y pol\u00edticas de perfeccionamiento profesional para sus funcionarios y funcionarias.<\/p>\n<figure id=\"attachment_45547\" aria-describedby=\"caption-attachment-45547\" style=\"width: 370px\" class=\"wp-caption alignright\"><a href=\"https:\/\/i0.wp.com\/www.eltrabajo.cl\/portal\/wp-content\/uploads\/2014\/04\/Salud1.jpg\"><img data-recalc-dims=\"1\" loading=\"lazy\" decoding=\"async\" class=\" wp-image-45547 \" alt=\"Esta iniciativa desde el a\u00f1o 2012 se viene realizando y est\u00e1 destinada a fortalecer las competencias t\u00e9cnicas del personal de salud.\" src=\"https:\/\/i0.wp.com\/www.eltrabajo.cl\/portal\/wp-content\/uploads\/2014\/04\/Salud1.jpg?resize=370%2C185\" width=\"370\" height=\"185\" srcset=\"https:\/\/i0.wp.com\/eltrabajo.cl\/portal\/wp-content\/uploads\/2014\/04\/Salud1.jpg?w=529&amp;ssl=1 529w, https:\/\/i0.wp.com\/eltrabajo.cl\/portal\/wp-content\/uploads\/2014\/04\/Salud1.jpg?resize=200%2C99&amp;ssl=1 200w, https:\/\/i0.wp.com\/eltrabajo.cl\/portal\/wp-content\/uploads\/2014\/04\/Salud1.jpg?resize=300%2C149&amp;ssl=1 300w, https:\/\/i0.wp.com\/eltrabajo.cl\/portal\/wp-content\/uploads\/2014\/04\/Salud1.jpg?resize=150%2C74&amp;ssl=1 150w, https:\/\/i0.wp.com\/eltrabajo.cl\/portal\/wp-content\/uploads\/2014\/04\/Salud1.jpg?resize=400%2C199&amp;ssl=1 400w\" sizes=\"auto, (max-width: 370px) 100vw, 370px\" \/><\/a><figcaption id=\"caption-attachment-45547\" class=\"wp-caption-text\">Esta iniciativa desde el a\u00f1o 2012 se viene realizando y est\u00e1 destinada a fortalecer las competencias t\u00e9cnicas del personal de salud.<\/figcaption><\/figure>\n<p>\u201cEs de vital importancia para nuestro Servicio facilitar estas instancias de perfeccionamiento para nuestros funcionarios, no s\u00f3lo como un desaf\u00edo personal, sino tambi\u00e9n como una herramienta que permita fortalecer sus competencias t\u00e9cnicas para un objetivo y trabajo com\u00fan que es el mejoramiento de la calidad de la atenci\u00f3n para los usuarios del Valle de Aconcagua\u201d, se\u00f1al\u00f3 el Subdirector de Gesti\u00f3n Asistencial, Dr. Luis Foncea.<\/p>\n<p>Este Programa Especial que tiene una duraci\u00f3n de dos semestres acad\u00e9micos, con un total de diez meses, logra su tercera versi\u00f3n gracias al apoyo de los equipos directivos de los establecimientos que han facilitado la realizaci\u00f3n de estos tres cursos sin desatender la continuidad y calidad de atenci\u00f3n de los usuarios.<\/p>\n<p>Con la presencia de directivos del Servicio de Salud, de autoridades de la Universidad de Valpara\u00edso y de representantes de la Federaci\u00f3n de T\u00e9cnicos Param\u00e9dicos, en la ceremonia hubo especial importancia cuando se inform\u00f3 que la pr\u00f3xima semana se realizar\u00e1 la ceremonia de titulaci\u00f3n de los primeros 40 funcionarios que iniciaron el primer curso de nivelaci\u00f3n.<\/p>\n<p>&nbsp;<\/p>\n","protected":false},"excerpt":{"rendered":"<p>Este s\u00e1bado se inici\u00f3 el tercer curso para T\u00e9cnicos de Nivel Superior de Enfermer\u00eda, mismo que se inserta en el convenio que mantiene el Servicio de Salud Aconcagua con el C.F.T. de&#8230;<\/p>\n","protected":false},"author":482,"featured_media":45546,"comment_status":"open","ping_status":"closed","sticky":false,"template":"","format":"standard","meta":{"advanced_seo_description":"","jetpack_seo_html_title":"","jetpack_seo_noindex":false,"_jetpack_memberships_contains_paid_content":false,"footnotes":""},"categories":[1],"tags":[],"class_list":["post-45545","post","type-post","status-publish","format-standard","has-post-thumbnail","hentry","category-cronica"],"jetpack_featured_media_url":"https:\/\/i0.wp.com\/eltrabajo.cl\/portal\/wp-content\/uploads\/2014\/04\/Salud2.jpg?fit=528%2C217&ssl=1","jetpack_sharing_enabled":true,"jetpack_likes_enabled":true,"jetpack-related-posts":[],"_links":{"self":[{"href":"https:\/\/eltrabajo.cl\/portal\/wp-json\/wp\/v2\/posts\/45545","targetHints":{"allow":["GET"]}}],"collection":[{"href":"https:\/\/eltrabajo.cl\/portal\/wp-json\/wp\/v2\/posts"}],"about":[{"href":"https:\/\/eltrabajo.cl\/portal\/wp-json\/wp\/v2\/types\/post"}],"author":[{"embeddable":true,"href":"https:\/\/eltrabajo.cl\/portal\/wp-json\/wp\/v2\/users\/482"}],"replies":[{"embeddable":true,"href":"https:\/\/eltrabajo.cl\/portal\/wp-json\/wp\/v2\/comments?post=45545"}],"version-history":[{"count":0,"href":"https:\/\/eltrabajo.cl\/portal\/wp-json\/wp\/v2\/posts\/45545\/revisions"}],"wp:featuredmedia":[{"embeddable":true,"href":"https:\/\/eltrabajo.cl\/portal\/wp-json\/wp\/v2\/media\/45546"}],"wp:attachment":[{"href":"https:\/\/eltrabajo.cl\/portal\/wp-json\/wp\/v2\/media?parent=45545"}],"wp:term":[{"taxonomy":"category","embeddable":true,"href":"https:\/\/eltrabajo.cl\/portal\/wp-json\/wp\/v2\/categories?post=45545"},{"taxonomy":"post_tag","embeddable":true,"href":"https:\/\/eltrabajo.cl\/portal\/wp-json\/wp\/v2\/tags?post=45545"}],"curies":[{"name":"wp","href":"https:\/\/api.w.org\/{rel}","templated":true}]}}