{"id":45550,"date":"2014-04-17T10:08:50","date_gmt":"2014-04-17T13:08:50","guid":{"rendered":"http:\/\/www.eltrabajo.cl\/portal\/?p=45550"},"modified":"2014-04-17T10:08:50","modified_gmt":"2014-04-17T13:08:50","slug":"asistentes-sociales-impulsan-la-lectura-al-interior-de-penal-andino","status":"publish","type":"post","link":"https:\/\/eltrabajo.cl\/portal\/asistentes-sociales-impulsan-la-lectura-al-interior-de-penal-andino\/","title":{"rendered":"Asistentes sociales impulsan la lectura al interior de penal andino"},"content":{"rendered":"<figure id=\"attachment_45551\" aria-describedby=\"caption-attachment-45551\" style=\"width: 529px\" class=\"wp-caption alignnone\"><a href=\"https:\/\/i0.wp.com\/www.eltrabajo.cl\/portal\/wp-content\/uploads\/2014\/04\/lectura-3.jpg\"><img data-recalc-dims=\"1\" loading=\"lazy\" decoding=\"async\" class=\"size-full wp-image-45551\" alt=\"Adem\u00e1s, la iniciativa busca reunir a los padres con sus hijos y fortalecerlos v\u00ednculos afectivos entre la poblaci\u00f3n penal. \" src=\"https:\/\/i0.wp.com\/www.eltrabajo.cl\/portal\/wp-content\/uploads\/2014\/04\/lectura-3.jpg?resize=529%2C358\" width=\"529\" height=\"358\" srcset=\"https:\/\/i0.wp.com\/eltrabajo.cl\/portal\/wp-content\/uploads\/2014\/04\/lectura-3.jpg?w=529&amp;ssl=1 529w, https:\/\/i0.wp.com\/eltrabajo.cl\/portal\/wp-content\/uploads\/2014\/04\/lectura-3.jpg?resize=200%2C135&amp;ssl=1 200w, https:\/\/i0.wp.com\/eltrabajo.cl\/portal\/wp-content\/uploads\/2014\/04\/lectura-3.jpg?resize=300%2C203&amp;ssl=1 300w, https:\/\/i0.wp.com\/eltrabajo.cl\/portal\/wp-content\/uploads\/2014\/04\/lectura-3.jpg?resize=150%2C101&amp;ssl=1 150w, https:\/\/i0.wp.com\/eltrabajo.cl\/portal\/wp-content\/uploads\/2014\/04\/lectura-3.jpg?resize=400%2C270&amp;ssl=1 400w\" sizes=\"auto, (max-width: 529px) 100vw, 529px\" \/><\/a><figcaption id=\"caption-attachment-45551\" class=\"wp-caption-text\">Adem\u00e1s, la iniciativa busca reunir a los padres con sus hijos y fortalecerlos v\u00ednculos afectivos entre la poblaci\u00f3n penal.<\/figcaption><\/figure>\n<p><strong>LOS ANDES.<\/strong>&#8211; Por medio del Programa Abriendo Caminos, el cual entrega atenci\u00f3n a menores de edad que sean hijos de internos, las asistentes sociales Viviana Schultzy Joyce conocieron el centro de Cumplimiento Penitenciario de Los Andes. Este fue el comienzo de una relaci\u00f3n que hoy las tiene realizando el proyecto denominado \u2018Abriendo Caminos a la Lectura\u2019.<\/p>\n<p>La iniciativa es financiada por el Consejo de la Cultura y las Artes, se realiza una vez a la semana y se mantendr\u00e1 durante dos a\u00f1os. En un principio se trabajar\u00e1 solamente con las mujeres del penal, para luego extenderse a la poblaci\u00f3n masculina. Adem\u00e1s, se efectuar\u00e1n sesiones entre las madres y sus hijos y los padres con sus hijos.<\/p>\n<figure id=\"attachment_45552\" aria-describedby=\"caption-attachment-45552\" style=\"width: 370px\" class=\"wp-caption alignright\"><a href=\"https:\/\/i0.wp.com\/www.eltrabajo.cl\/portal\/wp-content\/uploads\/2014\/04\/lectura-2.jpg\"><img data-recalc-dims=\"1\" loading=\"lazy\" decoding=\"async\" class=\" wp-image-45552 \" alt=\"La iniciativa es financiada por el Consejo de la Cultura y las Artes, se realiza una vez a la semana y se mantendr\u00e1 durante dos a\u00f1os.\" src=\"https:\/\/i0.wp.com\/www.eltrabajo.cl\/portal\/wp-content\/uploads\/2014\/04\/lectura-2.jpg?resize=370%2C251\" width=\"370\" height=\"251\" srcset=\"https:\/\/i0.wp.com\/eltrabajo.cl\/portal\/wp-content\/uploads\/2014\/04\/lectura-2.jpg?w=529&amp;ssl=1 529w, https:\/\/i0.wp.com\/eltrabajo.cl\/portal\/wp-content\/uploads\/2014\/04\/lectura-2.jpg?resize=200%2C135&amp;ssl=1 200w, https:\/\/i0.wp.com\/eltrabajo.cl\/portal\/wp-content\/uploads\/2014\/04\/lectura-2.jpg?resize=300%2C203&amp;ssl=1 300w, https:\/\/i0.wp.com\/eltrabajo.cl\/portal\/wp-content\/uploads\/2014\/04\/lectura-2.jpg?resize=150%2C101&amp;ssl=1 150w, https:\/\/i0.wp.com\/eltrabajo.cl\/portal\/wp-content\/uploads\/2014\/04\/lectura-2.jpg?resize=400%2C270&amp;ssl=1 400w\" sizes=\"auto, (max-width: 370px) 100vw, 370px\" \/><\/a><figcaption id=\"caption-attachment-45552\" class=\"wp-caption-text\">La iniciativa es financiada por el Consejo de la Cultura y las Artes, se realiza una vez a la semana y se mantendr\u00e1 durante dos a\u00f1os.<\/figcaption><\/figure>\n<p>Viviana sostuvo que \u201cse tendr\u00e1 la posibilidad de que los ni\u00f1os se acerquen a sus pap\u00e1s a trav\u00e9s de la lectura. Adem\u00e1s, les permite recrearse y tambi\u00e9n es una forma de pensar en otras cosas y, de alguna manera, olvidarse de que est\u00e1n presos. Es un peque\u00f1o espacio de libertad\u201d.<\/p>\n<p>La asistente social a\u00f1adi\u00f3 que por medio de este trabajo en equipo las internas podr\u00e1n establecer o fortalecer v\u00ednculos afectivos, tanto con sus hijos como con sus propias compa\u00f1eras.<\/p>\n<p>Por su parte, la Jefa del \u00c1rea T\u00e9cnica de la unidad andina, Hada Lizana, sostuvo que \u201cel a\u00f1o pasado tuvimos un taller de literatura que fue un proyecto que nos lleg\u00f3 desde la Dibam (Direcci\u00f3n de Bibliotecas, Archivos y Museos) y el a\u00f1o anterior hab\u00edamos hecho otro taller literario a cargo de un profesor de ense\u00f1anza media de Los Andes y que dio muy buenos resultados\u201d. Adem\u00e1s de una lectura colectiva, durante el taller se contemplan doce sesiones de una hora y media cada una, se efect\u00faan trabajos tales como elaboraci\u00f3n de acuarelas o creaci\u00f3n de poemas, entre otras actividades.<\/p>\n<p>&nbsp;<\/p>\n","protected":false},"excerpt":{"rendered":"<p>LOS ANDES.&#8211; Por medio del Programa Abriendo Caminos, el cual entrega atenci\u00f3n a menores de edad que sean hijos de internos, las asistentes sociales Viviana Schultzy Joyce conocieron el centro de Cumplimiento&#8230;<\/p>\n","protected":false},"author":482,"featured_media":45551,"comment_status":"open","ping_status":"closed","sticky":false,"template":"","format":"standard","meta":{"advanced_seo_description":"","jetpack_seo_html_title":"","jetpack_seo_noindex":false,"_jetpack_memberships_contains_paid_content":false,"footnotes":""},"categories":[1],"tags":[],"class_list":["post-45550","post","type-post","status-publish","format-standard","has-post-thumbnail","hentry","category-cronica"],"jetpack_featured_media_url":"https:\/\/i0.wp.com\/eltrabajo.cl\/portal\/wp-content\/uploads\/2014\/04\/lectura-3.jpg?fit=529%2C358&ssl=1","jetpack_sharing_enabled":true,"jetpack_likes_enabled":true,"jetpack-related-posts":[],"_links":{"self":[{"href":"https:\/\/eltrabajo.cl\/portal\/wp-json\/wp\/v2\/posts\/45550","targetHints":{"allow":["GET"]}}],"collection":[{"href":"https:\/\/eltrabajo.cl\/portal\/wp-json\/wp\/v2\/posts"}],"about":[{"href":"https:\/\/eltrabajo.cl\/portal\/wp-json\/wp\/v2\/types\/post"}],"author":[{"embeddable":true,"href":"https:\/\/eltrabajo.cl\/portal\/wp-json\/wp\/v2\/users\/482"}],"replies":[{"embeddable":true,"href":"https:\/\/eltrabajo.cl\/portal\/wp-json\/wp\/v2\/comments?post=45550"}],"version-history":[{"count":0,"href":"https:\/\/eltrabajo.cl\/portal\/wp-json\/wp\/v2\/posts\/45550\/revisions"}],"wp:featuredmedia":[{"embeddable":true,"href":"https:\/\/eltrabajo.cl\/portal\/wp-json\/wp\/v2\/media\/45551"}],"wp:attachment":[{"href":"https:\/\/eltrabajo.cl\/portal\/wp-json\/wp\/v2\/media?parent=45550"}],"wp:term":[{"taxonomy":"category","embeddable":true,"href":"https:\/\/eltrabajo.cl\/portal\/wp-json\/wp\/v2\/categories?post=45550"},{"taxonomy":"post_tag","embeddable":true,"href":"https:\/\/eltrabajo.cl\/portal\/wp-json\/wp\/v2\/tags?post=45550"}],"curies":[{"name":"wp","href":"https:\/\/api.w.org\/{rel}","templated":true}]}}