{"id":45555,"date":"2014-04-17T10:10:01","date_gmt":"2014-04-17T13:10:01","guid":{"rendered":"http:\/\/www.eltrabajo.cl\/portal\/?p=45555"},"modified":"2014-04-17T10:10:01","modified_gmt":"2014-04-17T13:10:01","slug":"invitan-a-estudiantes-del-valle-a-participar-del-concurso-cuanto-sabes-del-cobre","status":"publish","type":"post","link":"https:\/\/eltrabajo.cl\/portal\/invitan-a-estudiantes-del-valle-a-participar-del-concurso-cuanto-sabes-del-cobre\/","title":{"rendered":"Invitan a estudiantes del Valle a participar del concurso \u00bfCu\u00e1nto Sabes del Cobre?"},"content":{"rendered":"<figure id=\"attachment_45556\" aria-describedby=\"caption-attachment-45556\" style=\"width: 528px\" class=\"wp-caption alignnone\"><a href=\"https:\/\/i0.wp.com\/www.eltrabajo.cl\/portal\/wp-content\/uploads\/2014\/04\/Codelco1.jpg\"><img data-recalc-dims=\"1\" loading=\"lazy\" decoding=\"async\" class=\"size-full wp-image-45556\" alt=\"La Divisi\u00f3n Andina de Codelco invita a los alumnos desde 1\u00ba B\u00e1sico hasta 4\u00ba Medio de todos los establecimientos educacionales del Valle de Aconcagua, a participar del concurso \u00bfCu\u00e1nto Sabes del Cobre?.  \" src=\"https:\/\/i0.wp.com\/www.eltrabajo.cl\/portal\/wp-content\/uploads\/2014\/04\/Codelco1.jpg?resize=528%2C312\" width=\"528\" height=\"312\" srcset=\"https:\/\/i0.wp.com\/eltrabajo.cl\/portal\/wp-content\/uploads\/2014\/04\/Codelco1.jpg?w=528&amp;ssl=1 528w, https:\/\/i0.wp.com\/eltrabajo.cl\/portal\/wp-content\/uploads\/2014\/04\/Codelco1.jpg?resize=200%2C118&amp;ssl=1 200w, https:\/\/i0.wp.com\/eltrabajo.cl\/portal\/wp-content\/uploads\/2014\/04\/Codelco1.jpg?resize=300%2C177&amp;ssl=1 300w, https:\/\/i0.wp.com\/eltrabajo.cl\/portal\/wp-content\/uploads\/2014\/04\/Codelco1.jpg?resize=150%2C88&amp;ssl=1 150w, https:\/\/i0.wp.com\/eltrabajo.cl\/portal\/wp-content\/uploads\/2014\/04\/Codelco1.jpg?resize=400%2C236&amp;ssl=1 400w\" sizes=\"auto, (max-width: 528px) 100vw, 528px\" \/><\/a><figcaption id=\"caption-attachment-45556\" class=\"wp-caption-text\">La Divisi\u00f3n Andina de Codelco invita a los alumnos desde 1\u00ba B\u00e1sico hasta 4\u00ba Medio de todos los establecimientos educacionales del Valle de Aconcagua, a participar del concurso \u00bfCu\u00e1nto Sabes del Cobre?.<\/figcaption><\/figure>\n<p><strong>ACONCAGUA<\/strong>.- Como ha sido una tradici\u00f3n, la Divisi\u00f3n Andina de Codelco invita a los alumnos desde 1\u00ba B\u00e1sico hasta 4\u00ba Medio de todos los establecimientos educacionales del Valle de Aconcagua, a participar del concurso \u00bfCu\u00e1nto Sabes del Cobre?. A trav\u00e9s de su Stand que estar\u00e1 ubicado al interior del Parque Cordillera, donde se desarrollar\u00e1 la 39\u00aa versi\u00f3n de Filan, desde el 17 al 20 de abril.<\/p>\n<p>\u00bfC\u00f3mo participar? Al momento de ingresar los alumnos al Stand de Andina, deben observar las distintas gr\u00e1ficas que contiene: los distintos usos del cobre que se le est\u00e1 dando a nivel mundial; contenidos de proyectos de desarrollo; donde se dan a conocer algunos detalles relacionados con la Expansi\u00f3n de Andina; la l\u00ednea 800 que dispuso Codelco para que los vecinos puedan realizar sus observaciones ambientales y el futuro Centro Cultural en la ex-estaci\u00f3n de Trenes de Los Andes, que albergar\u00e1 el proyecto comunitario m\u00e1s exitoso, la Orquesta Sinf\u00f3nica Infantil de Los Andes Fosila, que se pondr\u00e1 en marcha dentro de los pr\u00f3ximos meses.<\/p>\n<p>Luego de apreciar los contendidos del Stand, los alumnos deber\u00e1n llenar un cuestionario que contiene preguntas relacionadas con lo que han observado en las distintas exposiciones. En cuanto a los premios para los participantes, estos son: 1\u00ba lugar, Un Ipad Mini de 16 GB; 2\u00ba lugar, una Bicicleta Mountain Bike Aro 26 y 3\u00ba lugar, un Televisor LCD de 32 pulgadas. Es importante que los alumnos al momento de llenar el cuestionario coloquen todos sus datos; nombre y los dos apellidos, curso y establecimiento educacional al que pertenecen. El sorteo se realizar\u00e1 a fines del mes de abril donde los organizadores se contactar\u00e1n con los ganadores.<\/p>\n<p>&nbsp;<\/p>\n","protected":false},"excerpt":{"rendered":"<p>ACONCAGUA.- Como ha sido una tradici\u00f3n, la Divisi\u00f3n Andina de Codelco invita a los alumnos desde 1\u00ba B\u00e1sico hasta 4\u00ba Medio de todos los establecimientos educacionales del Valle de Aconcagua, a participar&#8230;<\/p>\n","protected":false},"author":482,"featured_media":45556,"comment_status":"open","ping_status":"closed","sticky":false,"template":"","format":"standard","meta":{"advanced_seo_description":"","jetpack_seo_html_title":"","jetpack_seo_noindex":false,"_jetpack_memberships_contains_paid_content":false,"footnotes":""},"categories":[1],"tags":[],"class_list":["post-45555","post","type-post","status-publish","format-standard","has-post-thumbnail","hentry","category-cronica"],"jetpack_featured_media_url":"https:\/\/i0.wp.com\/eltrabajo.cl\/portal\/wp-content\/uploads\/2014\/04\/Codelco1.jpg?fit=528%2C312&ssl=1","jetpack_sharing_enabled":true,"jetpack_likes_enabled":true,"jetpack-related-posts":[],"_links":{"self":[{"href":"https:\/\/eltrabajo.cl\/portal\/wp-json\/wp\/v2\/posts\/45555","targetHints":{"allow":["GET"]}}],"collection":[{"href":"https:\/\/eltrabajo.cl\/portal\/wp-json\/wp\/v2\/posts"}],"about":[{"href":"https:\/\/eltrabajo.cl\/portal\/wp-json\/wp\/v2\/types\/post"}],"author":[{"embeddable":true,"href":"https:\/\/eltrabajo.cl\/portal\/wp-json\/wp\/v2\/users\/482"}],"replies":[{"embeddable":true,"href":"https:\/\/eltrabajo.cl\/portal\/wp-json\/wp\/v2\/comments?post=45555"}],"version-history":[{"count":0,"href":"https:\/\/eltrabajo.cl\/portal\/wp-json\/wp\/v2\/posts\/45555\/revisions"}],"wp:featuredmedia":[{"embeddable":true,"href":"https:\/\/eltrabajo.cl\/portal\/wp-json\/wp\/v2\/media\/45556"}],"wp:attachment":[{"href":"https:\/\/eltrabajo.cl\/portal\/wp-json\/wp\/v2\/media?parent=45555"}],"wp:term":[{"taxonomy":"category","embeddable":true,"href":"https:\/\/eltrabajo.cl\/portal\/wp-json\/wp\/v2\/categories?post=45555"},{"taxonomy":"post_tag","embeddable":true,"href":"https:\/\/eltrabajo.cl\/portal\/wp-json\/wp\/v2\/tags?post=45555"}],"curies":[{"name":"wp","href":"https:\/\/api.w.org\/{rel}","templated":true}]}}