{"id":45558,"date":"2014-04-17T10:12:18","date_gmt":"2014-04-17T13:12:18","guid":{"rendered":"http:\/\/www.eltrabajo.cl\/portal\/?p=45558"},"modified":"2014-04-17T10:12:18","modified_gmt":"2014-04-17T13:12:18","slug":"basado-en-historia-de-cirpedipreca-estrenan-en-television-abierta-el-documental-mala-muerte","status":"publish","type":"post","link":"https:\/\/eltrabajo.cl\/portal\/basado-en-historia-de-cirpedipreca-estrenan-en-television-abierta-el-documental-mala-muerte\/","title":{"rendered":"Basado en historia de Cirpedipreca estrenan en Televisi\u00f3n Abierta el documental \u2018Mala Muerte\u2019"},"content":{"rendered":"<figure id=\"attachment_45559\" aria-describedby=\"caption-attachment-45559\" style=\"width: 318px\" class=\"wp-caption alignleft\"><a href=\"https:\/\/i0.wp.com\/www.eltrabajo.cl\/portal\/wp-content\/uploads\/2014\/04\/Lertora1.jpg\"><img data-recalc-dims=\"1\" loading=\"lazy\" decoding=\"async\" class=\" wp-image-45559 \" alt=\"Carlos Lertora, documentalista chileno.\" src=\"https:\/\/i0.wp.com\/www.eltrabajo.cl\/portal\/wp-content\/uploads\/2014\/04\/Lertora1.jpg?resize=318%2C318\" width=\"318\" height=\"318\" srcset=\"https:\/\/i0.wp.com\/eltrabajo.cl\/portal\/wp-content\/uploads\/2014\/04\/Lertora1.jpg?w=530&amp;ssl=1 530w, https:\/\/i0.wp.com\/eltrabajo.cl\/portal\/wp-content\/uploads\/2014\/04\/Lertora1.jpg?resize=150%2C150&amp;ssl=1 150w, https:\/\/i0.wp.com\/eltrabajo.cl\/portal\/wp-content\/uploads\/2014\/04\/Lertora1.jpg?resize=300%2C300&amp;ssl=1 300w, https:\/\/i0.wp.com\/eltrabajo.cl\/portal\/wp-content\/uploads\/2014\/04\/Lertora1.jpg?resize=400%2C400&amp;ssl=1 400w\" sizes=\"auto, (max-width: 318px) 100vw, 318px\" \/><\/a><figcaption id=\"caption-attachment-45559\" class=\"wp-caption-text\">Carlos Lertora, documentalista chileno.<\/figcaption><\/figure>\n<p>Este fin de semana de reflexi\u00f3n y recogimiento servir\u00e1 para observar en Televisi\u00f3n Abierta, por la se\u00f1al UCVTV, el documental \u2018Mala Muerte\u2019, dirigida por el realizador sanfelipe\u00f1o Carlos L\u00e9rtora, producida por \u2018Dereojo Comunicaciones\u2019 y ganadora de un Fondart Regional en la Modalidad Patrimonio Inmaterial. La obra audiovisual propone una reflexi\u00f3n sobre las pr\u00e1cticas sociales y personajes que construyen la cotidianeidad del peculiar Bar Restaurante Cirpedipreca de San Felipe, sugiriendo una disputa con agentes de modernidad a los que este m\u00edtico lugar se resiste.<\/p>\n<p>Su estreno en televisi\u00f3n ser\u00e1 este s\u00e1bado 19 de abril a las 18:30 horas en el segmento Pa\u00eds Cultural de UCV-TV.<\/p>\n<p><strong>CULTURA DEL OCIO<\/strong><\/p>\n<p>A pesar de las tradiciones que han subsistido en los casi 100 a\u00f1os de existencia del Cirpedipreca, hoy la modernidad comienza a percibirse como ineludible factor de amenaza principalmente en la estandarizaci\u00f3n del consumo. \u2018Mala Muerte\u2019 alude a esta pugna, a la transformaci\u00f3n social de las actividades, comidas y costumbres que representan un modo de vida casi extinto. All\u00ed, la cultura del ocio es fen\u00f3meno determinante en su formaci\u00f3n identitaria.<\/p>\n<p>El documental registra una actualidad desde lo habitual y las conversaciones que evocan un pasado y describen un presente dif\u00edcil de sostener. La pieza tambi\u00e9n se ha programado para exhibirla en sociedad la tercera semana de mayo en el Teatro Municipal de San Felipe, en d\u00eda y hora a confirmar.<\/p>\n<p>&nbsp;<\/p>\n","protected":false},"excerpt":{"rendered":"<p>Este fin de semana de reflexi\u00f3n y recogimiento servir\u00e1 para observar en Televisi\u00f3n Abierta, por la se\u00f1al UCVTV, el documental \u2018Mala Muerte\u2019, dirigida por el realizador sanfelipe\u00f1o Carlos L\u00e9rtora, producida por \u2018Dereojo&#8230;<\/p>\n","protected":false},"author":482,"featured_media":45559,"comment_status":"open","ping_status":"closed","sticky":false,"template":"","format":"standard","meta":{"advanced_seo_description":"","jetpack_seo_html_title":"","jetpack_seo_noindex":false,"_jetpack_memberships_contains_paid_content":false,"footnotes":""},"categories":[1],"tags":[],"class_list":["post-45558","post","type-post","status-publish","format-standard","has-post-thumbnail","hentry","category-cronica"],"jetpack_featured_media_url":"https:\/\/i0.wp.com\/eltrabajo.cl\/portal\/wp-content\/uploads\/2014\/04\/Lertora1.jpg?fit=530%2C530&ssl=1","jetpack_sharing_enabled":true,"jetpack_likes_enabled":true,"jetpack-related-posts":[],"_links":{"self":[{"href":"https:\/\/eltrabajo.cl\/portal\/wp-json\/wp\/v2\/posts\/45558","targetHints":{"allow":["GET"]}}],"collection":[{"href":"https:\/\/eltrabajo.cl\/portal\/wp-json\/wp\/v2\/posts"}],"about":[{"href":"https:\/\/eltrabajo.cl\/portal\/wp-json\/wp\/v2\/types\/post"}],"author":[{"embeddable":true,"href":"https:\/\/eltrabajo.cl\/portal\/wp-json\/wp\/v2\/users\/482"}],"replies":[{"embeddable":true,"href":"https:\/\/eltrabajo.cl\/portal\/wp-json\/wp\/v2\/comments?post=45558"}],"version-history":[{"count":0,"href":"https:\/\/eltrabajo.cl\/portal\/wp-json\/wp\/v2\/posts\/45558\/revisions"}],"wp:featuredmedia":[{"embeddable":true,"href":"https:\/\/eltrabajo.cl\/portal\/wp-json\/wp\/v2\/media\/45559"}],"wp:attachment":[{"href":"https:\/\/eltrabajo.cl\/portal\/wp-json\/wp\/v2\/media?parent=45558"}],"wp:term":[{"taxonomy":"category","embeddable":true,"href":"https:\/\/eltrabajo.cl\/portal\/wp-json\/wp\/v2\/categories?post=45558"},{"taxonomy":"post_tag","embeddable":true,"href":"https:\/\/eltrabajo.cl\/portal\/wp-json\/wp\/v2\/tags?post=45558"}],"curies":[{"name":"wp","href":"https:\/\/api.w.org\/{rel}","templated":true}]}}