{"id":45563,"date":"2014-04-17T10:30:27","date_gmt":"2014-04-17T13:30:27","guid":{"rendered":"http:\/\/www.eltrabajo.cl\/portal\/?p=45563"},"modified":"2014-04-17T10:30:27","modified_gmt":"2014-04-17T13:30:27","slug":"jose-cabrera-soto-denunciado-por-presunta-estafa-yo-perdi-un-millon-y-medio-en-mano-de-obra-ella-perdio-toda-su-plata","status":"publish","type":"post","link":"https:\/\/eltrabajo.cl\/portal\/jose-cabrera-soto-denunciado-por-presunta-estafa-yo-perdi-un-millon-y-medio-en-mano-de-obra-ella-perdio-toda-su-plata\/","title":{"rendered":"Jos\u00e9 Cabrera Soto, denunciado por presunta estafa: \u00abYo perd\u00ed un mill\u00f3n y medio en mano de obra, ella perdi\u00f3 toda su plata\u00bb"},"content":{"rendered":"<figure id=\"attachment_45564\" aria-describedby=\"caption-attachment-45564\" style=\"width: 370px\" class=\"wp-caption alignleft\"><a href=\"https:\/\/i0.wp.com\/www.eltrabajo.cl\/portal\/wp-content\/uploads\/2014\/04\/Jose-Luis-Cabrera.jpg\"><img data-recalc-dims=\"1\" loading=\"lazy\" decoding=\"async\" class=\" wp-image-45564 \" alt=\"Jos\u00e9 Luis Cabrera, aunque reconoce que el dinero de la fruta \u00e9l la recibi\u00f3 y la deposit\u00f3 en su cuenta, al final \u00e9l tambi\u00e9n perdi\u00f3.\" src=\"https:\/\/i0.wp.com\/www.eltrabajo.cl\/portal\/wp-content\/uploads\/2014\/04\/Jose-Luis-Cabrera.jpg?resize=370%2C267\" width=\"370\" height=\"267\" srcset=\"https:\/\/i0.wp.com\/eltrabajo.cl\/portal\/wp-content\/uploads\/2014\/04\/Jose-Luis-Cabrera.jpg?w=529&amp;ssl=1 529w, https:\/\/i0.wp.com\/eltrabajo.cl\/portal\/wp-content\/uploads\/2014\/04\/Jose-Luis-Cabrera.jpg?resize=200%2C144&amp;ssl=1 200w, https:\/\/i0.wp.com\/eltrabajo.cl\/portal\/wp-content\/uploads\/2014\/04\/Jose-Luis-Cabrera.jpg?resize=300%2C216&amp;ssl=1 300w, https:\/\/i0.wp.com\/eltrabajo.cl\/portal\/wp-content\/uploads\/2014\/04\/Jose-Luis-Cabrera.jpg?resize=150%2C108&amp;ssl=1 150w, https:\/\/i0.wp.com\/eltrabajo.cl\/portal\/wp-content\/uploads\/2014\/04\/Jose-Luis-Cabrera.jpg?resize=400%2C288&amp;ssl=1 400w\" sizes=\"auto, (max-width: 370px) 100vw, 370px\" \/><\/a><figcaption id=\"caption-attachment-45564\" class=\"wp-caption-text\">Jos\u00e9 Luis Cabrera, aunque reconoce que el dinero de la fruta \u00e9l la recibi\u00f3 y la deposit\u00f3 en su cuenta, al final \u00e9l tambi\u00e9n perdi\u00f3.<\/figcaption><\/figure>\n<p>Empresario sanfelipe\u00f1o asegura que la \u00fanica persona que gan\u00f3 en este negocio fue un tercer empresario y asegura ser totalmente inocente en relaci\u00f3n a hechos denunciados por una ciudadana peruana, quien lo se\u00f1ala como el autor del delito de Estafa.<\/p>\n<p>En relaci\u00f3n al caso de la denuncia por Estafa que la PDI confirm\u00f3 estar investigando en contra del empresario sanfelipe\u00f1o Jos\u00e9 Luis Cabrera Soto, este mismo se present\u00f3 en nuestra Sala de Redacci\u00f3n para explicar su versi\u00f3n de los hechos expuestos por la peruana In\u00e9s G\u00f3mez Ch\u00e1vez, quien lo acusara por Estafa ante las autoridades chilenas.<\/p>\n<p><strong>\u00a0VERSI\u00d3N DE\u00a0JOS\u00c9 CABRERA<\/strong><\/p>\n<p>Ante lo anterior y sin aportar documentos ni pruebas de ning\u00fan tipo, nada m\u00e1s que su palabra, Cabrera habl\u00f3 con Diario El Trabajo para \u2018limpiar su nombre\u2019.<\/p>\n<p><strong>&#8211; \u00bfQu\u00e9 tiene usted que explicar a las acusaciones publicadas en su contra?<\/strong><\/p>\n<p>&#8211; \u00abPrimero que nada quiero aclarar que a esta se\u00f1ora peruana yo no le vend\u00ed ni un grano de uva, yo se la vend\u00ed a otro empresario sanfelipe\u00f1o que se llama Miguel Herrera Moreno, el cual es quien hizo el negocio con el marido de ella, hasta ah\u00ed yo llegaba\u00bb.<\/p>\n<p><strong>&#8211; \u00bfC\u00f3mo empieza este problema?<\/strong><\/p>\n<p>&#8211; \u00abLo que pas\u00f3 es que este se\u00f1or, Miguel Herrera Moreno, lo que hizo fue embalar esa fruta con logos usados, lo cual no se puede hacer as\u00ed para exportaci\u00f3n, por lo cual la fruta fue rechazada en los frigor\u00edficos de Unifruti en Copiap\u00f3, no pudiendo ser fumigado como corresponde para llegar al Per\u00fa, lo cual no era mi problema ni me interesaba, lo m\u00edo era vender mi fruta y ya la hab\u00eda vendido a Miguel Herrera\u00bb.<\/p>\n<p><strong>&#8211; Si ya usted hab\u00eda cobrado su fruta, \u00bfc\u00f3mo aparece de pronto tratando despu\u00e9s con la afectada?<\/strong><\/p>\n<p>&#8211; \u00abCuando a m\u00ed me avisan que a esta se\u00f1ora le hab\u00edan rechazado la fruta, decid\u00ed no dejarla tirada ac\u00e1 en Chile, retom\u00e9 yo su caso para que no pasara m\u00e1s apuros, busqu\u00e9 a un amigo m\u00edo llamado Roberto Zelaya, quien me alquil\u00f3 en $2.800.000 su packing y el personal, a fin de montar ah\u00ed una r\u00e1pida operaci\u00f3n y re-empacar la fruta antes que se da\u00f1ara\u00bb.<\/p>\n<p><strong>&#8211; \u00bfPor qu\u00e9 la fruta no sale del pa\u00eds esta vez?<\/strong><\/p>\n<p>&#8211; \u00abTerminamos un lunes de enero y nos topamos con la ingrata sorpresa que en los frigor\u00edficos de Unifruti no nos fumigar\u00edan la fruta, pues esa empresa fue suspendida por el SAG luego que detectaran el primer intento que se hizo de pasar la fruta con cajas usadas\u00bb.<\/p>\n<p><strong>&#8211; Ella dice que usted le cobr\u00f3 algunos millones de m\u00e1s al precio de la fruta, \u00bfes verdad eso?<\/strong><\/p>\n<p>&#8211; \u00abEn esas condiciones yo le ped\u00ed a la se\u00f1ora In\u00e9s que me pagara los gastos en los que incurr\u00ed en la operaci\u00f3n de re-embalaje, mismos que ella hab\u00eda aceptado que yo le hiciera pero ella se neg\u00f3 a cancelarme, ella empez\u00f3 a hacer esc\u00e1ndalos en la ciudad, en los medios locales y especialmente en el packing de Roberto Zelaya, quien no es ni polic\u00eda ni PDI, es un empresario honorable, en ning\u00fan momento a ella se le amenaz\u00f3 de nada\u00bb.<\/p>\n<p><strong>&#8211; \u00bfC\u00f3mo llega su cheque a manos de la se\u00f1ora denunciante?<\/strong><\/p>\n<p>&#8211; \u00abLa fruta hab\u00eda que llevarla como fuera a Santiago para venderla, al precio que se pudiera, porque ya se estaba da\u00f1ando la uva, en ese caso \u2018Manuel\u2019, el marido de la se\u00f1ora In\u00e9s me pidi\u00f3 un cheque en garant\u00eda para que yo me encargara de la venta de esa fruta, es cuando yo le di mi cheque, yo s\u00f3lo particip\u00e9 en ese tr\u00e1mite de dar alguna garant\u00eda\u00bb.<\/p>\n<p><strong>&#8211; \u00bfQu\u00e9 pas\u00f3 con el cheque y finalmente cu\u00e1nto pagaron por la fruta en Santiago?<\/strong><\/p>\n<p>&#8211; \u00abAntes de llegar a Santiago yo le di Orden de No Pago \u2018Por extrav\u00edo de cheque\u2019, aunque ella intent\u00f3 cobrarlo antes de lo acordado, (\u2026) ella invirti\u00f3 $11.200.000, al llegar a Santiago la fruta se remat\u00f3 en $2.000 por caja, 1920 cajas suman $3.840.000, eso pagaron por la fruta\u00bb.<\/p>\n<p><strong>&#8211; \u00bfQui\u00e9n se dej\u00f3 ese dinero, a qui\u00e9n se lo pagaron?<\/strong><\/p>\n<p>&#8211; \u00abEsa plata llega a mis manos, con la cual pago el flete, $1.000.000 por toda la labor de transporte, el resto del dinero lo deposit\u00e9 en mi cuenta, esto para pagar los gastos en los que yo incurr\u00ed en materiales en el packing\u00bb.<\/p>\n<p><strong>&#8211; Aqu\u00ed lo que parece, es que \u2018todos ganaron\u2019 o recuperaron su dinero, menos la se\u00f1ora In\u00e9s G\u00f3mez, \u00bfc\u00f3mo explica usted esa realidad?<\/strong><\/p>\n<p>&#8211; \u00abNo es as\u00ed, yo no gan\u00e9 nada en este asunto, lo que hice con su plata fue pagar los materiales que ella me dijo que s\u00ed comprara, perd\u00ed un mill\u00f3n y medio de Mano de obra, eso lo perd\u00ed yo, ella perdi\u00f3 la totalidad de su plata, los once millones de pesos, aqu\u00ed la \u00fanica persona que gan\u00f3 es Miguel Herrera\u00bb.<\/p>\n<p>Roberto Gonz\u00e1lez Short<\/p>\n<p>diario@eltrabajo.cl<\/p>\n<p>&nbsp;<\/p>\n<p><strong>Demandante refuta declaraciones de Cabrera<\/strong><\/p>\n<p>Siendo cierto que esta entrevista no concuerda con las declaraciones de la afectada y siendo verdad tambi\u00e9n que la gran perdedora en esta situaci\u00f3n es la propia demandante, Diario El Trabajo habl\u00f3 con la misma para conocer sus impresiones en relaci\u00f3n al descargo del empresario.<\/p>\n<figure id=\"attachment_45565\" aria-describedby=\"caption-attachment-45565\" style=\"width: 190px\" class=\"wp-caption alignright\"><a href=\"https:\/\/i0.wp.com\/www.eltrabajo.cl\/portal\/wp-content\/uploads\/2014\/04\/Ines-Gomez-Chavez.jpg\"><img data-recalc-dims=\"1\" loading=\"lazy\" decoding=\"async\" class=\" wp-image-45565  \" alt=\"In\u00e9s G\u00f3mez Ch\u00e1vez\" src=\"https:\/\/i0.wp.com\/www.eltrabajo.cl\/portal\/wp-content\/uploads\/2014\/04\/Ines-Gomez-Chavez.jpg?resize=190%2C205\" width=\"190\" height=\"205\" srcset=\"https:\/\/i0.wp.com\/eltrabajo.cl\/portal\/wp-content\/uploads\/2014\/04\/Ines-Gomez-Chavez.jpg?w=529&amp;ssl=1 529w, https:\/\/i0.wp.com\/eltrabajo.cl\/portal\/wp-content\/uploads\/2014\/04\/Ines-Gomez-Chavez.jpg?resize=139%2C150&amp;ssl=1 139w, https:\/\/i0.wp.com\/eltrabajo.cl\/portal\/wp-content\/uploads\/2014\/04\/Ines-Gomez-Chavez.jpg?resize=278%2C300&amp;ssl=1 278w, https:\/\/i0.wp.com\/eltrabajo.cl\/portal\/wp-content\/uploads\/2014\/04\/Ines-Gomez-Chavez.jpg?resize=400%2C431&amp;ssl=1 400w\" sizes=\"auto, (max-width: 190px) 100vw, 190px\" \/><\/a><figcaption id=\"caption-attachment-45565\" class=\"wp-caption-text\">In\u00e9s G\u00f3mez Ch\u00e1vez<\/figcaption><\/figure>\n<p>\u00abSe\u00f1or Jos\u00e9 Cabrera, usted y sus hombres me robaron mi plata, devu\u00e9lvanmela, ustedes se llevaron el cami\u00f3n huyendo a Santiago, fue como un asalto, me dejaron tirada llorando en un fundo, no seas tan caradura ni sinverg\u00fcenza, devu\u00e9lvame mi dinero, yo hablo con papeles, Miguel Herrera nada me vendi\u00f3, fue usted quien me enga\u00f1\u00f3\u00bb, coment\u00f3 In\u00e9s G\u00f3mez.<\/p>\n<p>&nbsp;<\/p>\n","protected":false},"excerpt":{"rendered":"<p>Empresario sanfelipe\u00f1o asegura que la \u00fanica persona que gan\u00f3 en este negocio fue un tercer empresario y asegura ser totalmente inocente en relaci\u00f3n a hechos denunciados por una ciudadana peruana, quien lo&#8230;<\/p>\n","protected":false},"author":482,"featured_media":45564,"comment_status":"open","ping_status":"closed","sticky":false,"template":"","format":"standard","meta":{"advanced_seo_description":"","jetpack_seo_html_title":"","jetpack_seo_noindex":false,"_jetpack_memberships_contains_paid_content":false,"footnotes":""},"categories":[15],"tags":[],"class_list":["post-45563","post","type-post","status-publish","format-standard","has-post-thumbnail","hentry","category-comunidad"],"jetpack_featured_media_url":"https:\/\/i0.wp.com\/eltrabajo.cl\/portal\/wp-content\/uploads\/2014\/04\/Jose-Luis-Cabrera.jpg?fit=529%2C382&ssl=1","jetpack_sharing_enabled":true,"jetpack_likes_enabled":true,"jetpack-related-posts":[],"_links":{"self":[{"href":"https:\/\/eltrabajo.cl\/portal\/wp-json\/wp\/v2\/posts\/45563","targetHints":{"allow":["GET"]}}],"collection":[{"href":"https:\/\/eltrabajo.cl\/portal\/wp-json\/wp\/v2\/posts"}],"about":[{"href":"https:\/\/eltrabajo.cl\/portal\/wp-json\/wp\/v2\/types\/post"}],"author":[{"embeddable":true,"href":"https:\/\/eltrabajo.cl\/portal\/wp-json\/wp\/v2\/users\/482"}],"replies":[{"embeddable":true,"href":"https:\/\/eltrabajo.cl\/portal\/wp-json\/wp\/v2\/comments?post=45563"}],"version-history":[{"count":0,"href":"https:\/\/eltrabajo.cl\/portal\/wp-json\/wp\/v2\/posts\/45563\/revisions"}],"wp:featuredmedia":[{"embeddable":true,"href":"https:\/\/eltrabajo.cl\/portal\/wp-json\/wp\/v2\/media\/45564"}],"wp:attachment":[{"href":"https:\/\/eltrabajo.cl\/portal\/wp-json\/wp\/v2\/media?parent=45563"}],"wp:term":[{"taxonomy":"category","embeddable":true,"href":"https:\/\/eltrabajo.cl\/portal\/wp-json\/wp\/v2\/categories?post=45563"},{"taxonomy":"post_tag","embeddable":true,"href":"https:\/\/eltrabajo.cl\/portal\/wp-json\/wp\/v2\/tags?post=45563"}],"curies":[{"name":"wp","href":"https:\/\/api.w.org\/{rel}","templated":true}]}}