{"id":45579,"date":"2014-04-17T10:37:50","date_gmt":"2014-04-17T13:37:50","guid":{"rendered":"http:\/\/www.eltrabajo.cl\/portal\/?p=45579"},"modified":"2014-04-17T10:37:50","modified_gmt":"2014-04-17T13:37:50","slug":"hallan-capsula-del-tiempo-de-mas-de-50-anos-en-liceo-corina-urbina","status":"publish","type":"post","link":"https:\/\/eltrabajo.cl\/portal\/hallan-capsula-del-tiempo-de-mas-de-50-anos-en-liceo-corina-urbina\/","title":{"rendered":"Hallan \u2018C\u00e1psula del Tiempo\u2019 de m\u00e1s de 50 a\u00f1os en Liceo Corina Urbina"},"content":{"rendered":"<figure id=\"attachment_45580\" aria-describedby=\"caption-attachment-45580\" style=\"width: 529px\" class=\"wp-caption alignnone\"><a href=\"https:\/\/i0.wp.com\/www.eltrabajo.cl\/portal\/wp-content\/uploads\/2014\/04\/capsula-del-tiempo-7.jpg\"><img data-recalc-dims=\"1\" loading=\"lazy\" decoding=\"async\" class=\"size-full wp-image-45580\" alt=\"Este es el pergamino hallado al interior de esta 'c\u00e1psula del tiempo', firmado por la propia fundadora del establecimiento, Corina Urbina Villanueva.\" src=\"https:\/\/i0.wp.com\/www.eltrabajo.cl\/portal\/wp-content\/uploads\/2014\/04\/capsula-del-tiempo-7.jpg?resize=529%2C564\" width=\"529\" height=\"564\" srcset=\"https:\/\/i0.wp.com\/eltrabajo.cl\/portal\/wp-content\/uploads\/2014\/04\/capsula-del-tiempo-7.jpg?w=529&amp;ssl=1 529w, https:\/\/i0.wp.com\/eltrabajo.cl\/portal\/wp-content\/uploads\/2014\/04\/capsula-del-tiempo-7.jpg?resize=140%2C150&amp;ssl=1 140w, https:\/\/i0.wp.com\/eltrabajo.cl\/portal\/wp-content\/uploads\/2014\/04\/capsula-del-tiempo-7.jpg?resize=281%2C300&amp;ssl=1 281w, https:\/\/i0.wp.com\/eltrabajo.cl\/portal\/wp-content\/uploads\/2014\/04\/capsula-del-tiempo-7.jpg?resize=400%2C426&amp;ssl=1 400w\" sizes=\"auto, (max-width: 529px) 100vw, 529px\" \/><\/a><figcaption id=\"caption-attachment-45580\" class=\"wp-caption-text\">Este es el pergamino hallado al interior de esta &#8216;c\u00e1psula del tiempo&#8217;, firmado por la propia fundadora del establecimiento, Corina Urbina Villanueva.<\/figcaption><\/figure>\n<p>Todos so\u00f1amos alguna vez con viajar en el tiempo. Todos so\u00f1amos alguna vez con que un registro nuestro quede plasmado para las futuras generaciones. Y un registro de m\u00e1s de 50 a\u00f1os fue hallado por accidente para ratificar que eso es posible.<\/p>\n<p>Fue en el marco de las obras de construcci\u00f3n del sistema de recuperaci\u00f3n de aguas, en el Liceo de Ni\u00f1as de San Felipe, a cargo de la empresa contratista de Eduardo P\u00e9rez Rojas, que se encontr\u00f3 un trozo de historia sepultado en el tiempo.<\/p>\n<p>El hallazgo ocurri\u00f3 el viernes pasado, cuando fue desenterrado un bloque de cemento con una c\u00e1psula de cobre, en cuyo interior hab\u00eda un pergamino firmado en 1962 por la fundadora del establecimiento educacional, la educadora Corina Urbina Villanueva, y el que da cuenta de la colocaci\u00f3n de la primera piedra para un edificio que se construir\u00eda en ese terreno.<\/p>\n<p>El manuscrito se\u00f1ala: \u201cSiendo Intendente de la Provincia de Aconcagua el Sr. Sergio Simonetti, En San Felipe, a 19 de Julio de 1962, se procede a la colocaci\u00f3n de la primera piedra del nuevo edificio para el Liceo de Ni\u00f1as. Bajo la Presidencia del Sr. Jorge Alessandri, Ministro de Educaci\u00f3n Sr. Jorge Barros, Ministro de Obras P\u00fablicas Sr. Ernesto Pinto y Directora del Liceo, Sra. Justina O. de Mu\u00f1oz\u201d.<\/p>\n<p>Indagaciones hechas por la Agrupaci\u00f3n MiPatrimonio dan cuenta de que la c\u00e1psula fue firmada por docentes y autoridades de la \u00e9poca para dar inicio a la construcci\u00f3n de algunos pasillos que dar\u00edan origen a lo que es hoy el tradicional Liceo de Ni\u00f1as. Esas obras fueron suspendidas en la primavera del a\u00f1o 1963, y retomadas tras el terremoto del a\u00f1o 1965, por lo que los registros de dicha colocaci\u00f3n fundacional solo qued\u00f3 en la mente de algunos profesores que ese invierno participaron en dicho acto, al que no pudo asistir el Presidente de la Rep\u00fablica por encontrarse en actividades relacionadas con el Mundial de F\u00fatbol disputado en el pa\u00eds ese mismo a\u00f1o.<\/p>\n<p>Seg\u00fan coment\u00f3 el empresario contratista Eduardo P\u00e9rez, fue en circunstancias que se realizaban trabajos de excavaci\u00f3n para el proyecto de car\u00e1cter medio ambiental que se ejecuta en el Liceo de Ni\u00f1as, trabajadores dieron con esta c\u00e1psula, la que en principio result\u00f3 da\u00f1ada a prop\u00f3sito de las labores que se realizaban con una m\u00e1quina.<\/p>\n<p>\u201cEstamos ejecutando un proyecto de recuperaci\u00f3n de agua gris en el Liceo de Ni\u00f1as, como eficiencia energ\u00e9tica. Est\u00e1bamos haciendo el viernes una excavaci\u00f3n de aproximadamente 1,80 metros, cuando apareci\u00f3 un bloque de cemento en el piso, que tuvimos que romper con un rotomartillo. Ah\u00ed nos encontramos que hab\u00eda una c\u00e1psula de cobre, la cual se rompi\u00f3 y procedimos a cortarla, descubriendo un pergamino del a\u00f1o 1962, como una c\u00e1psula del tiempo\u201d, se\u00f1al\u00f3 Eduardo P\u00e9rez.<\/p>\n<p>Se trata sin duda de un valioso testimonio para este empresario, quien manifest\u00f3 su emoci\u00f3n al revisar el documento, ya que da cuenta de la historia de este centenario liceo, el que si bien parti\u00f3 en otra ubicaci\u00f3n en la comuna de San Felipe, finalmente qued\u00f3 establecido en la actual manzana de Bernardo Cruz N\u00b0 1213.<\/p>\n<p>\u201cMe parece que este pergamino da cuenta de la primera piedra de un edificio en el Liceo de Ni\u00f1as, el que ya estaba desde mucho antes. Ah\u00ed nos damos cuenta de la importancia que ten\u00eda la educaci\u00f3n p\u00fablica antes, porque hab\u00eda gente muy interesante y vecinos de la ciudad que firmaron este pergamino, apareciendo la firma de la Se\u00f1ora Corina Urbina y de muchos vecinos m\u00e1s\u201d, manifest\u00f3 el contratista de la obra.<\/p>\n<p>Eduardo P\u00e9rez entreg\u00f3 este pergamino y la c\u00e1psula a la directora del establecimiento, la profesora Mar\u00eda Isabel Espejo, explicando que si bien los trabajadores de su empresa efectuaron este hallazgo, se trata de un documento hist\u00f3rico que es patrimonio del centenario liceo.<\/p>\n<p>Para Oscar Garc\u00eda, orientador del establecimiento, \u201cesto es una demostraci\u00f3n clara de c\u00f3mo era do\u00f1a Corina Urbina, una mujer siempre visionaria, que quiso plasmar para el futuro un trozo de la historia de nuestro liceo. Esto es un reimpulso para renovar nuestro compromiso con esta instituci\u00f3n y su identidad en la comunidad\u201d.<\/p>\n<p>Tanto el pergamino como la c\u00e1psula quedaron a disposici\u00f3n del p\u00fablico para ser observada en el hall principal del liceo, y existe un compromiso de realizar en los pr\u00f3ximos d\u00edas una ceremonia que pueda hacer p\u00fablico este hallazgo.<\/p>\n<div class=\"tiled-gallery type-rectangular tiled-gallery-unresized\" data-original-width=\"640\" data-carousel-extra='null' itemscope itemtype=\"http:\/\/schema.org\/ImageGallery\" > <div class=\"gallery-row\" style=\"width: 640px; height: 343px;\" data-original-width=\"640\" data-original-height=\"343\" > <div class=\"gallery-group images-1\" style=\"width: 452px; height: 343px;\" data-original-width=\"452\" data-original-height=\"343\" > <div class=\"tiled-gallery-item tiled-gallery-item-large\" itemprop=\"associatedMedia\" itemscope itemtype=\"http:\/\/schema.org\/ImageObject\"> <a href=\"https:\/\/eltrabajo.cl\/portal\/hallan-capsula-del-tiempo-de-mas-de-50-anos-en-liceo-corina-urbina\/capsula-del-tiempo-2\/\" border=\"0\" itemprop=\"url\"> <meta itemprop=\"width\" content=\"448\"> <meta itemprop=\"height\" content=\"339\"> <img decoding=\"async\" class=\"\" data-attachment-id=\"45581\" data-orig-file=\"https:\/\/eltrabajo.cl\/portal\/wp-content\/uploads\/2014\/04\/capsula-del-tiempo-2.jpg\" data-orig-size=\"529,401\" data-comments-opened=\"1\" data-image-meta=\"{&quot;aperture&quot;:&quot;0&quot;,&quot;credit&quot;:&quot;&quot;,&quot;camera&quot;:&quot;&quot;,&quot;caption&quot;:&quot;&quot;,&quot;created_timestamp&quot;:&quot;0&quot;,&quot;copyright&quot;:&quot;&quot;,&quot;focal_length&quot;:&quot;0&quot;,&quot;iso&quot;:&quot;0&quot;,&quot;shutter_speed&quot;:&quot;0&quot;,&quot;title&quot;:&quot;&quot;}\" data-image-title=\"capsula del tiempo (2)\" data-image-description=\"&lt;p&gt;Este es el bloque de cemento con la c\u00e1psula de cobre en cuyo interior estaba el pergamino que da cuenta de la colocaci\u00f3n de la primera piedra para un edificio que se construir\u00eda en ese terreno.&lt;\/p&gt; \" data-medium-file=\"https:\/\/i0.wp.com\/eltrabajo.cl\/portal\/wp-content\/uploads\/2014\/04\/capsula-del-tiempo-2.jpg?fit=300%2C227&#038;ssl=1\" data-large-file=\"https:\/\/i0.wp.com\/eltrabajo.cl\/portal\/wp-content\/uploads\/2014\/04\/capsula-del-tiempo-2.jpg?fit=529%2C401&#038;ssl=1\" src=\"https:\/\/i0.wp.com\/eltrabajo.cl\/portal\/wp-content\/uploads\/2014\/04\/capsula-del-tiempo-2.jpg?w=448&#038;h=339&#038;ssl=1\" srcset=\"https:\/\/i0.wp.com\/eltrabajo.cl\/portal\/wp-content\/uploads\/2014\/04\/capsula-del-tiempo-2.jpg?w=529&amp;ssl=1 529w, https:\/\/i0.wp.com\/eltrabajo.cl\/portal\/wp-content\/uploads\/2014\/04\/capsula-del-tiempo-2.jpg?resize=197%2C150&amp;ssl=1 197w, https:\/\/i0.wp.com\/eltrabajo.cl\/portal\/wp-content\/uploads\/2014\/04\/capsula-del-tiempo-2.jpg?resize=300%2C227&amp;ssl=1 300w, https:\/\/i0.wp.com\/eltrabajo.cl\/portal\/wp-content\/uploads\/2014\/04\/capsula-del-tiempo-2.jpg?resize=150%2C113&amp;ssl=1 150w, https:\/\/i0.wp.com\/eltrabajo.cl\/portal\/wp-content\/uploads\/2014\/04\/capsula-del-tiempo-2.jpg?resize=400%2C303&amp;ssl=1 400w\" width=\"448\" height=\"339\" loading=\"lazy\" data-original-width=\"448\" data-original-height=\"339\" itemprop=\"http:\/\/schema.org\/image\" title=\"capsula del tiempo (2)\" alt=\"Este es el bloque de cemento con la c\u00e1psula de cobre en cuyo interior estaba el pergamino que da cuenta de la colocaci\u00f3n de la primera piedra para un edificio que se construir\u00eda en ese terreno.\" style=\"width: 448px; height: 339px;\" \/> <\/a> <div class=\"tiled-gallery-caption\" itemprop=\"caption description\"> Este es el bloque de cemento con la c\u00e1psula de cobre en cuyo interior estaba el pergamino que da cuenta de la colocaci\u00f3n de la primera piedra para un edificio que se construir\u00eda en ese terreno. <\/div> <\/div> <\/div> <!-- close group --> <div class=\"gallery-group images-2\" style=\"width: 188px; height: 343px;\" data-original-width=\"188\" data-original-height=\"343\" > <div class=\"tiled-gallery-item tiled-gallery-item-small\" itemprop=\"associatedMedia\" itemscope itemtype=\"http:\/\/schema.org\/ImageObject\"> <a href=\"https:\/\/eltrabajo.cl\/portal\/hallan-capsula-del-tiempo-de-mas-de-50-anos-en-liceo-corina-urbina\/capsula-del-tiempo-4\/\" border=\"0\" itemprop=\"url\"> <meta itemprop=\"width\" content=\"184\"> <meta itemprop=\"height\" content=\"140\"> <img decoding=\"async\" class=\"\" data-attachment-id=\"45582\" data-orig-file=\"https:\/\/eltrabajo.cl\/portal\/wp-content\/uploads\/2014\/04\/capsula-del-tiempo-4.jpg\" data-orig-size=\"529,401\" data-comments-opened=\"1\" data-image-meta=\"{&quot;aperture&quot;:&quot;0&quot;,&quot;credit&quot;:&quot;&quot;,&quot;camera&quot;:&quot;&quot;,&quot;caption&quot;:&quot;&quot;,&quot;created_timestamp&quot;:&quot;0&quot;,&quot;copyright&quot;:&quot;&quot;,&quot;focal_length&quot;:&quot;0&quot;,&quot;iso&quot;:&quot;0&quot;,&quot;shutter_speed&quot;:&quot;0&quot;,&quot;title&quot;:&quot;&quot;}\" data-image-title=\"capsula del tiempo (4)\" data-image-description=\"&lt;p&gt;Alumnas y docentes del Liceo Corina Urbina admiran maravillados el pergamino, un verdadero trozo de la historia del establecimiento que estaba sepultado en el tiempo.&lt;\/p&gt; \" data-medium-file=\"https:\/\/i0.wp.com\/eltrabajo.cl\/portal\/wp-content\/uploads\/2014\/04\/capsula-del-tiempo-4.jpg?fit=300%2C227&#038;ssl=1\" data-large-file=\"https:\/\/i0.wp.com\/eltrabajo.cl\/portal\/wp-content\/uploads\/2014\/04\/capsula-del-tiempo-4.jpg?fit=529%2C401&#038;ssl=1\" src=\"https:\/\/i0.wp.com\/eltrabajo.cl\/portal\/wp-content\/uploads\/2014\/04\/capsula-del-tiempo-4.jpg?w=184&#038;h=140&#038;ssl=1\" srcset=\"https:\/\/i0.wp.com\/eltrabajo.cl\/portal\/wp-content\/uploads\/2014\/04\/capsula-del-tiempo-4.jpg?w=529&amp;ssl=1 529w, https:\/\/i0.wp.com\/eltrabajo.cl\/portal\/wp-content\/uploads\/2014\/04\/capsula-del-tiempo-4.jpg?resize=197%2C150&amp;ssl=1 197w, https:\/\/i0.wp.com\/eltrabajo.cl\/portal\/wp-content\/uploads\/2014\/04\/capsula-del-tiempo-4.jpg?resize=300%2C227&amp;ssl=1 300w, https:\/\/i0.wp.com\/eltrabajo.cl\/portal\/wp-content\/uploads\/2014\/04\/capsula-del-tiempo-4.jpg?resize=150%2C113&amp;ssl=1 150w, https:\/\/i0.wp.com\/eltrabajo.cl\/portal\/wp-content\/uploads\/2014\/04\/capsula-del-tiempo-4.jpg?resize=400%2C303&amp;ssl=1 400w\" width=\"184\" height=\"140\" loading=\"lazy\" data-original-width=\"184\" data-original-height=\"140\" itemprop=\"http:\/\/schema.org\/image\" title=\"capsula del tiempo (4)\" alt=\"Alumnas y docentes del Liceo Corina Urbina admiran maravillados el pergamino, un verdadero trozo de la historia del establecimiento que estaba sepultado en el tiempo.\" style=\"width: 184px; height: 140px;\" \/> <\/a> <div class=\"tiled-gallery-caption\" itemprop=\"caption description\"> Alumnas y docentes del Liceo Corina Urbina admiran maravillados el pergamino, un verdadero trozo de la historia del establecimiento que estaba sepultado en el tiempo. <\/div> <\/div> <div class=\"tiled-gallery-item tiled-gallery-item-small\" itemprop=\"associatedMedia\" itemscope itemtype=\"http:\/\/schema.org\/ImageObject\"> <a href=\"https:\/\/eltrabajo.cl\/portal\/hallan-capsula-del-tiempo-de-mas-de-50-anos-en-liceo-corina-urbina\/capsula-del-tiempo-oscar-garcia1\/\" border=\"0\" itemprop=\"url\"> <meta itemprop=\"width\" content=\"184\"> <meta itemprop=\"height\" content=\"195\"> <img decoding=\"async\" class=\"\" data-attachment-id=\"45583\" data-orig-file=\"https:\/\/eltrabajo.cl\/portal\/wp-content\/uploads\/2014\/04\/capsula-del-tiempo-oscar-garcia1.jpg\" data-orig-size=\"529,561\" data-comments-opened=\"1\" data-image-meta=\"{&quot;aperture&quot;:&quot;6.3&quot;,&quot;credit&quot;:&quot;&quot;,&quot;camera&quot;:&quot;Canon EOS REBEL T3i&quot;,&quot;caption&quot;:&quot;&quot;,&quot;created_timestamp&quot;:&quot;1301341481&quot;,&quot;copyright&quot;:&quot;&quot;,&quot;focal_length&quot;:&quot;23&quot;,&quot;iso&quot;:&quot;400&quot;,&quot;shutter_speed&quot;:&quot;0.005&quot;,&quot;title&quot;:&quot;&quot;}\" data-image-title=\"capsula del tiempo oscar garcia(1)\" data-image-description=\"&lt;p&gt;Oscar Garc\u00eda, orientador del liceo, destac\u00f3 lo visionaria que fue Corina Urbina.&lt;\/p&gt; \" data-medium-file=\"https:\/\/i0.wp.com\/eltrabajo.cl\/portal\/wp-content\/uploads\/2014\/04\/capsula-del-tiempo-oscar-garcia1.jpg?fit=282%2C300&#038;ssl=1\" data-large-file=\"https:\/\/i0.wp.com\/eltrabajo.cl\/portal\/wp-content\/uploads\/2014\/04\/capsula-del-tiempo-oscar-garcia1.jpg?fit=529%2C561&#038;ssl=1\" src=\"https:\/\/i0.wp.com\/eltrabajo.cl\/portal\/wp-content\/uploads\/2014\/04\/capsula-del-tiempo-oscar-garcia1.jpg?w=184&#038;h=195&#038;ssl=1\" srcset=\"https:\/\/i0.wp.com\/eltrabajo.cl\/portal\/wp-content\/uploads\/2014\/04\/capsula-del-tiempo-oscar-garcia1.jpg?w=529&amp;ssl=1 529w, https:\/\/i0.wp.com\/eltrabajo.cl\/portal\/wp-content\/uploads\/2014\/04\/capsula-del-tiempo-oscar-garcia1.jpg?resize=141%2C150&amp;ssl=1 141w, https:\/\/i0.wp.com\/eltrabajo.cl\/portal\/wp-content\/uploads\/2014\/04\/capsula-del-tiempo-oscar-garcia1.jpg?resize=282%2C300&amp;ssl=1 282w, https:\/\/i0.wp.com\/eltrabajo.cl\/portal\/wp-content\/uploads\/2014\/04\/capsula-del-tiempo-oscar-garcia1.jpg?resize=400%2C424&amp;ssl=1 400w\" width=\"184\" height=\"195\" loading=\"lazy\" data-original-width=\"184\" data-original-height=\"195\" itemprop=\"http:\/\/schema.org\/image\" title=\"capsula del tiempo oscar garcia(1)\" alt=\"Oscar Garc\u00eda, orientador del liceo, destac\u00f3 lo visionaria que fue Corina Urbina.\" style=\"width: 184px; height: 195px;\" \/> <\/a> <div class=\"tiled-gallery-caption\" itemprop=\"caption description\"> Oscar Garc\u00eda, orientador del liceo, destac\u00f3 lo visionaria que fue Corina Urbina. <\/div> <\/div> <\/div> <!-- close group --> <\/div> <!-- close row --> <\/div>\n<p>&nbsp;<\/p>\n","protected":false},"excerpt":{"rendered":"<p>Todos so\u00f1amos alguna vez con viajar en el tiempo. Todos so\u00f1amos alguna vez con que un registro nuestro quede plasmado para las futuras generaciones. Y un registro de m\u00e1s de 50 a\u00f1os&#8230;<\/p>\n","protected":false},"author":482,"featured_media":45580,"comment_status":"open","ping_status":"closed","sticky":false,"template":"","format":"standard","meta":{"advanced_seo_description":"","jetpack_seo_html_title":"","jetpack_seo_noindex":false,"_jetpack_memberships_contains_paid_content":false,"footnotes":""},"categories":[15],"tags":[],"class_list":["post-45579","post","type-post","status-publish","format-standard","has-post-thumbnail","hentry","category-comunidad"],"jetpack_featured_media_url":"https:\/\/i0.wp.com\/eltrabajo.cl\/portal\/wp-content\/uploads\/2014\/04\/capsula-del-tiempo-7.jpg?fit=529%2C564&ssl=1","jetpack_sharing_enabled":true,"jetpack_likes_enabled":true,"jetpack-related-posts":[],"_links":{"self":[{"href":"https:\/\/eltrabajo.cl\/portal\/wp-json\/wp\/v2\/posts\/45579","targetHints":{"allow":["GET"]}}],"collection":[{"href":"https:\/\/eltrabajo.cl\/portal\/wp-json\/wp\/v2\/posts"}],"about":[{"href":"https:\/\/eltrabajo.cl\/portal\/wp-json\/wp\/v2\/types\/post"}],"author":[{"embeddable":true,"href":"https:\/\/eltrabajo.cl\/portal\/wp-json\/wp\/v2\/users\/482"}],"replies":[{"embeddable":true,"href":"https:\/\/eltrabajo.cl\/portal\/wp-json\/wp\/v2\/comments?post=45579"}],"version-history":[{"count":0,"href":"https:\/\/eltrabajo.cl\/portal\/wp-json\/wp\/v2\/posts\/45579\/revisions"}],"wp:featuredmedia":[{"embeddable":true,"href":"https:\/\/eltrabajo.cl\/portal\/wp-json\/wp\/v2\/media\/45580"}],"wp:attachment":[{"href":"https:\/\/eltrabajo.cl\/portal\/wp-json\/wp\/v2\/media?parent=45579"}],"wp:term":[{"taxonomy":"category","embeddable":true,"href":"https:\/\/eltrabajo.cl\/portal\/wp-json\/wp\/v2\/categories?post=45579"},{"taxonomy":"post_tag","embeddable":true,"href":"https:\/\/eltrabajo.cl\/portal\/wp-json\/wp\/v2\/tags?post=45579"}],"curies":[{"name":"wp","href":"https:\/\/api.w.org\/{rel}","templated":true}]}}