{"id":45608,"date":"2014-04-21T09:10:39","date_gmt":"2014-04-21T12:10:39","guid":{"rendered":"http:\/\/www.eltrabajo.cl\/portal\/?p=45608"},"modified":"2014-04-21T09:10:39","modified_gmt":"2014-04-21T12:10:39","slug":"trece-instituciones-participaron-de-expo-emergencias-2014","status":"publish","type":"post","link":"https:\/\/eltrabajo.cl\/portal\/trece-instituciones-participaron-de-expo-emergencias-2014\/","title":{"rendered":"Trece instituciones participaron de Expo-emergencias 2014"},"content":{"rendered":"<figure id=\"attachment_45609\" aria-describedby=\"caption-attachment-45609\" style=\"width: 529px\" class=\"wp-caption alignnone\"><a href=\"https:\/\/i0.wp.com\/www.eltrabajo.cl\/portal\/wp-content\/uploads\/2014\/04\/Expo1.jpg\"><img data-recalc-dims=\"1\" loading=\"lazy\" decoding=\"async\" class=\"size-full wp-image-45609\" alt=\"Trece  instituciones ligadas a la Protecci\u00f3n Civil y Emergencias, exhibieron sus maquinarias, veh\u00edculos de rescate, y capital humano, en el contexto de la apertura de la Filan 2014.\" src=\"https:\/\/i0.wp.com\/www.eltrabajo.cl\/portal\/wp-content\/uploads\/2014\/04\/Expo1.jpg?resize=529%2C401\" width=\"529\" height=\"401\" srcset=\"https:\/\/i0.wp.com\/eltrabajo.cl\/portal\/wp-content\/uploads\/2014\/04\/Expo1.jpg?w=529&amp;ssl=1 529w, https:\/\/i0.wp.com\/eltrabajo.cl\/portal\/wp-content\/uploads\/2014\/04\/Expo1.jpg?resize=197%2C150&amp;ssl=1 197w, https:\/\/i0.wp.com\/eltrabajo.cl\/portal\/wp-content\/uploads\/2014\/04\/Expo1.jpg?resize=300%2C227&amp;ssl=1 300w, https:\/\/i0.wp.com\/eltrabajo.cl\/portal\/wp-content\/uploads\/2014\/04\/Expo1.jpg?resize=150%2C113&amp;ssl=1 150w, https:\/\/i0.wp.com\/eltrabajo.cl\/portal\/wp-content\/uploads\/2014\/04\/Expo1.jpg?resize=400%2C303&amp;ssl=1 400w\" sizes=\"auto, (max-width: 529px) 100vw, 529px\" \/><\/a><figcaption id=\"caption-attachment-45609\" class=\"wp-caption-text\">Trece instituciones ligadas a la Protecci\u00f3n Civil y Emergencias, exhibieron sus maquinarias, veh\u00edculos de rescate, y capital humano, en el contexto de la apertura de la Filan 2014.<\/figcaption><\/figure>\n<p><strong>LOS ANDES<\/strong>.- Trece instituciones ligadas a la Protecci\u00f3n Civil y Emergencias, exhibieron sus maquinarias, veh\u00edculos de rescate, equipamiento, medios y capital humano, en el contexto de la apertura de la Filan 2014. Entre ellos, destacaron la presencia de la Defensa Civil, las unidades de rescate y de materiales peligrosos de bomberos, la presencia de un Hospital de Campa\u00f1a del Samu, maquinaria de Alta Cordillera, Puestos de Comando, Sistema de Telecomunicaciones de los radioaficionados, patrullas de rescate de la Escuela Monta\u00f1a, entre otros.<\/p>\n<figure id=\"attachment_45610\" aria-describedby=\"caption-attachment-45610\" style=\"width: 423px\" class=\"wp-caption alignright\"><a href=\"https:\/\/i0.wp.com\/www.eltrabajo.cl\/portal\/wp-content\/uploads\/2014\/04\/Expo2.jpg\"><img data-recalc-dims=\"1\" loading=\"lazy\" decoding=\"async\" class=\" wp-image-45610 \" alt=\"Esta iniciativa se enmarc\u00f3 dentro del rol de participaci\u00f3n ciudadana del Comit\u00e9 de Emergencias de la Gobernaci\u00f3n.\" src=\"https:\/\/i0.wp.com\/www.eltrabajo.cl\/portal\/wp-content\/uploads\/2014\/04\/Expo2.jpg?resize=423%2C290\" width=\"423\" height=\"290\" srcset=\"https:\/\/i0.wp.com\/eltrabajo.cl\/portal\/wp-content\/uploads\/2014\/04\/Expo2.jpg?w=529&amp;ssl=1 529w, https:\/\/i0.wp.com\/eltrabajo.cl\/portal\/wp-content\/uploads\/2014\/04\/Expo2.jpg?resize=200%2C137&amp;ssl=1 200w, https:\/\/i0.wp.com\/eltrabajo.cl\/portal\/wp-content\/uploads\/2014\/04\/Expo2.jpg?resize=300%2C205&amp;ssl=1 300w, https:\/\/i0.wp.com\/eltrabajo.cl\/portal\/wp-content\/uploads\/2014\/04\/Expo2.jpg?resize=150%2C102&amp;ssl=1 150w, https:\/\/i0.wp.com\/eltrabajo.cl\/portal\/wp-content\/uploads\/2014\/04\/Expo2.jpg?resize=400%2C274&amp;ssl=1 400w\" sizes=\"auto, (max-width: 423px) 100vw, 423px\" \/><\/a><figcaption id=\"caption-attachment-45610\" class=\"wp-caption-text\">Esta iniciativa se enmarc\u00f3 dentro del rol de participaci\u00f3n ciudadana del Comit\u00e9 de Emergencias de la Gobernaci\u00f3n.<\/figcaption><\/figure>\n<p>Seg\u00fan afirm\u00f3 la Gobernadora Mar\u00eda Victoria Rodr\u00edguez, esta iniciativa se enmarc\u00f3 dentro del rol de participaci\u00f3n ciudadana del Comit\u00e9 de Emergencias de la Gobernaci\u00f3n, valorando la alta participaci\u00f3n de la comunidad en los distintos ejercicios y demostraciones.<\/p>\n<p>\u201cAparte de orientar e informar a la ciudadan\u00eda de c\u00f3mo estar preparados ante una emergencia, ha sido muy importante motivar a los ni\u00f1os y j\u00f3venes en lo que significa la acci\u00f3n voluntaria tanto en Defensa Civil como Bomberos. Est\u00e1 Expo-emergencia ha sido un gran acierto de parte de nuestro Comit\u00e9 de Emergencias de la Gobernaci\u00f3n\u201d, expres\u00f3 la primera autoridad provincial de Los Andes.<\/p>\n<p>&nbsp;<\/p>\n","protected":false},"excerpt":{"rendered":"<p>LOS ANDES.- Trece instituciones ligadas a la Protecci\u00f3n Civil y Emergencias, exhibieron sus maquinarias, veh\u00edculos de rescate, equipamiento, medios y capital humano, en el contexto de la apertura de la Filan 2014&#8230;.<\/p>\n","protected":false},"author":482,"featured_media":45609,"comment_status":"open","ping_status":"closed","sticky":false,"template":"","format":"standard","meta":{"advanced_seo_description":"","jetpack_seo_html_title":"","jetpack_seo_noindex":false,"_jetpack_memberships_contains_paid_content":false,"footnotes":""},"categories":[15],"tags":[],"class_list":["post-45608","post","type-post","status-publish","format-standard","has-post-thumbnail","hentry","category-comunidad"],"jetpack_featured_media_url":"https:\/\/i0.wp.com\/eltrabajo.cl\/portal\/wp-content\/uploads\/2014\/04\/Expo1.jpg?fit=529%2C401&ssl=1","jetpack_sharing_enabled":true,"jetpack_likes_enabled":true,"jetpack-related-posts":[],"_links":{"self":[{"href":"https:\/\/eltrabajo.cl\/portal\/wp-json\/wp\/v2\/posts\/45608","targetHints":{"allow":["GET"]}}],"collection":[{"href":"https:\/\/eltrabajo.cl\/portal\/wp-json\/wp\/v2\/posts"}],"about":[{"href":"https:\/\/eltrabajo.cl\/portal\/wp-json\/wp\/v2\/types\/post"}],"author":[{"embeddable":true,"href":"https:\/\/eltrabajo.cl\/portal\/wp-json\/wp\/v2\/users\/482"}],"replies":[{"embeddable":true,"href":"https:\/\/eltrabajo.cl\/portal\/wp-json\/wp\/v2\/comments?post=45608"}],"version-history":[{"count":0,"href":"https:\/\/eltrabajo.cl\/portal\/wp-json\/wp\/v2\/posts\/45608\/revisions"}],"wp:featuredmedia":[{"embeddable":true,"href":"https:\/\/eltrabajo.cl\/portal\/wp-json\/wp\/v2\/media\/45609"}],"wp:attachment":[{"href":"https:\/\/eltrabajo.cl\/portal\/wp-json\/wp\/v2\/media?parent=45608"}],"wp:term":[{"taxonomy":"category","embeddable":true,"href":"https:\/\/eltrabajo.cl\/portal\/wp-json\/wp\/v2\/categories?post=45608"},{"taxonomy":"post_tag","embeddable":true,"href":"https:\/\/eltrabajo.cl\/portal\/wp-json\/wp\/v2\/tags?post=45608"}],"curies":[{"name":"wp","href":"https:\/\/api.w.org\/{rel}","templated":true}]}}