{"id":45613,"date":"2014-04-21T09:13:06","date_gmt":"2014-04-21T12:13:06","guid":{"rendered":"http:\/\/www.eltrabajo.cl\/portal\/?p=45613"},"modified":"2014-04-21T09:13:06","modified_gmt":"2014-04-21T12:13:06","slug":"inauguran-la-39a-filan-porque-chile-es-tuyo","status":"publish","type":"post","link":"https:\/\/eltrabajo.cl\/portal\/inauguran-la-39a-filan-porque-chile-es-tuyo\/","title":{"rendered":"Inauguran la 39\u00aa Filan \u2018Porque Chile es Tuyo\u2019"},"content":{"rendered":"<figure id=\"attachment_45614\" aria-describedby=\"caption-attachment-45614\" style=\"width: 528px\" class=\"wp-caption alignnone\"><a href=\"https:\/\/i0.wp.com\/www.eltrabajo.cl\/portal\/wp-content\/uploads\/2014\/04\/Filan-1.jpg\"><img data-recalc-dims=\"1\" loading=\"lazy\" decoding=\"async\" class=\"size-full wp-image-45614\" alt=\"La 39\u00aa versi\u00f3n de la Feria Internacional de Los Andes fue inaugurada este jueves por autoridades comunales provinciales.\" src=\"https:\/\/i0.wp.com\/www.eltrabajo.cl\/portal\/wp-content\/uploads\/2014\/04\/Filan-1.jpg?resize=528%2C280\" width=\"528\" height=\"280\" srcset=\"https:\/\/i0.wp.com\/eltrabajo.cl\/portal\/wp-content\/uploads\/2014\/04\/Filan-1.jpg?w=528&amp;ssl=1 528w, https:\/\/i0.wp.com\/eltrabajo.cl\/portal\/wp-content\/uploads\/2014\/04\/Filan-1.jpg?resize=200%2C106&amp;ssl=1 200w, https:\/\/i0.wp.com\/eltrabajo.cl\/portal\/wp-content\/uploads\/2014\/04\/Filan-1.jpg?resize=300%2C159&amp;ssl=1 300w, https:\/\/i0.wp.com\/eltrabajo.cl\/portal\/wp-content\/uploads\/2014\/04\/Filan-1.jpg?resize=150%2C79&amp;ssl=1 150w, https:\/\/i0.wp.com\/eltrabajo.cl\/portal\/wp-content\/uploads\/2014\/04\/Filan-1.jpg?resize=400%2C212&amp;ssl=1 400w\" sizes=\"auto, (max-width: 528px) 100vw, 528px\" \/><\/a><figcaption id=\"caption-attachment-45614\" class=\"wp-caption-text\">La 39\u00aa versi\u00f3n de la Feria Internacional de Los Andes fue inaugurada este jueves por autoridades comunales provinciales.<\/figcaption><\/figure>\n<p><strong>LOS ANDES<\/strong>.- La 39\u00aa versi\u00f3n de la Feria Internacional de Los Andes fue inaugurada este jueves por autoridades comunales provinciales, abriendo las puertas de este tradicional encuentro tur\u00edstico a toda la comunidad del Valle del Aconcagua. Como es habitual, la edici\u00f3n de este a\u00f1o cuenta con una ciudad internacional invitada, rol que recay\u00f3 en el Departamento de Las Heras de Argentina.<\/p>\n<p>La Filan, que se desarrolla en el Parque Cordillera de Los Andes, alberga un stand informativo de Codelco Andina, uno de las instituciones que apoy\u00f3 la realizaci\u00f3n de la feria, junto a organismos como el Servicio Natural del Turismo (Sernatur), el Gobierno Regional de Valpara\u00edso y municipalidades de las provincias de Los Andes, San Felipe, Petorca, Chacabuco y Quillota.<\/p>\n<figure id=\"attachment_45615\" aria-describedby=\"caption-attachment-45615\" style=\"width: 423px\" class=\"wp-caption alignright\"><a href=\"https:\/\/i0.wp.com\/www.eltrabajo.cl\/portal\/wp-content\/uploads\/2014\/04\/Filan-2.jpg\"><img data-recalc-dims=\"1\" loading=\"lazy\" decoding=\"async\" class=\" wp-image-45615 \" alt=\"Esta es una forma de unir y generar una comunidad de intereses entre el desarrollo y las relaciones entre comunidad y las empresas.\" src=\"https:\/\/i0.wp.com\/www.eltrabajo.cl\/portal\/wp-content\/uploads\/2014\/04\/Filan-2.jpg?resize=423%2C286\" width=\"423\" height=\"286\" srcset=\"https:\/\/i0.wp.com\/eltrabajo.cl\/portal\/wp-content\/uploads\/2014\/04\/Filan-2.jpg?w=529&amp;ssl=1 529w, https:\/\/i0.wp.com\/eltrabajo.cl\/portal\/wp-content\/uploads\/2014\/04\/Filan-2.jpg?resize=200%2C135&amp;ssl=1 200w, https:\/\/i0.wp.com\/eltrabajo.cl\/portal\/wp-content\/uploads\/2014\/04\/Filan-2.jpg?resize=300%2C203&amp;ssl=1 300w, https:\/\/i0.wp.com\/eltrabajo.cl\/portal\/wp-content\/uploads\/2014\/04\/Filan-2.jpg?resize=150%2C101&amp;ssl=1 150w, https:\/\/i0.wp.com\/eltrabajo.cl\/portal\/wp-content\/uploads\/2014\/04\/Filan-2.jpg?resize=400%2C270&amp;ssl=1 400w\" sizes=\"auto, (max-width: 423px) 100vw, 423px\" \/><\/a><figcaption id=\"caption-attachment-45615\" class=\"wp-caption-text\">Esta es una forma de unir y generar una comunidad de intereses entre el desarrollo y las relaciones entre comunidad y las empresas.<\/figcaption><\/figure>\n<p>El espacio implementado por la cupr\u00edfera estatal da a conocer caracter\u00edsticas de las operaciones de la Divisi\u00f3n y sus principales proyectos de futuro, entre los que se cuenta Expansi\u00f3n Andina 244, y da a conocer informaci\u00f3n relevante respecto a los nuevos usos del cobre en \u00e1mbitos como la medicina, el transporte, la sustentabilidad y la agricultura.<\/p>\n<p>Sandra Riquelme, Gerente de Sustentabilidad y Asuntos Externos de Andina, destac\u00f3 que para la Divisi\u00f3n representa un gran orgullo estar nuevamente presentes en la feria y participar en conjunto con la comunidad en un encuentro emblem\u00e1tico para todo el Valle del Aconcagua.<\/p>\n<p>La Gobernadora de Los Andes, Mar\u00eda Victoria Rodr\u00edguez, valor\u00f3 el acercamiento de Codelco a la comunidad en una pol\u00edtica \u2018de puertas abiertas\u2019, expresada en su gesti\u00f3n para impulsar el desarrollo local a trav\u00e9s de iniciativas como la Fundaci\u00f3n Orquesta Sinf\u00f3nica de Los Andes. Los alumnos de la agrupaci\u00f3n infanto-juvenil, de hecho, realizaron la apertura de la jornada inaugural. Mauricio Navarro, Alcalde de Los Andes, se\u00f1al\u00f3 que la participaci\u00f3n de Andina en la Feria constituye \u201cuna forma de unir, pues es preciso generar una comunidad de intereses entre el desarrollo y las relaciones entre comunidad y empresa. La integraci\u00f3n que vemos en esa feria va en esa l\u00ednea\u201d.<\/p>\n<p>&nbsp;<\/p>\n","protected":false},"excerpt":{"rendered":"<p>LOS ANDES.- La 39\u00aa versi\u00f3n de la Feria Internacional de Los Andes fue inaugurada este jueves por autoridades comunales provinciales, abriendo las puertas de este tradicional encuentro tur\u00edstico a toda la comunidad&#8230;<\/p>\n","protected":false},"author":482,"featured_media":0,"comment_status":"open","ping_status":"closed","sticky":false,"template":"","format":"standard","meta":{"advanced_seo_description":"","jetpack_seo_html_title":"","jetpack_seo_noindex":false,"_jetpack_memberships_contains_paid_content":false,"footnotes":""},"categories":[1],"tags":[],"class_list":["post-45613","post","type-post","status-publish","format-standard","hentry","category-cronica"],"jetpack_featured_media_url":"","jetpack_sharing_enabled":true,"jetpack_likes_enabled":true,"jetpack-related-posts":[],"_links":{"self":[{"href":"https:\/\/eltrabajo.cl\/portal\/wp-json\/wp\/v2\/posts\/45613","targetHints":{"allow":["GET"]}}],"collection":[{"href":"https:\/\/eltrabajo.cl\/portal\/wp-json\/wp\/v2\/posts"}],"about":[{"href":"https:\/\/eltrabajo.cl\/portal\/wp-json\/wp\/v2\/types\/post"}],"author":[{"embeddable":true,"href":"https:\/\/eltrabajo.cl\/portal\/wp-json\/wp\/v2\/users\/482"}],"replies":[{"embeddable":true,"href":"https:\/\/eltrabajo.cl\/portal\/wp-json\/wp\/v2\/comments?post=45613"}],"version-history":[{"count":0,"href":"https:\/\/eltrabajo.cl\/portal\/wp-json\/wp\/v2\/posts\/45613\/revisions"}],"wp:attachment":[{"href":"https:\/\/eltrabajo.cl\/portal\/wp-json\/wp\/v2\/media?parent=45613"}],"wp:term":[{"taxonomy":"category","embeddable":true,"href":"https:\/\/eltrabajo.cl\/portal\/wp-json\/wp\/v2\/categories?post=45613"},{"taxonomy":"post_tag","embeddable":true,"href":"https:\/\/eltrabajo.cl\/portal\/wp-json\/wp\/v2\/tags?post=45613"}],"curies":[{"name":"wp","href":"https:\/\/api.w.org\/{rel}","templated":true}]}}