{"id":45621,"date":"2014-04-21T09:15:02","date_gmt":"2014-04-21T12:15:02","guid":{"rendered":"http:\/\/www.eltrabajo.cl\/portal\/?p=45621"},"modified":"2014-04-21T09:15:02","modified_gmt":"2014-04-21T12:15:02","slug":"ejecutan-cierre-perimetral-de-sede-de-villa-las-acacias-iii","status":"publish","type":"post","link":"https:\/\/eltrabajo.cl\/portal\/ejecutan-cierre-perimetral-de-sede-de-villa-las-acacias-iii\/","title":{"rendered":"Ejecutan cierre perimetral de sede de Villa Las Acacias III"},"content":{"rendered":"<figure id=\"attachment_45622\" aria-describedby=\"caption-attachment-45622\" style=\"width: 528px\" class=\"wp-caption alignnone\"><a href=\"https:\/\/i0.wp.com\/www.eltrabajo.cl\/portal\/wp-content\/uploads\/2014\/04\/Acmafor.jpg\"><img data-recalc-dims=\"1\" loading=\"lazy\" decoding=\"async\" class=\"size-full wp-image-45622\" alt=\"El municipio ya comenz\u00f3 la construcci\u00f3n  de cierre perimetral de un sector de Villa Las Acacias III.\" src=\"https:\/\/i0.wp.com\/www.eltrabajo.cl\/portal\/wp-content\/uploads\/2014\/04\/Acmafor.jpg?resize=528%2C340\" width=\"528\" height=\"340\" srcset=\"https:\/\/i0.wp.com\/eltrabajo.cl\/portal\/wp-content\/uploads\/2014\/04\/Acmafor.jpg?w=528&amp;ssl=1 528w, https:\/\/i0.wp.com\/eltrabajo.cl\/portal\/wp-content\/uploads\/2014\/04\/Acmafor.jpg?resize=200%2C128&amp;ssl=1 200w, https:\/\/i0.wp.com\/eltrabajo.cl\/portal\/wp-content\/uploads\/2014\/04\/Acmafor.jpg?resize=300%2C193&amp;ssl=1 300w, https:\/\/i0.wp.com\/eltrabajo.cl\/portal\/wp-content\/uploads\/2014\/04\/Acmafor.jpg?resize=150%2C96&amp;ssl=1 150w, https:\/\/i0.wp.com\/eltrabajo.cl\/portal\/wp-content\/uploads\/2014\/04\/Acmafor.jpg?resize=400%2C257&amp;ssl=1 400w\" sizes=\"auto, (max-width: 528px) 100vw, 528px\" \/><\/a><figcaption id=\"caption-attachment-45622\" class=\"wp-caption-text\">El municipio ya comenz\u00f3 la construcci\u00f3n de cierre perimetral de un sector de Villa Las Acacias III.<\/figcaption><\/figure>\n<p>El municipio ya comenz\u00f3 la construcci\u00f3n de cierre perimetral de un sector de Villa Las Acacias III, una iniciativa que se est\u00e1 ejecutando con recursos \u00edntegramente municipales. La situaci\u00f3n de ese sector la plantearon los dirigentes al Alcalde Patricio Freire, en una visita que realiz\u00f3 el jefe comunal a la villa, constatando el deteriorado estado en que se encontraba la pandereta que cerraba el \u00e1rea donde se ubica el Sapudent, la multicancha y la sede social.<\/p>\n<p>\u201cNosotros hace casi dos a\u00f1os est\u00e1bamos luchando por conseguir esto, hicimos proyectos y no pasaba nada, tratando este tema directo con el Alcalde Freire, la verdad que debo agradecer la gesti\u00f3n de \u00e9l, porque fue muy r\u00e1pido todo, en cosa de tres meses que solicitamos, \u00e9l nos entreg\u00f3 esta respuesta y el trabajo ya comenz\u00f3. La lucha por conseguir este cierre perimetral era por la seguridad de los vecinos, al fondo estaba abierto todo y los malandrines que nos da\u00f1aron esto huyen por el estero entonces es un problema y, la respuesta del alcalde fue rapid\u00edsima, antes de tres meses han comenzado las obras\u201d, explic\u00f3 el Presidente de la Junta de Vecinos Las Acacias II y III, Mario Pe\u00f1a.<\/p>\n<p>El proyecto se ejecuta con recursos municipales, alcanza una inversi\u00f3n superior a los tres millones de pesos y contempla la construcci\u00f3n de un cierre perimetral transparente, conocido como Acmafor y tiene fecha de t\u00e9rmino la segunda quincena del mes de mayo.<\/p>\n<p>\u201cLo que est\u00e1 haciendo ac\u00e1 el Alcalde Freire a trav\u00e9s de estos proyectos no es solamente generar infraestructura comunitaria, sino que tambi\u00e9n infraestructura que apoye la seguridad de los vecinos, eso es algo que queremos destacar. Esto era un sector inseguro para los vecinos, adem\u00e1s estaba como sitio eriazo pr\u00e1cticamente con las panderetas en el suelo, por ello se ha mejorado, se cort\u00f3 el pasto y se est\u00e1 ejecutando el cierre transparente y que as\u00ed no tenga problemas de visibilidad\u201d, dijo el Secretario de Planificaci\u00f3n Comunal, Claudio Paredes.<\/p>\n<p>&nbsp;<\/p>\n","protected":false},"excerpt":{"rendered":"<p>El municipio ya comenz\u00f3 la construcci\u00f3n de cierre perimetral de un sector de Villa Las Acacias III, una iniciativa que se est\u00e1 ejecutando con recursos \u00edntegramente municipales. La situaci\u00f3n de ese sector&#8230;<\/p>\n","protected":false},"author":482,"featured_media":45622,"comment_status":"open","ping_status":"closed","sticky":false,"template":"","format":"standard","meta":{"advanced_seo_description":"","jetpack_seo_html_title":"","jetpack_seo_noindex":false,"_jetpack_memberships_contains_paid_content":false,"footnotes":""},"categories":[1],"tags":[],"class_list":["post-45621","post","type-post","status-publish","format-standard","has-post-thumbnail","hentry","category-cronica"],"jetpack_featured_media_url":"https:\/\/i0.wp.com\/eltrabajo.cl\/portal\/wp-content\/uploads\/2014\/04\/Acmafor.jpg?fit=528%2C340&ssl=1","jetpack_sharing_enabled":true,"jetpack_likes_enabled":true,"jetpack-related-posts":[],"_links":{"self":[{"href":"https:\/\/eltrabajo.cl\/portal\/wp-json\/wp\/v2\/posts\/45621","targetHints":{"allow":["GET"]}}],"collection":[{"href":"https:\/\/eltrabajo.cl\/portal\/wp-json\/wp\/v2\/posts"}],"about":[{"href":"https:\/\/eltrabajo.cl\/portal\/wp-json\/wp\/v2\/types\/post"}],"author":[{"embeddable":true,"href":"https:\/\/eltrabajo.cl\/portal\/wp-json\/wp\/v2\/users\/482"}],"replies":[{"embeddable":true,"href":"https:\/\/eltrabajo.cl\/portal\/wp-json\/wp\/v2\/comments?post=45621"}],"version-history":[{"count":0,"href":"https:\/\/eltrabajo.cl\/portal\/wp-json\/wp\/v2\/posts\/45621\/revisions"}],"wp:featuredmedia":[{"embeddable":true,"href":"https:\/\/eltrabajo.cl\/portal\/wp-json\/wp\/v2\/media\/45622"}],"wp:attachment":[{"href":"https:\/\/eltrabajo.cl\/portal\/wp-json\/wp\/v2\/media?parent=45621"}],"wp:term":[{"taxonomy":"category","embeddable":true,"href":"https:\/\/eltrabajo.cl\/portal\/wp-json\/wp\/v2\/categories?post=45621"},{"taxonomy":"post_tag","embeddable":true,"href":"https:\/\/eltrabajo.cl\/portal\/wp-json\/wp\/v2\/tags?post=45621"}],"curies":[{"name":"wp","href":"https:\/\/api.w.org\/{rel}","templated":true}]}}