{"id":45624,"date":"2014-04-21T09:32:23","date_gmt":"2014-04-21T12:32:23","guid":{"rendered":"http:\/\/www.eltrabajo.cl\/portal\/?p=45624"},"modified":"2014-04-21T09:32:23","modified_gmt":"2014-04-21T12:32:23","slug":"graves-denuncias-contra-empresa-a-cargo-de-la-remodelacion-de-hospital-psiquiatrico","status":"publish","type":"post","link":"https:\/\/eltrabajo.cl\/portal\/graves-denuncias-contra-empresa-a-cargo-de-la-remodelacion-de-hospital-psiquiatrico\/","title":{"rendered":"Graves denuncias contra empresa a cargo de la remodelaci\u00f3n de hospital psiqui\u00e1trico"},"content":{"rendered":"<figure id=\"attachment_45625\" aria-describedby=\"caption-attachment-45625\" style=\"width: 222px\" class=\"wp-caption alignleft\"><a href=\"https:\/\/i0.wp.com\/www.eltrabajo.cl\/portal\/wp-content\/uploads\/2014\/04\/JOSE-REYES-DENUNCIA-PIXELS.jpg\"><img data-recalc-dims=\"1\" loading=\"lazy\" decoding=\"async\" class=\" wp-image-45625  \" alt=\"Jos\u00e9 Reyes, vecino de Putaendo.\" src=\"https:\/\/i0.wp.com\/www.eltrabajo.cl\/portal\/wp-content\/uploads\/2014\/04\/JOSE-REYES-DENUNCIA-PIXELS.jpg?resize=222%2C195\" width=\"222\" height=\"195\" srcset=\"https:\/\/i0.wp.com\/eltrabajo.cl\/portal\/wp-content\/uploads\/2014\/04\/JOSE-REYES-DENUNCIA-PIXELS.jpg?w=529&amp;ssl=1 529w, https:\/\/i0.wp.com\/eltrabajo.cl\/portal\/wp-content\/uploads\/2014\/04\/JOSE-REYES-DENUNCIA-PIXELS.jpg?resize=171%2C150&amp;ssl=1 171w, https:\/\/i0.wp.com\/eltrabajo.cl\/portal\/wp-content\/uploads\/2014\/04\/JOSE-REYES-DENUNCIA-PIXELS.jpg?resize=300%2C262&amp;ssl=1 300w, https:\/\/i0.wp.com\/eltrabajo.cl\/portal\/wp-content\/uploads\/2014\/04\/JOSE-REYES-DENUNCIA-PIXELS.jpg?resize=150%2C131&amp;ssl=1 150w, https:\/\/i0.wp.com\/eltrabajo.cl\/portal\/wp-content\/uploads\/2014\/04\/JOSE-REYES-DENUNCIA-PIXELS.jpg?resize=400%2C350&amp;ssl=1 400w\" sizes=\"auto, (max-width: 222px) 100vw, 222px\" \/><\/a><figcaption id=\"caption-attachment-45625\" class=\"wp-caption-text\">Jos\u00e9 Reyes, vecino de Putaendo.<\/figcaption><\/figure>\n<p><strong>PUTAENDO<\/strong>.- Trabajadores y ex trabajadores realizaron graves denuncias contra la empresa Pixels, encargada de la remodelaci\u00f3n del Hospital Psiqui\u00e1trico de Putaendo. En los \u00faltimos d\u00edas han sido varios los trabajadores que han sido desvinculados por parte de la empresa, lo que los ha llevado a acudir a la inspecci\u00f3n del trabajo y comenzar a denunciar varias irregularidades contra Pixels.<\/p>\n<p>Rodrigo Gorigoit\u00eda desempe\u00f1aba funciones administrativas en la empresa y asegur\u00f3 que Pixels al enterarse que es dirigente sindical, en forma arbitraria lo despidi\u00f3 pues afirm\u00f3 que la empresa tiene como pol\u00edtica la no contrataci\u00f3n de personas cuya intenci\u00f3n sea la organizaci\u00f3n de sindicatos o que pertenezcan a alguna organizaci\u00f3n de estas caracter\u00edsticas, por lo que indic\u00f3 que la empresa realiz\u00f3 una persecuci\u00f3n en su contra, lo que lo motiv\u00f3 a realizar la denuncia ante la Inspecci\u00f3n del Trabajo que incluso el mi\u00e9rcoles reci\u00e9n pasado acudi\u00f3 hasta las obras en el hospital psiqui\u00e1trico para pedir a la empresa que lo reincorporara a sus funciones, lo que no habr\u00eda sido aceptado por Pixels.<\/p>\n<p>Gorigoit\u00eda asegur\u00f3 que se cometen muchas irregularidades como no dar anticipo a los trabajadores, hacinamiento en comedores insalubres y el hecho que la empresa Pixels oculta accidentes laborales para no llevar a los trabajadores hasta la mutual y los obliga a ir hasta los servicios de urgencia con la indicaci\u00f3n que no deben mencionar que el accidente ocurri\u00f3 al interior de la obra.<\/p>\n<figure id=\"attachment_45626\" aria-describedby=\"caption-attachment-45626\" style=\"width: 222px\" class=\"wp-caption alignright\"><a href=\"https:\/\/i0.wp.com\/www.eltrabajo.cl\/portal\/wp-content\/uploads\/2014\/04\/RODRIGO-GORIGOITIA-DENUNCIA-PIXELS.jpg\"><img data-recalc-dims=\"1\" loading=\"lazy\" decoding=\"async\" class=\" wp-image-45626  \" alt=\"Rodrigo Gorigoit\u00eda desempe\u00f1aba funciones administrativas en la empresa.\" src=\"https:\/\/i0.wp.com\/www.eltrabajo.cl\/portal\/wp-content\/uploads\/2014\/04\/RODRIGO-GORIGOITIA-DENUNCIA-PIXELS.jpg?resize=222%2C151\" width=\"222\" height=\"151\" srcset=\"https:\/\/i0.wp.com\/eltrabajo.cl\/portal\/wp-content\/uploads\/2014\/04\/RODRIGO-GORIGOITIA-DENUNCIA-PIXELS.jpg?w=528&amp;ssl=1 528w, https:\/\/i0.wp.com\/eltrabajo.cl\/portal\/wp-content\/uploads\/2014\/04\/RODRIGO-GORIGOITIA-DENUNCIA-PIXELS.jpg?resize=200%2C135&amp;ssl=1 200w, https:\/\/i0.wp.com\/eltrabajo.cl\/portal\/wp-content\/uploads\/2014\/04\/RODRIGO-GORIGOITIA-DENUNCIA-PIXELS.jpg?resize=300%2C203&amp;ssl=1 300w, https:\/\/i0.wp.com\/eltrabajo.cl\/portal\/wp-content\/uploads\/2014\/04\/RODRIGO-GORIGOITIA-DENUNCIA-PIXELS.jpg?resize=150%2C101&amp;ssl=1 150w, https:\/\/i0.wp.com\/eltrabajo.cl\/portal\/wp-content\/uploads\/2014\/04\/RODRIGO-GORIGOITIA-DENUNCIA-PIXELS.jpg?resize=400%2C271&amp;ssl=1 400w\" sizes=\"auto, (max-width: 222px) 100vw, 222px\" \/><\/a><figcaption id=\"caption-attachment-45626\" class=\"wp-caption-text\">Rodrigo Gorigoit\u00eda desempe\u00f1aba funciones administrativas en la empresa.<\/figcaption><\/figure>\n<p>En este sentido, Jos\u00e9 Reyes, vecino de Putaendo, se\u00f1al\u00f3 a nuestro medio que a mediados del mes de marzo de este a\u00f1o se accident\u00f3 al interior de la obra y se golpe\u00f3 fuertemente con una puerta en una de sus piernas y cuando dio cuenta al prevencionista de riesgos, este lo mand\u00f3 a sentarse al comedor y luego al ver que el dolor se incrementaba le indic\u00f3 que se fuera a descansar a su casa y si era necesario concurriera al Servicio de Urgencia del Hospital San Antonio donde por ning\u00fan motivo deb\u00eda se\u00f1alar que se hab\u00eda accidentado en la obra o ser\u00eda despedido en forma inmediata.<\/p>\n<p>Reyes declar\u00f3 que eso ocurri\u00f3 un d\u00eda viernes y que el lunes en la ma\u00f1ana se present\u00f3 con normalidad a su trabajo pero que los dolores continuaban, ante lo cual nuevamente se acerc\u00f3 al prevencionista de riesgos, quien, seg\u00fan testimonio del afectado, se habr\u00eda burlado de \u00e9l y no dio cr\u00e9dito al dolor que \u00e9l sent\u00eda.<\/p>\n<p>Luego de insistir para que lo enviaran a la mutual, Jos\u00e9 Reyes se\u00f1ala que el mismo prevencionista de riesgos de muy mala manera le dijo que concurriera hasta la mutual, pero que al estar en San Felipe y mientras le realizaban los tr\u00e1mites para atenderlo, sorpresivamente lleg\u00f3 el prevencionista de riesgos para informar a la mutual que hace solo una hora el trabajador hab\u00eda sido despedido, por lo que no fue posible que lo atendieran y lo despidieron bajo el argumento de abandono de su trabajo sin autorizaci\u00f3n de un superior.<\/p>\n<p>Otro de los trabajadores que se golpe\u00f3 en su dentadura y que manten\u00eda contrato vigente hasta el t\u00e9rmino de la obra que reci\u00e9n est\u00e1 comenzando, no alcanz\u00f3 a trabajar un mes y luego de sufrir el accidente fue llevado a la mutual en San Felipe a la que debi\u00f3 acudir en una segunda oportunidad y luego fue enviado a la Cl\u00ednica R\u00edo Blanco donde un dentista le realiz\u00f3 un sello provisorio en uno de sus dientes para poder reparar dentro de varias sesiones m\u00e1s el da\u00f1o sufrido en sus enc\u00edas y parte de un diente.<\/p>\n<p>El trabajador asegura que al acudir a una nueva sesi\u00f3n a la mutual le informaron que no continuar\u00edan con su atenci\u00f3n pues la empresa no present\u00f3 la documentaci\u00f3n reglamentaria relacionada con su accidente y que al regresar a la obra para dar cuenta al prevencionista de riesgos, este le se\u00f1al\u00f3 que lo solucionar\u00edan en forma inmediata, pero la soluci\u00f3n lleg\u00f3 en horas de la tarde al terminar la jornada donde le notificaron de su despido.<\/p>\n<p>Estas denuncias se suman a varias otras relacionadas con que la empresa no cumple las medidas de seguridad, no proporciona los elementos necesarios de seguridad a los trabajadores y se encontrar\u00eda vulnerando los derechos fundamentales de quienes trabajan en esa obra, lo que llev\u00f3 a que funcionarios de la Inspecci\u00f3n del Trabajo se constituyeran personalmente en la obra el jueves pasado.<\/p>\n<p>Nuestro medio intent\u00f3 tener la versi\u00f3n de alg\u00fan representante de la empresa Pixels, sin embargo, el personal que se encontraba en porter\u00eda solo se limit\u00f3 a cerrar los portones y pedirnos que no fotografi\u00e1ramos el interior de la obra, adem\u00e1s de se\u00f1alar que no hab\u00eda alguien disponible para conversar con la prensa.<\/p>\n<p>Patricio Gallardo M.<\/p>\n<p>&nbsp;<\/p>\n","protected":false},"excerpt":{"rendered":"<p>PUTAENDO.- Trabajadores y ex trabajadores realizaron graves denuncias contra la empresa Pixels, encargada de la remodelaci\u00f3n del Hospital Psiqui\u00e1trico de Putaendo. En los \u00faltimos d\u00edas han sido varios los trabajadores que han&#8230;<\/p>\n","protected":false},"author":482,"featured_media":45625,"comment_status":"open","ping_status":"closed","sticky":false,"template":"","format":"standard","meta":{"advanced_seo_description":"","jetpack_seo_html_title":"","jetpack_seo_noindex":false,"_jetpack_memberships_contains_paid_content":false,"footnotes":""},"categories":[15],"tags":[],"class_list":["post-45624","post","type-post","status-publish","format-standard","has-post-thumbnail","hentry","category-comunidad"],"jetpack_featured_media_url":"https:\/\/i0.wp.com\/eltrabajo.cl\/portal\/wp-content\/uploads\/2014\/04\/JOSE-REYES-DENUNCIA-PIXELS.jpg?fit=529%2C463&ssl=1","jetpack_sharing_enabled":true,"jetpack_likes_enabled":true,"jetpack-related-posts":[],"_links":{"self":[{"href":"https:\/\/eltrabajo.cl\/portal\/wp-json\/wp\/v2\/posts\/45624","targetHints":{"allow":["GET"]}}],"collection":[{"href":"https:\/\/eltrabajo.cl\/portal\/wp-json\/wp\/v2\/posts"}],"about":[{"href":"https:\/\/eltrabajo.cl\/portal\/wp-json\/wp\/v2\/types\/post"}],"author":[{"embeddable":true,"href":"https:\/\/eltrabajo.cl\/portal\/wp-json\/wp\/v2\/users\/482"}],"replies":[{"embeddable":true,"href":"https:\/\/eltrabajo.cl\/portal\/wp-json\/wp\/v2\/comments?post=45624"}],"version-history":[{"count":0,"href":"https:\/\/eltrabajo.cl\/portal\/wp-json\/wp\/v2\/posts\/45624\/revisions"}],"wp:featuredmedia":[{"embeddable":true,"href":"https:\/\/eltrabajo.cl\/portal\/wp-json\/wp\/v2\/media\/45625"}],"wp:attachment":[{"href":"https:\/\/eltrabajo.cl\/portal\/wp-json\/wp\/v2\/media?parent=45624"}],"wp:term":[{"taxonomy":"category","embeddable":true,"href":"https:\/\/eltrabajo.cl\/portal\/wp-json\/wp\/v2\/categories?post=45624"},{"taxonomy":"post_tag","embeddable":true,"href":"https:\/\/eltrabajo.cl\/portal\/wp-json\/wp\/v2\/tags?post=45624"}],"curies":[{"name":"wp","href":"https:\/\/api.w.org\/{rel}","templated":true}]}}