{"id":45664,"date":"2014-04-22T09:11:40","date_gmt":"2014-04-22T12:11:40","guid":{"rendered":"http:\/\/www.eltrabajo.cl\/portal\/?p=45664"},"modified":"2014-04-22T09:11:40","modified_gmt":"2014-04-22T12:11:40","slug":"voluntarios-rinconadinos-llevaron-entretencion-a-ninos-damnificados-del-puerto","status":"publish","type":"post","link":"https:\/\/eltrabajo.cl\/portal\/voluntarios-rinconadinos-llevaron-entretencion-a-ninos-damnificados-del-puerto\/","title":{"rendered":"Voluntarios rinconadinos llevaron entretenci\u00f3n a ni\u00f1os damnificados del puerto"},"content":{"rendered":"<figure id=\"attachment_45665\" aria-describedby=\"caption-attachment-45665\" style=\"width: 528px\" class=\"wp-caption alignnone\"><a href=\"https:\/\/i0.wp.com\/www.eltrabajo.cl\/portal\/wp-content\/uploads\/2014\/04\/Rinconadinos1.jpg\"><img data-recalc-dims=\"1\" loading=\"lazy\" decoding=\"async\" class=\"size-full wp-image-45665\" alt=\"VOLUNTARIOS.-Fueron alrededor de 30  j\u00f3venes quienes viajaron al puerto con todo lo necesario para entretener a los m\u00e1s peque\u00f1os y disfrutar con ellos un sano momento de distensi\u00f3n.\" src=\"https:\/\/i0.wp.com\/www.eltrabajo.cl\/portal\/wp-content\/uploads\/2014\/04\/Rinconadinos1.jpg?resize=528%2C365\" width=\"528\" height=\"365\" srcset=\"https:\/\/i0.wp.com\/eltrabajo.cl\/portal\/wp-content\/uploads\/2014\/04\/Rinconadinos1.jpg?w=528&amp;ssl=1 528w, https:\/\/i0.wp.com\/eltrabajo.cl\/portal\/wp-content\/uploads\/2014\/04\/Rinconadinos1.jpg?resize=200%2C138&amp;ssl=1 200w, https:\/\/i0.wp.com\/eltrabajo.cl\/portal\/wp-content\/uploads\/2014\/04\/Rinconadinos1.jpg?resize=300%2C207&amp;ssl=1 300w, https:\/\/i0.wp.com\/eltrabajo.cl\/portal\/wp-content\/uploads\/2014\/04\/Rinconadinos1.jpg?resize=150%2C103&amp;ssl=1 150w, https:\/\/i0.wp.com\/eltrabajo.cl\/portal\/wp-content\/uploads\/2014\/04\/Rinconadinos1.jpg?resize=400%2C276&amp;ssl=1 400w\" sizes=\"auto, (max-width: 528px) 100vw, 528px\" \/><\/a><figcaption id=\"caption-attachment-45665\" class=\"wp-caption-text\">VOLUNTARIOS.-Fueron alrededor de 30 j\u00f3venes quienes viajaron al puerto con todo lo necesario para entretener a los m\u00e1s peque\u00f1os y disfrutar con ellos un sano momento de distensi\u00f3n.<\/figcaption><\/figure>\n<p><strong>RINCONADA<\/strong>.- Este fin de semana largo un grupo de j\u00f3venes voluntarios de la comuna de Rinconada acudieron en ayuda de los damnificados por el voraz incendio que azot\u00f3 d\u00edas pasados a la capital regional. Es as\u00ed como se coordinaron a trav\u00e9s de redes sociales con una sola finalidad, ayudar en todo lo necesario e ir a entregar un momento de alegr\u00eda a los compatriotas, que hoy por hoy, se encuentran lamentando la p\u00e9rdida de sus casas, se enfocaron espec\u00edficamente en los ni\u00f1os acudiendo as\u00ed al albergue \u2018Los Artesanos\u2019.<\/p>\n<p>Fueron alrededor de 30 j\u00f3venes quienes viajaron al puerto con todo lo necesario para entretener a los m\u00e1s peque\u00f1os y disfrutar con ellos un sano momento de distensi\u00f3n. La Municipalidad de Rinconada apoy\u00f3 la causa gestionando y facilitando el transporte de manera totalmente gratuita para permitir que estos rinconadinos se hicieran presentes en el lugar, recordemos que son miles las casas que hoy se encuentran calcinadas y pr\u00f3ximamente se comenzar\u00e1 con la reconstrucci\u00f3n.<\/p>\n<p>El Alcalde Pedro Caballer\u00eda, quien les dio todo el apoyo a estos j\u00f3venes y a su noble iniciativa expres\u00f3 que \u201cquiero felicitar y agradecer a estos j\u00f3venes, les hemos prestado el apoyo, les dimos colaciones a estos chicos que van a apoyar esta iniciativa, ellos tambi\u00e9n llevan un poquito de entretenci\u00f3n y diversi\u00f3n para estos chiquitos que no lo est\u00e1n pasando bien en la hermana ciudad de Valpara\u00edso\u201d.<\/p>\n<p>Nataly Arriaza, coordinadora de este grupo de rinconadinos se refiri\u00f3 a los motivos de esta acci\u00f3n y dijo que \u201cse nos ocurri\u00f3 que podr\u00edamos hacer un grupo de j\u00f3venes de la comuna para poder ir a ayudar a Valpara\u00edso, vamos espec\u00edficamente a lo que es la entretenci\u00f3n de los ni\u00f1os, les llevamos golosinas, disfraces, m\u00fasica y pinta caritas\u201d.<\/p>\n<p>\u00c1lvaro Andrade, tambi\u00e9n coordinador de este viaje asever\u00f3 que \u201clos chiquillos est\u00e1n a full, se ha juntado mucha gente, todos est\u00e1n con muchas ganas, todos dispuestos a participar\u201d.<\/p>\n<p>Patricia Miranda, una de las j\u00f3venes que fue de voluntaria asegur\u00f3 que \u201cse est\u00e1 ayudando a la comunidad y uno nunca sabe cu\u00e1ndo le puede tocar, entonces se tiene que ser solidario y emp\u00e1tico frente a todo lo que est\u00e1 sucediendo, y de cierta manera de lo malo igual es gratificante y es bueno estar ayudando\u201d.<\/p>\n<p>&nbsp;<\/p>\n","protected":false},"excerpt":{"rendered":"<p>RINCONADA.- Este fin de semana largo un grupo de j\u00f3venes voluntarios de la comuna de Rinconada acudieron en ayuda de los damnificados por el voraz incendio que azot\u00f3 d\u00edas pasados a la&#8230;<\/p>\n","protected":false},"author":482,"featured_media":45665,"comment_status":"open","ping_status":"closed","sticky":false,"template":"","format":"standard","meta":{"advanced_seo_description":"","jetpack_seo_html_title":"","jetpack_seo_noindex":false,"_jetpack_memberships_contains_paid_content":false,"footnotes":""},"categories":[15],"tags":[],"class_list":["post-45664","post","type-post","status-publish","format-standard","has-post-thumbnail","hentry","category-comunidad"],"jetpack_featured_media_url":"https:\/\/i0.wp.com\/eltrabajo.cl\/portal\/wp-content\/uploads\/2014\/04\/Rinconadinos1.jpg?fit=528%2C365&ssl=1","jetpack_sharing_enabled":true,"jetpack_likes_enabled":true,"jetpack-related-posts":[],"_links":{"self":[{"href":"https:\/\/eltrabajo.cl\/portal\/wp-json\/wp\/v2\/posts\/45664","targetHints":{"allow":["GET"]}}],"collection":[{"href":"https:\/\/eltrabajo.cl\/portal\/wp-json\/wp\/v2\/posts"}],"about":[{"href":"https:\/\/eltrabajo.cl\/portal\/wp-json\/wp\/v2\/types\/post"}],"author":[{"embeddable":true,"href":"https:\/\/eltrabajo.cl\/portal\/wp-json\/wp\/v2\/users\/482"}],"replies":[{"embeddable":true,"href":"https:\/\/eltrabajo.cl\/portal\/wp-json\/wp\/v2\/comments?post=45664"}],"version-history":[{"count":0,"href":"https:\/\/eltrabajo.cl\/portal\/wp-json\/wp\/v2\/posts\/45664\/revisions"}],"wp:featuredmedia":[{"embeddable":true,"href":"https:\/\/eltrabajo.cl\/portal\/wp-json\/wp\/v2\/media\/45665"}],"wp:attachment":[{"href":"https:\/\/eltrabajo.cl\/portal\/wp-json\/wp\/v2\/media?parent=45664"}],"wp:term":[{"taxonomy":"category","embeddable":true,"href":"https:\/\/eltrabajo.cl\/portal\/wp-json\/wp\/v2\/categories?post=45664"},{"taxonomy":"post_tag","embeddable":true,"href":"https:\/\/eltrabajo.cl\/portal\/wp-json\/wp\/v2\/tags?post=45664"}],"curies":[{"name":"wp","href":"https:\/\/api.w.org\/{rel}","templated":true}]}}