{"id":45667,"date":"2014-04-22T09:14:46","date_gmt":"2014-04-22T12:14:46","guid":{"rendered":"http:\/\/www.eltrabajo.cl\/portal\/?p=45667"},"modified":"2014-04-22T09:14:46","modified_gmt":"2014-04-22T12:14:46","slug":"cerca-de-300-competidores-vivieron-la-maraton-aniversario-de-carabineros","status":"publish","type":"post","link":"https:\/\/eltrabajo.cl\/portal\/cerca-de-300-competidores-vivieron-la-maraton-aniversario-de-carabineros\/","title":{"rendered":"Cerca de 300 competidores vivieron la marat\u00f3n aniversario de Carabineros"},"content":{"rendered":"<figure id=\"attachment_45668\" aria-describedby=\"caption-attachment-45668\" style=\"width: 529px\" class=\"wp-caption alignnone\"><a href=\"https:\/\/i0.wp.com\/www.eltrabajo.cl\/portal\/wp-content\/uploads\/2014\/04\/Maraton2.jpg\"><img data-recalc-dims=\"1\" loading=\"lazy\" decoding=\"async\" class=\"size-full wp-image-45668\" alt=\"M\u00e1s de 200 personas participaron la ma\u00f1ana del domingo en la marat\u00f3n en homenaje a los 87 a\u00f1os de Carabineros de Chile.\" src=\"https:\/\/i0.wp.com\/www.eltrabajo.cl\/portal\/wp-content\/uploads\/2014\/04\/Maraton2.jpg?resize=529%2C401\" width=\"529\" height=\"401\" srcset=\"https:\/\/i0.wp.com\/eltrabajo.cl\/portal\/wp-content\/uploads\/2014\/04\/Maraton2.jpg?w=529&amp;ssl=1 529w, https:\/\/i0.wp.com\/eltrabajo.cl\/portal\/wp-content\/uploads\/2014\/04\/Maraton2.jpg?resize=197%2C150&amp;ssl=1 197w, https:\/\/i0.wp.com\/eltrabajo.cl\/portal\/wp-content\/uploads\/2014\/04\/Maraton2.jpg?resize=300%2C227&amp;ssl=1 300w, https:\/\/i0.wp.com\/eltrabajo.cl\/portal\/wp-content\/uploads\/2014\/04\/Maraton2.jpg?resize=150%2C113&amp;ssl=1 150w, https:\/\/i0.wp.com\/eltrabajo.cl\/portal\/wp-content\/uploads\/2014\/04\/Maraton2.jpg?resize=400%2C303&amp;ssl=1 400w\" sizes=\"auto, (max-width: 529px) 100vw, 529px\" \/><\/a><figcaption id=\"caption-attachment-45668\" class=\"wp-caption-text\">M\u00e1s de 200 personas participaron la ma\u00f1ana del domingo en la marat\u00f3n en homenaje a los 87 a\u00f1os de Carabineros de Chile.<\/figcaption><\/figure>\n<p><strong>LOS ANDES<\/strong>.- M\u00e1s de 200 personas participaron la ma\u00f1ana del domingo en la marat\u00f3n en homenaje a los 87 a\u00f1os de Carabineros de Chile. Ni\u00f1os, adultos, j\u00f3venes y personas mayores, se dieron cita en el frontis de la Tercera Comisar\u00eda desde donde se dio a la largada a las diferentes categor\u00edas. El Comisario de Carabineros de Los Andes, Mayor Edgardo Egli, destac\u00f3 la alta participaci\u00f3n de personas en esta corrida, pero por sobre todo la presencia de muchas familias.<\/p>\n<figure id=\"attachment_45669\" aria-describedby=\"caption-attachment-45669\" style=\"width: 423px\" class=\"wp-caption alignright\"><a href=\"https:\/\/i0.wp.com\/www.eltrabajo.cl\/portal\/wp-content\/uploads\/2014\/04\/Maraton1.jpg\"><img data-recalc-dims=\"1\" loading=\"lazy\" decoding=\"async\" class=\" wp-image-45669 \" alt=\"Ni\u00f1os, adultos, j\u00f3venes y personas mayores, se dieron cita en el frontis de la Tercera Comisar\u00eda desde donde se dio a la largada a las diferentes categor\u00edas.\" src=\"https:\/\/i0.wp.com\/www.eltrabajo.cl\/portal\/wp-content\/uploads\/2014\/04\/Maraton1.jpg?resize=423%2C321\" width=\"423\" height=\"321\" srcset=\"https:\/\/i0.wp.com\/eltrabajo.cl\/portal\/wp-content\/uploads\/2014\/04\/Maraton1.jpg?w=529&amp;ssl=1 529w, https:\/\/i0.wp.com\/eltrabajo.cl\/portal\/wp-content\/uploads\/2014\/04\/Maraton1.jpg?resize=197%2C150&amp;ssl=1 197w, https:\/\/i0.wp.com\/eltrabajo.cl\/portal\/wp-content\/uploads\/2014\/04\/Maraton1.jpg?resize=300%2C227&amp;ssl=1 300w, https:\/\/i0.wp.com\/eltrabajo.cl\/portal\/wp-content\/uploads\/2014\/04\/Maraton1.jpg?resize=150%2C113&amp;ssl=1 150w, https:\/\/i0.wp.com\/eltrabajo.cl\/portal\/wp-content\/uploads\/2014\/04\/Maraton1.jpg?resize=400%2C303&amp;ssl=1 400w\" sizes=\"auto, (max-width: 423px) 100vw, 423px\" \/><\/a><figcaption id=\"caption-attachment-45669\" class=\"wp-caption-text\">Ni\u00f1os, adultos, j\u00f3venes y personas mayores, se dieron cita en el frontis de la Tercera Comisar\u00eda desde donde se dio a la largada a las diferentes categor\u00edas.<\/figcaption><\/figure>\n<p>El oficial dijo que el deporte tambi\u00e9n esa una forma de acercar a Carabineros con la comunidad, recordando que desde hace cinco a\u00f1os que se realiza esta marat\u00f3n en el mes de abril. El Mayor Egli destac\u00f3 que durante todo el mes se realizan actividades para conmemorar el aniversario institucional, incluso con operativos sociales.<\/p>\n<p>&nbsp;<\/p>\n","protected":false},"excerpt":{"rendered":"<p>LOS ANDES.- M\u00e1s de 200 personas participaron la ma\u00f1ana del domingo en la marat\u00f3n en homenaje a los 87 a\u00f1os de Carabineros de Chile. Ni\u00f1os, adultos, j\u00f3venes y personas mayores, se dieron&#8230;<\/p>\n","protected":false},"author":482,"featured_media":45668,"comment_status":"open","ping_status":"closed","sticky":false,"template":"","format":"standard","meta":{"advanced_seo_description":"","jetpack_seo_html_title":"","jetpack_seo_noindex":false,"_jetpack_memberships_contains_paid_content":false,"footnotes":""},"categories":[1],"tags":[],"class_list":["post-45667","post","type-post","status-publish","format-standard","has-post-thumbnail","hentry","category-cronica"],"jetpack_featured_media_url":"https:\/\/i0.wp.com\/eltrabajo.cl\/portal\/wp-content\/uploads\/2014\/04\/Maraton2.jpg?fit=529%2C401&ssl=1","jetpack_sharing_enabled":true,"jetpack_likes_enabled":true,"jetpack-related-posts":[],"_links":{"self":[{"href":"https:\/\/eltrabajo.cl\/portal\/wp-json\/wp\/v2\/posts\/45667","targetHints":{"allow":["GET"]}}],"collection":[{"href":"https:\/\/eltrabajo.cl\/portal\/wp-json\/wp\/v2\/posts"}],"about":[{"href":"https:\/\/eltrabajo.cl\/portal\/wp-json\/wp\/v2\/types\/post"}],"author":[{"embeddable":true,"href":"https:\/\/eltrabajo.cl\/portal\/wp-json\/wp\/v2\/users\/482"}],"replies":[{"embeddable":true,"href":"https:\/\/eltrabajo.cl\/portal\/wp-json\/wp\/v2\/comments?post=45667"}],"version-history":[{"count":0,"href":"https:\/\/eltrabajo.cl\/portal\/wp-json\/wp\/v2\/posts\/45667\/revisions"}],"wp:featuredmedia":[{"embeddable":true,"href":"https:\/\/eltrabajo.cl\/portal\/wp-json\/wp\/v2\/media\/45668"}],"wp:attachment":[{"href":"https:\/\/eltrabajo.cl\/portal\/wp-json\/wp\/v2\/media?parent=45667"}],"wp:term":[{"taxonomy":"category","embeddable":true,"href":"https:\/\/eltrabajo.cl\/portal\/wp-json\/wp\/v2\/categories?post=45667"},{"taxonomy":"post_tag","embeddable":true,"href":"https:\/\/eltrabajo.cl\/portal\/wp-json\/wp\/v2\/tags?post=45667"}],"curies":[{"name":"wp","href":"https:\/\/api.w.org\/{rel}","templated":true}]}}