{"id":45674,"date":"2014-04-22T09:18:16","date_gmt":"2014-04-22T12:18:16","guid":{"rendered":"http:\/\/www.eltrabajo.cl\/portal\/?p=45674"},"modified":"2014-04-22T09:18:16","modified_gmt":"2014-04-22T12:18:16","slug":"valoran-como-muy-positivo-el-desarrollo-y-cierre-de-la-filan-2014","status":"publish","type":"post","link":"https:\/\/eltrabajo.cl\/portal\/valoran-como-muy-positivo-el-desarrollo-y-cierre-de-la-filan-2014\/","title":{"rendered":"Valoran como muy positivo el desarrollo y cierre de la Filan 2014"},"content":{"rendered":"<figure id=\"attachment_45675\" aria-describedby=\"caption-attachment-45675\" style=\"width: 528px\" class=\"wp-caption alignnone\"><a href=\"https:\/\/i0.wp.com\/www.eltrabajo.cl\/portal\/wp-content\/uploads\/2014\/04\/filan51.jpg\"><img data-recalc-dims=\"1\" loading=\"lazy\" decoding=\"async\" class=\"size-full wp-image-45675\" alt=\"La muestra artesanal, de micro-emprendores y el convenio con la Intendencia de Las Heras, particip\u00f3 con una numerosa delegaci\u00f3n.\" src=\"https:\/\/i0.wp.com\/www.eltrabajo.cl\/portal\/wp-content\/uploads\/2014\/04\/filan51.jpg?resize=528%2C401\" width=\"528\" height=\"401\" srcset=\"https:\/\/i0.wp.com\/eltrabajo.cl\/portal\/wp-content\/uploads\/2014\/04\/filan51.jpg?w=528&amp;ssl=1 528w, https:\/\/i0.wp.com\/eltrabajo.cl\/portal\/wp-content\/uploads\/2014\/04\/filan51.jpg?resize=197%2C150&amp;ssl=1 197w, https:\/\/i0.wp.com\/eltrabajo.cl\/portal\/wp-content\/uploads\/2014\/04\/filan51.jpg?resize=300%2C227&amp;ssl=1 300w, https:\/\/i0.wp.com\/eltrabajo.cl\/portal\/wp-content\/uploads\/2014\/04\/filan51.jpg?resize=150%2C113&amp;ssl=1 150w, https:\/\/i0.wp.com\/eltrabajo.cl\/portal\/wp-content\/uploads\/2014\/04\/filan51.jpg?resize=400%2C303&amp;ssl=1 400w\" sizes=\"auto, (max-width: 528px) 100vw, 528px\" \/><\/a><figcaption id=\"caption-attachment-45675\" class=\"wp-caption-text\">La muestra artesanal, de micro-emprendores y el convenio con la Intendencia de Las Heras, particip\u00f3 con una numerosa delegaci\u00f3n.<\/figcaption><\/figure>\n<p><strong>LOS ANDES<\/strong>.- El Presidente de la Junta de Adelanto de Los Andes, Mario M\u00e9ndez Allendes, realiz\u00f3 un balance positivo de lo que fue la 39\u00aa Feria Internacional de Los Andes 2014 que concluy\u00f3 el domingo. \u201cTenemos un balance preliminar bastante exitoso que se vio por la cantidad de gente que asisti\u00f3 y fue un acierto haber permitido gratuidad en la entrada y as\u00ed una gran cantidad de personas pudo acceder el recinto\u201d, expres\u00f3.<\/p>\n<p>M\u00e9ndez resalt\u00f3 tambi\u00e9n la muestra artesanal, de micro-emprendores y el convenio con la Intendencia de Las Heras que particip\u00f3 con una numerosa delegaci\u00f3n. El dirigente manifest\u00f3 que incluso se llevaron adelante mejoras importantes en el recinto que permitieron brindar m\u00e1s comodidad a los expositores y el p\u00fablico.<\/p>\n<p>\u201cQuiero resaltar tambi\u00e9n la muestra de bailes latinoamericanos con el Ballet de Danza Folcl\u00f3rica de Uspallata, los exponentes locales como el Bafocla y la gran calidad de la muestra en la parte musical y de danza\u201d, coment\u00f3. Sostuvo que con ello se cumpli\u00f3 el objetivo de convertir a Filan en una muestra de tradiciones, \u201cpor lo que estamos muy satisfechos por la calidad de la muestra que muy superior a a\u00f1os anteriores, por la gran cantidad de p\u00fablico y el compromiso que existe para poder seguir desarrollando esta iniciativa\u201d.<\/p>\n<p>M\u00e9ndez dijo que con un gran esfuerzo de los organizadores se logr\u00f3 un repunte de la muestra, demostrando as\u00ed que sigue vigente en el tiempo.<\/p>\n<p>Se\u00f1al\u00f3 que incluso la delegaci\u00f3n argentina fue invitada a conocer la plaza de Putaendo donde se cuenta que se sent\u00f3 a descansar el General Jos\u00e9 de San Mart\u00edn cuando cruzo la cordillera con el Ej\u00e9rcito Libertador, \u201cpero fue mejor de lo esperado, fuimos muy acogidos por el alcalde Guillermo Reyes quien nos invit\u00f3 con el grupo de danza a la fiesta costumbrista en Rinconada de Silva\u201d.<\/p>\n<p>Asimismo, mencion\u00f3 que en la comuna de Rinconada se llev\u00f3 adelante el tradicional rodeo debido a la clausura de la medialuna.<\/p>\n<p>Con respecto a este \u00faltimo tema, Mario M\u00e9ndez declin\u00f3 pronunciarse sobre la decisi\u00f3n tomada por el Alcalde Mardones, \u201cya que si los conflictos se llevan los tribunales ser\u00e1n nuestros abogados quienes realizar\u00e1n los tr\u00e1mites para resolver los temas pendientes, el alcalde actu\u00f3 de acuerdo a lo que el estim\u00f3 que era la legalidad y nosotros haremos las mejoras que corresponde, porque el Parque Cordillera tiene que estar disponible para la comunidad del Valle de Aconcagua y las cosas que haya que regularizar nosotros tendremos que hacer las gestiones pertinentes ante la direcci\u00f3n de obras de San Esteban\u201d, expuso finalmente.<\/p>\n<div class=\"tiled-gallery type-rectangular tiled-gallery-unresized\" data-original-width=\"640\" data-carousel-extra='null' itemscope itemtype=\"http:\/\/schema.org\/ImageGallery\" > <div class=\"gallery-row\" style=\"width: 640px; height: 289px;\" data-original-width=\"640\" data-original-height=\"289\" > <div class=\"gallery-group images-1\" style=\"width: 380px; height: 289px;\" data-original-width=\"380\" data-original-height=\"289\" > <div class=\"tiled-gallery-item tiled-gallery-item-large\" itemprop=\"associatedMedia\" itemscope itemtype=\"http:\/\/schema.org\/ImageObject\"> <a href=\"https:\/\/eltrabajo.cl\/portal\/valoran-como-muy-positivo-el-desarrollo-y-cierre-de-la-filan-2014\/filan55\/\" border=\"0\" itemprop=\"url\"> <meta itemprop=\"width\" content=\"376\"> <meta itemprop=\"height\" content=\"285\"> <img decoding=\"async\" class=\"\" data-attachment-id=\"45676\" data-orig-file=\"https:\/\/eltrabajo.cl\/portal\/wp-content\/uploads\/2014\/04\/filan55.jpg\" data-orig-size=\"528,401\" data-comments-opened=\"1\" data-image-meta=\"{&quot;aperture&quot;:&quot;3.1&quot;,&quot;credit&quot;:&quot;&quot;,&quot;camera&quot;:&quot;DSC-H200&quot;,&quot;caption&quot;:&quot;&quot;,&quot;created_timestamp&quot;:&quot;1397742076&quot;,&quot;copyright&quot;:&quot;Copyright 2009&quot;,&quot;focal_length&quot;:&quot;4.3&quot;,&quot;iso&quot;:&quot;200&quot;,&quot;shutter_speed&quot;:&quot;0.025&quot;,&quot;title&quot;:&quot;&quot;}\" data-image-title=\"filan55\" data-image-description=\"&lt;p&gt;Con un balance positivo de lo que fue la 39\u00aa Feria Internacional de Los Andes 2014, se concluy\u00f3 dicho evento este domingo.&lt;\/p&gt; \" data-medium-file=\"https:\/\/i0.wp.com\/eltrabajo.cl\/portal\/wp-content\/uploads\/2014\/04\/filan55.jpg?fit=300%2C227&#038;ssl=1\" data-large-file=\"https:\/\/i0.wp.com\/eltrabajo.cl\/portal\/wp-content\/uploads\/2014\/04\/filan55.jpg?fit=528%2C401&#038;ssl=1\" src=\"https:\/\/i0.wp.com\/eltrabajo.cl\/portal\/wp-content\/uploads\/2014\/04\/filan55.jpg?w=376&#038;h=285&#038;ssl=1\" srcset=\"https:\/\/i0.wp.com\/eltrabajo.cl\/portal\/wp-content\/uploads\/2014\/04\/filan55.jpg?w=528&amp;ssl=1 528w, https:\/\/i0.wp.com\/eltrabajo.cl\/portal\/wp-content\/uploads\/2014\/04\/filan55.jpg?resize=197%2C150&amp;ssl=1 197w, https:\/\/i0.wp.com\/eltrabajo.cl\/portal\/wp-content\/uploads\/2014\/04\/filan55.jpg?resize=300%2C227&amp;ssl=1 300w, https:\/\/i0.wp.com\/eltrabajo.cl\/portal\/wp-content\/uploads\/2014\/04\/filan55.jpg?resize=150%2C113&amp;ssl=1 150w, https:\/\/i0.wp.com\/eltrabajo.cl\/portal\/wp-content\/uploads\/2014\/04\/filan55.jpg?resize=400%2C303&amp;ssl=1 400w\" width=\"376\" height=\"285\" loading=\"lazy\" data-original-width=\"376\" data-original-height=\"285\" itemprop=\"http:\/\/schema.org\/image\" title=\"filan55\" alt=\"Con un balance positivo de lo que fue la 39\u00aa Feria Internacional de Los Andes 2014, se concluy\u00f3 dicho evento este domingo.\" style=\"width: 376px; height: 285px;\" \/> <\/a> <div class=\"tiled-gallery-caption\" itemprop=\"caption description\"> Con un balance positivo de lo que fue la 39\u00aa Feria Internacional de Los Andes 2014, se concluy\u00f3 dicho evento este domingo. <\/div> <\/div> <\/div> <!-- close group --> <div class=\"gallery-group images-1\" style=\"width: 260px; height: 289px;\" data-original-width=\"260\" data-original-height=\"289\" > <div class=\"tiled-gallery-item tiled-gallery-item-large\" itemprop=\"associatedMedia\" itemscope itemtype=\"http:\/\/schema.org\/ImageObject\"> <a href=\"https:\/\/eltrabajo.cl\/portal\/valoran-como-muy-positivo-el-desarrollo-y-cierre-de-la-filan-2014\/mario_mendez\/\" border=\"0\" itemprop=\"url\"> <meta itemprop=\"width\" content=\"256\"> <meta itemprop=\"height\" content=\"285\"> <img decoding=\"async\" class=\"\" data-attachment-id=\"45677\" data-orig-file=\"https:\/\/eltrabajo.cl\/portal\/wp-content\/uploads\/2014\/04\/mario_mendez.jpg\" data-orig-size=\"529,589\" data-comments-opened=\"1\" data-image-meta=\"{&quot;aperture&quot;:&quot;0&quot;,&quot;credit&quot;:&quot;&quot;,&quot;camera&quot;:&quot;&quot;,&quot;caption&quot;:&quot;&quot;,&quot;created_timestamp&quot;:&quot;0&quot;,&quot;copyright&quot;:&quot;&quot;,&quot;focal_length&quot;:&quot;0&quot;,&quot;iso&quot;:&quot;0&quot;,&quot;shutter_speed&quot;:&quot;0&quot;,&quot;title&quot;:&quot;&quot;}\" data-image-title=\"mario_mendez\" data-image-description=\"&lt;p&gt;Presidente de la Junta de Adelanto de Los Andes, Mario M\u00e9ndez Allendes.&lt;\/p&gt; \" data-medium-file=\"https:\/\/i0.wp.com\/eltrabajo.cl\/portal\/wp-content\/uploads\/2014\/04\/mario_mendez.jpg?fit=269%2C300&#038;ssl=1\" data-large-file=\"https:\/\/i0.wp.com\/eltrabajo.cl\/portal\/wp-content\/uploads\/2014\/04\/mario_mendez.jpg?fit=529%2C589&#038;ssl=1\" src=\"https:\/\/i0.wp.com\/eltrabajo.cl\/portal\/wp-content\/uploads\/2014\/04\/mario_mendez.jpg?w=256&#038;h=285&#038;ssl=1\" srcset=\"https:\/\/i0.wp.com\/eltrabajo.cl\/portal\/wp-content\/uploads\/2014\/04\/mario_mendez.jpg?w=529&amp;ssl=1 529w, https:\/\/i0.wp.com\/eltrabajo.cl\/portal\/wp-content\/uploads\/2014\/04\/mario_mendez.jpg?resize=134%2C150&amp;ssl=1 134w, https:\/\/i0.wp.com\/eltrabajo.cl\/portal\/wp-content\/uploads\/2014\/04\/mario_mendez.jpg?resize=269%2C300&amp;ssl=1 269w, https:\/\/i0.wp.com\/eltrabajo.cl\/portal\/wp-content\/uploads\/2014\/04\/mario_mendez.jpg?resize=400%2C445&amp;ssl=1 400w\" width=\"256\" height=\"285\" loading=\"lazy\" data-original-width=\"256\" data-original-height=\"285\" itemprop=\"http:\/\/schema.org\/image\" title=\"mario_mendez\" alt=\"Presidente de la Junta de Adelanto de Los Andes, Mario M\u00e9ndez Allendes.\" style=\"width: 256px; height: 285px;\" \/> <\/a> <div class=\"tiled-gallery-caption\" itemprop=\"caption description\"> Presidente de la Junta de Adelanto de Los Andes, Mario M\u00e9ndez Allendes. <\/div> <\/div> <\/div> <!-- close group --> <\/div> <!-- close row --> <\/div>\n<p>&nbsp;<\/p>\n","protected":false},"excerpt":{"rendered":"<p>LOS ANDES.- El Presidente de la Junta de Adelanto de Los Andes, Mario M\u00e9ndez Allendes, realiz\u00f3 un balance positivo de lo que fue la 39\u00aa Feria Internacional de Los Andes 2014 que&#8230;<\/p>\n","protected":false},"author":482,"featured_media":45675,"comment_status":"open","ping_status":"closed","sticky":false,"template":"","format":"standard","meta":{"advanced_seo_description":"","jetpack_seo_html_title":"","jetpack_seo_noindex":false,"_jetpack_memberships_contains_paid_content":false,"footnotes":""},"categories":[1],"tags":[],"class_list":["post-45674","post","type-post","status-publish","format-standard","has-post-thumbnail","hentry","category-cronica"],"jetpack_featured_media_url":"https:\/\/i0.wp.com\/eltrabajo.cl\/portal\/wp-content\/uploads\/2014\/04\/filan51.jpg?fit=528%2C401&ssl=1","jetpack_sharing_enabled":true,"jetpack_likes_enabled":true,"jetpack-related-posts":[],"_links":{"self":[{"href":"https:\/\/eltrabajo.cl\/portal\/wp-json\/wp\/v2\/posts\/45674","targetHints":{"allow":["GET"]}}],"collection":[{"href":"https:\/\/eltrabajo.cl\/portal\/wp-json\/wp\/v2\/posts"}],"about":[{"href":"https:\/\/eltrabajo.cl\/portal\/wp-json\/wp\/v2\/types\/post"}],"author":[{"embeddable":true,"href":"https:\/\/eltrabajo.cl\/portal\/wp-json\/wp\/v2\/users\/482"}],"replies":[{"embeddable":true,"href":"https:\/\/eltrabajo.cl\/portal\/wp-json\/wp\/v2\/comments?post=45674"}],"version-history":[{"count":0,"href":"https:\/\/eltrabajo.cl\/portal\/wp-json\/wp\/v2\/posts\/45674\/revisions"}],"wp:featuredmedia":[{"embeddable":true,"href":"https:\/\/eltrabajo.cl\/portal\/wp-json\/wp\/v2\/media\/45675"}],"wp:attachment":[{"href":"https:\/\/eltrabajo.cl\/portal\/wp-json\/wp\/v2\/media?parent=45674"}],"wp:term":[{"taxonomy":"category","embeddable":true,"href":"https:\/\/eltrabajo.cl\/portal\/wp-json\/wp\/v2\/categories?post=45674"},{"taxonomy":"post_tag","embeddable":true,"href":"https:\/\/eltrabajo.cl\/portal\/wp-json\/wp\/v2\/tags?post=45674"}],"curies":[{"name":"wp","href":"https:\/\/api.w.org\/{rel}","templated":true}]}}