{"id":45680,"date":"2014-04-22T09:19:22","date_gmt":"2014-04-22T12:19:22","guid":{"rendered":"http:\/\/www.eltrabajo.cl\/portal\/?p=45680"},"modified":"2014-04-22T09:19:22","modified_gmt":"2014-04-22T12:19:22","slug":"asegura-jeanette-de-la-barrera-directora-del-psiquiatrico-mejoraran-procedimientos-tras-segundo-suicidio-en-el-recinto-hospitalario","status":"publish","type":"post","link":"https:\/\/eltrabajo.cl\/portal\/asegura-jeanette-de-la-barrera-directora-del-psiquiatrico-mejoraran-procedimientos-tras-segundo-suicidio-en-el-recinto-hospitalario\/","title":{"rendered":"Asegura Jeanette De la Barrera, directora del psiqui\u00e1trico: Mejorar\u00e1n procedimientos tras segundo suicidio en el recinto hospitalario"},"content":{"rendered":"<figure id=\"attachment_45681\" aria-describedby=\"caption-attachment-45681\" style=\"width: 317px\" class=\"wp-caption alignleft\"><a href=\"https:\/\/i0.wp.com\/www.eltrabajo.cl\/portal\/wp-content\/uploads\/2014\/04\/JEANETTE-DE-LA-BARRERA.jpg\"><img data-recalc-dims=\"1\" loading=\"lazy\" decoding=\"async\" class=\" wp-image-45681 \" alt=\"Jeanette De la Barrera, Directora del Hospital Psiqui\u00e1trico de Putaendo.\" src=\"https:\/\/i0.wp.com\/www.eltrabajo.cl\/portal\/wp-content\/uploads\/2014\/04\/JEANETTE-DE-LA-BARRERA.jpg?resize=317%2C220\" width=\"317\" height=\"220\" srcset=\"https:\/\/i0.wp.com\/eltrabajo.cl\/portal\/wp-content\/uploads\/2014\/04\/JEANETTE-DE-LA-BARRERA.jpg?w=529&amp;ssl=1 529w, https:\/\/i0.wp.com\/eltrabajo.cl\/portal\/wp-content\/uploads\/2014\/04\/JEANETTE-DE-LA-BARRERA.jpg?resize=200%2C138&amp;ssl=1 200w, https:\/\/i0.wp.com\/eltrabajo.cl\/portal\/wp-content\/uploads\/2014\/04\/JEANETTE-DE-LA-BARRERA.jpg?resize=300%2C208&amp;ssl=1 300w, https:\/\/i0.wp.com\/eltrabajo.cl\/portal\/wp-content\/uploads\/2014\/04\/JEANETTE-DE-LA-BARRERA.jpg?resize=150%2C104&amp;ssl=1 150w, https:\/\/i0.wp.com\/eltrabajo.cl\/portal\/wp-content\/uploads\/2014\/04\/JEANETTE-DE-LA-BARRERA.jpg?resize=400%2C277&amp;ssl=1 400w\" sizes=\"auto, (max-width: 317px) 100vw, 317px\" \/><\/a><figcaption id=\"caption-attachment-45681\" class=\"wp-caption-text\">Jeanette De la Barrera, Directora del Hospital Psiqui\u00e1trico de Putaendo.<\/figcaption><\/figure>\n<p><strong>PUTAENDO.<\/strong>&#8211; Jeanette De la Barrera, Directora del Hospital Psiqui\u00e1trico de Putaendo, se refiri\u00f3 al segundo caso de suicidio de un usuario al interior del recinto e indic\u00f3 que este hecho obliga a revisar y mejorar los procedimientos y la infraestructura de la unidad donde ocurri\u00f3 el suicidio.<\/p>\n<p>La Directora del Phillipe Pinel declar\u00f3 que apenas fue avisada del suicidio de un usuario, se constituy\u00f3 en el hospital y la primera gesti\u00f3n se aboc\u00f3 en forma inmediata a tratar de ubicar a familiares, ya que el tel\u00e9fono de contacto que exist\u00eda en la ficha cl\u00ednica nunca fue contestado, por lo que a trav\u00e9s de Carabineros de Cabildo pudieron ubicar a familiares que a las 08:30 horas estaban en el hospital donde se les explic\u00f3 detenidamente lo ocurrido y se les acompa\u00f1\u00f3 en todo el proceso que se realiz\u00f3 para agilizar la entrega del cuerpo, lo que ocurri\u00f3 en horas de la tarde del domingo.<\/p>\n<p>Refiri\u00e9ndose a los hechos, Jeanette de la Barrera asegur\u00f3 que est\u00e1 muy claro c\u00f3mo ocurrieron y que en las enfermedades psiqui\u00e1tricas siempre hay un porcentaje de usuarios que atentan contra su vida y que lo ocurrido el domingo est\u00e1 dentro de las posibilidades que se pueden presentar, pero indic\u00f3 que si efectivamente hay dos suicidios en 20 d\u00edas ya es un tema sensible.<\/p>\n<p>De la Barrera se\u00f1al\u00f3 que en el primer caso ocurrido a fines de marzo de este a\u00f1o se determin\u00f3 que los procedimientos estaban bien hechos, pero se solicit\u00f3 una auditor\u00eda cl\u00ednica al igual que en el \u00faltimo caso ocurrido el domingo, a lo que se suma la investigaci\u00f3n sumaria, sin embargo, indic\u00f3 que estos dos suicidios registrados en la misma unidad en s\u00f3lo 20 d\u00edas, obliga a mejorar los procedimientos y la infraestructura, adem\u00e1s de contar con m\u00e1s horas m\u00e9dicas disponibles, para lo cual ya est\u00e1n trabajando en esos tres \u00e1mbitos.<\/p>\n<p>Finalmente, Jeanette de la Barrera indic\u00f3 que lamentan profundamente lo ocurrido y que tambi\u00e9n los funcionarios est\u00e1n afectados con la situaci\u00f3n vivida, adem\u00e1s asegur\u00f3 que el hospital ha acompa\u00f1ado a la familia del usuario fallecido en todo momento.<\/p>\n<p>Patricio Gallardo M.<\/p>\n<p>&nbsp;<\/p>\n","protected":false},"excerpt":{"rendered":"<p>PUTAENDO.&#8211; Jeanette De la Barrera, Directora del Hospital Psiqui\u00e1trico de Putaendo, se refiri\u00f3 al segundo caso de suicidio de un usuario al interior del recinto e indic\u00f3 que este hecho obliga a&#8230;<\/p>\n","protected":false},"author":482,"featured_media":45681,"comment_status":"open","ping_status":"closed","sticky":false,"template":"","format":"standard","meta":{"advanced_seo_description":"","jetpack_seo_html_title":"","jetpack_seo_noindex":false,"_jetpack_memberships_contains_paid_content":false,"footnotes":""},"categories":[1],"tags":[],"class_list":["post-45680","post","type-post","status-publish","format-standard","has-post-thumbnail","hentry","category-cronica"],"jetpack_featured_media_url":"https:\/\/i0.wp.com\/eltrabajo.cl\/portal\/wp-content\/uploads\/2014\/04\/JEANETTE-DE-LA-BARRERA.jpg?fit=529%2C367&ssl=1","jetpack_sharing_enabled":true,"jetpack_likes_enabled":true,"jetpack-related-posts":[],"_links":{"self":[{"href":"https:\/\/eltrabajo.cl\/portal\/wp-json\/wp\/v2\/posts\/45680","targetHints":{"allow":["GET"]}}],"collection":[{"href":"https:\/\/eltrabajo.cl\/portal\/wp-json\/wp\/v2\/posts"}],"about":[{"href":"https:\/\/eltrabajo.cl\/portal\/wp-json\/wp\/v2\/types\/post"}],"author":[{"embeddable":true,"href":"https:\/\/eltrabajo.cl\/portal\/wp-json\/wp\/v2\/users\/482"}],"replies":[{"embeddable":true,"href":"https:\/\/eltrabajo.cl\/portal\/wp-json\/wp\/v2\/comments?post=45680"}],"version-history":[{"count":0,"href":"https:\/\/eltrabajo.cl\/portal\/wp-json\/wp\/v2\/posts\/45680\/revisions"}],"wp:featuredmedia":[{"embeddable":true,"href":"https:\/\/eltrabajo.cl\/portal\/wp-json\/wp\/v2\/media\/45681"}],"wp:attachment":[{"href":"https:\/\/eltrabajo.cl\/portal\/wp-json\/wp\/v2\/media?parent=45680"}],"wp:term":[{"taxonomy":"category","embeddable":true,"href":"https:\/\/eltrabajo.cl\/portal\/wp-json\/wp\/v2\/categories?post=45680"},{"taxonomy":"post_tag","embeddable":true,"href":"https:\/\/eltrabajo.cl\/portal\/wp-json\/wp\/v2\/tags?post=45680"}],"curies":[{"name":"wp","href":"https:\/\/api.w.org\/{rel}","templated":true}]}}