{"id":45683,"date":"2014-04-22T09:22:10","date_gmt":"2014-04-22T12:22:10","guid":{"rendered":"http:\/\/www.eltrabajo.cl\/portal\/?p=45683"},"modified":"2014-04-22T09:22:10","modified_gmt":"2014-04-22T12:22:10","slug":"realizan-simultanea-de-ajedrez-en-escuela-buen-pastor","status":"publish","type":"post","link":"https:\/\/eltrabajo.cl\/portal\/realizan-simultanea-de-ajedrez-en-escuela-buen-pastor\/","title":{"rendered":"Realizan simult\u00e1nea de ajedrez en Escuela Buen Pastor"},"content":{"rendered":"<figure id=\"attachment_45684\" aria-describedby=\"caption-attachment-45684\" style=\"width: 528px\" class=\"wp-caption alignnone\"><a href=\"https:\/\/i0.wp.com\/www.eltrabajo.cl\/portal\/wp-content\/uploads\/2014\/04\/Ajedrez1.jpg\"><img data-recalc-dims=\"1\" loading=\"lazy\" decoding=\"async\" class=\"size-full wp-image-45684\" alt=\"VIVA EL DEPORTE.- La Escuela Buen Pastor de San Felipe dio inicio a sus actividades deportivas y recreativas del 2014, con una simult\u00e1nea de ajedrez escolar.\" src=\"https:\/\/i0.wp.com\/www.eltrabajo.cl\/portal\/wp-content\/uploads\/2014\/04\/Ajedrez1.jpg?resize=528%2C318\" width=\"528\" height=\"318\" srcset=\"https:\/\/i0.wp.com\/eltrabajo.cl\/portal\/wp-content\/uploads\/2014\/04\/Ajedrez1.jpg?w=528&amp;ssl=1 528w, https:\/\/i0.wp.com\/eltrabajo.cl\/portal\/wp-content\/uploads\/2014\/04\/Ajedrez1.jpg?resize=200%2C120&amp;ssl=1 200w, https:\/\/i0.wp.com\/eltrabajo.cl\/portal\/wp-content\/uploads\/2014\/04\/Ajedrez1.jpg?resize=300%2C180&amp;ssl=1 300w, https:\/\/i0.wp.com\/eltrabajo.cl\/portal\/wp-content\/uploads\/2014\/04\/Ajedrez1.jpg?resize=150%2C90&amp;ssl=1 150w, https:\/\/i0.wp.com\/eltrabajo.cl\/portal\/wp-content\/uploads\/2014\/04\/Ajedrez1.jpg?resize=400%2C240&amp;ssl=1 400w\" sizes=\"auto, (max-width: 528px) 100vw, 528px\" \/><\/a><figcaption id=\"caption-attachment-45684\" class=\"wp-caption-text\">VIVA EL DEPORTE.- La Escuela Buen Pastor de San Felipe dio inicio a sus actividades deportivas y recreativas del 2014, con una simult\u00e1nea de ajedrez escolar.<\/figcaption><\/figure>\n<p>La Escuela Buen Pastor de San Felipe dio inicio a sus actividades deportivas y recreativas del 2014, con una simult\u00e1nea de ajedrez escolar realizada el d\u00eda mi\u00e9rcoles 16, la que tuvo lugar en el patio central de la escuela.<\/p>\n<figure id=\"attachment_45685\" aria-describedby=\"caption-attachment-45685\" style=\"width: 370px\" class=\"wp-caption alignright\"><a href=\"https:\/\/i0.wp.com\/www.eltrabajo.cl\/portal\/wp-content\/uploads\/2014\/04\/Simultanea1.jpg\"><img data-recalc-dims=\"1\" loading=\"lazy\" decoding=\"async\" class=\" wp-image-45685 \" alt=\"LA SIMULTANEA.- La simulta\u00e1na, Diego R\u00edos Araya, actual Campe\u00f3n Provincial en la categor\u00eda 16 a\u00f1os Varones.\" src=\"https:\/\/i0.wp.com\/www.eltrabajo.cl\/portal\/wp-content\/uploads\/2014\/04\/Simultanea1.jpg?resize=370%2C281\" width=\"370\" height=\"281\" srcset=\"https:\/\/i0.wp.com\/eltrabajo.cl\/portal\/wp-content\/uploads\/2014\/04\/Simultanea1.jpg?w=529&amp;ssl=1 529w, https:\/\/i0.wp.com\/eltrabajo.cl\/portal\/wp-content\/uploads\/2014\/04\/Simultanea1.jpg?resize=197%2C150&amp;ssl=1 197w, https:\/\/i0.wp.com\/eltrabajo.cl\/portal\/wp-content\/uploads\/2014\/04\/Simultanea1.jpg?resize=300%2C227&amp;ssl=1 300w, https:\/\/i0.wp.com\/eltrabajo.cl\/portal\/wp-content\/uploads\/2014\/04\/Simultanea1.jpg?resize=150%2C113&amp;ssl=1 150w, https:\/\/i0.wp.com\/eltrabajo.cl\/portal\/wp-content\/uploads\/2014\/04\/Simultanea1.jpg?resize=400%2C303&amp;ssl=1 400w\" sizes=\"auto, (max-width: 370px) 100vw, 370px\" \/><\/a><figcaption id=\"caption-attachment-45685\" class=\"wp-caption-text\">LA SIMULTANEA.- La simulta\u00e1na, Diego R\u00edos Araya, actual Campe\u00f3n Provincial en la categor\u00eda 16 a\u00f1os Varones.<\/figcaption><\/figure>\n<p>Dicha actividad fue organizada por el Profesor Guillermo Quijanes Villarreal, encargado del Taller del establecimiento, adem\u00e1s de los profesores Leslie Herrera S\u00e1ez y el Juan Iturrieta Gonz\u00e1lez, docentes a cargo de las actividades deportivas de la escuela.<\/p>\n<p>Esta actividad cont\u00f3 con la participaci\u00f3n del alumno de 4\u00b0 Medio del Colegio Vedruna, Diego R\u00edos Araya, destacado ajedrecista escolar sanfelipe\u00f1o y actual Campe\u00f3n Provincial en la categor\u00eda 16 a\u00f1os Varones.<\/p>\n<p>En dicho evento participaron 25 alumnos de edades que fluct\u00faan entre los siete y catorce a\u00f1os, tanto damas como varones, los cuales al final de la simultanea recibieron est\u00edmulos por su participaci\u00f3n, estas donaciones fueron gestionadas por la directora del establecimiento, Cecilia Cornejo Fuentealba.<\/p>\n<p>\u00abNosotros como profesores organizadores agradecemos la participaci\u00f3n activa de la Direcci\u00f3n del colegio, el entusiasmo de los alumnos y el apoyo incondicional de los apoderados de dicha instituci\u00f3n educativa, para este 2014 tenemos programados varios campeonatos, no s\u00f3lo a nivel de San Felipe, tambi\u00e9n esperamos competir a nivel regional y si se puede, hasta nacional\u00bb, coment\u00f3 a Diario El Trabajo el Profesor Quijanes.<\/p>\n<p>Roberto Gonz\u00e1lez Short<\/p>\n<p>diario@eltrabajo.cl<\/p>\n<p>&nbsp;<\/p>\n","protected":false},"excerpt":{"rendered":"<p>La Escuela Buen Pastor de San Felipe dio inicio a sus actividades deportivas y recreativas del 2014, con una simult\u00e1nea de ajedrez escolar realizada el d\u00eda mi\u00e9rcoles 16, la que tuvo lugar&#8230;<\/p>\n","protected":false},"author":482,"featured_media":45684,"comment_status":"open","ping_status":"closed","sticky":false,"template":"","format":"standard","meta":{"advanced_seo_description":"","jetpack_seo_html_title":"","jetpack_seo_noindex":false,"_jetpack_memberships_contains_paid_content":false,"footnotes":""},"categories":[1],"tags":[],"class_list":["post-45683","post","type-post","status-publish","format-standard","has-post-thumbnail","hentry","category-cronica"],"jetpack_featured_media_url":"https:\/\/i0.wp.com\/eltrabajo.cl\/portal\/wp-content\/uploads\/2014\/04\/Ajedrez1.jpg?fit=528%2C318&ssl=1","jetpack_sharing_enabled":true,"jetpack_likes_enabled":true,"jetpack-related-posts":[],"_links":{"self":[{"href":"https:\/\/eltrabajo.cl\/portal\/wp-json\/wp\/v2\/posts\/45683","targetHints":{"allow":["GET"]}}],"collection":[{"href":"https:\/\/eltrabajo.cl\/portal\/wp-json\/wp\/v2\/posts"}],"about":[{"href":"https:\/\/eltrabajo.cl\/portal\/wp-json\/wp\/v2\/types\/post"}],"author":[{"embeddable":true,"href":"https:\/\/eltrabajo.cl\/portal\/wp-json\/wp\/v2\/users\/482"}],"replies":[{"embeddable":true,"href":"https:\/\/eltrabajo.cl\/portal\/wp-json\/wp\/v2\/comments?post=45683"}],"version-history":[{"count":0,"href":"https:\/\/eltrabajo.cl\/portal\/wp-json\/wp\/v2\/posts\/45683\/revisions"}],"wp:featuredmedia":[{"embeddable":true,"href":"https:\/\/eltrabajo.cl\/portal\/wp-json\/wp\/v2\/media\/45684"}],"wp:attachment":[{"href":"https:\/\/eltrabajo.cl\/portal\/wp-json\/wp\/v2\/media?parent=45683"}],"wp:term":[{"taxonomy":"category","embeddable":true,"href":"https:\/\/eltrabajo.cl\/portal\/wp-json\/wp\/v2\/categories?post=45683"},{"taxonomy":"post_tag","embeddable":true,"href":"https:\/\/eltrabajo.cl\/portal\/wp-json\/wp\/v2\/tags?post=45683"}],"curies":[{"name":"wp","href":"https:\/\/api.w.org\/{rel}","templated":true}]}}