{"id":45688,"date":"2014-04-22T09:26:10","date_gmt":"2014-04-22T12:26:10","guid":{"rendered":"http:\/\/www.eltrabajo.cl\/portal\/?p=45688"},"modified":"2014-04-22T09:26:10","modified_gmt":"2014-04-22T12:26:10","slug":"exito-en-la-3a-feria-saberes-y-sabores-de-rinconada-de-silva","status":"publish","type":"post","link":"https:\/\/eltrabajo.cl\/portal\/exito-en-la-3a-feria-saberes-y-sabores-de-rinconada-de-silva\/","title":{"rendered":"\u00c9xito en la 3\u00aa Feria Saberes y Sabores de Rinconada de Silva"},"content":{"rendered":"<figure id=\"attachment_45689\" aria-describedby=\"caption-attachment-45689\" style=\"width: 528px\" class=\"wp-caption alignnone\"><a href=\"https:\/\/i0.wp.com\/www.eltrabajo.cl\/portal\/wp-content\/uploads\/2014\/04\/Feria1.jpg\"><img data-recalc-dims=\"1\" loading=\"lazy\" decoding=\"async\" class=\"size-full wp-image-45689\" alt=\"Una obertura de lujo tuvo la 3\u00aa versi\u00f3n de la Feria de artesan\u00eda y gastronom\u00eda tradicional \u2018Saberes y Sabores de Rinconada de Silva\u2019.\" src=\"https:\/\/i0.wp.com\/www.eltrabajo.cl\/portal\/wp-content\/uploads\/2014\/04\/Feria1.jpg?resize=528%2C280\" width=\"528\" height=\"280\" srcset=\"https:\/\/i0.wp.com\/eltrabajo.cl\/portal\/wp-content\/uploads\/2014\/04\/Feria1.jpg?w=528&amp;ssl=1 528w, https:\/\/i0.wp.com\/eltrabajo.cl\/portal\/wp-content\/uploads\/2014\/04\/Feria1.jpg?resize=200%2C106&amp;ssl=1 200w, https:\/\/i0.wp.com\/eltrabajo.cl\/portal\/wp-content\/uploads\/2014\/04\/Feria1.jpg?resize=300%2C159&amp;ssl=1 300w, https:\/\/i0.wp.com\/eltrabajo.cl\/portal\/wp-content\/uploads\/2014\/04\/Feria1.jpg?resize=150%2C79&amp;ssl=1 150w, https:\/\/i0.wp.com\/eltrabajo.cl\/portal\/wp-content\/uploads\/2014\/04\/Feria1.jpg?resize=400%2C212&amp;ssl=1 400w\" sizes=\"auto, (max-width: 528px) 100vw, 528px\" \/><\/a><figcaption id=\"caption-attachment-45689\" class=\"wp-caption-text\">Una obertura de lujo tuvo la 3\u00aa versi\u00f3n de la Feria de artesan\u00eda y gastronom\u00eda tradicional \u2018Saberes y Sabores de Rinconada de Silva\u2019.<\/figcaption><\/figure>\n<p><strong>PUTAENDO<\/strong>.- Una obertura de lujo tuvo la 3\u00aa versi\u00f3n de la Feria de artesan\u00eda y gastronom\u00eda tradicional \u2018Saberes y Sabores de Rinconada de Silva\u2019, con la presentaci\u00f3n del destacado Ballet Sombras del Alba de Uspallata de la Rep\u00fablica Argentina. Primeramente los integrantes del ballet visitaron el pimiento donde el General San Mart\u00edn at\u00f3 su caballo en su paso por Putaendo y luego recorrieron el templo de la Parroquia San Antonio de Padua, donde fueron recibidos por el Cura Pedro Salinas.<\/p>\n<p>La actividad organizada por el Centro de Desarrollo y Expresi\u00f3n Cultural de Rinconada de Silva, reuni\u00f3 a varios artesanos y exponentes de la gastronom\u00eda local en la plaza Fernando Aldunce del sector y en su tercera versi\u00f3n con un marco de p\u00fablico que super\u00f3 las expectativas de los organizadores.<\/p>\n<p>Pasado el mediod\u00eda se realiz\u00f3 la ceremonia oficial que cont\u00f3 con la presencia de la Gobernadora de Los Andes Mar\u00eda Victoria Rodr\u00edguez, el alcalde Guillermo Reyes, los concejales Miguel Vega, Carlos Gallardo y Julio Aravena, la presidente del Centro de Desarrollo y Expresi\u00f3n Cultural de Rinconada de Silva Gemma Lepe, el presidente de la Junta de Adelanto de Los Andes, Mario M\u00e9ndez y el director del Ballet Sombras del Alba Mariano Palacios junto a la Reina de la Vendimia de Uspallata Soledad Armoa y la Reina del Festival de Alta Monta\u00f1a Tamara Correa y el Representante de la Asociaci\u00f3n de Turismo y Comercio de Las Heras, Alberto Palacios.<\/p>\n<p>El Centro de Desarrollo y Expresi\u00f3n Cultural de Rinconada de Silva, en su profunda convicci\u00f3n de destacar y dar a conocer el acento cultural de la localidad ha logrado convocar a diversos agentes culturales de la zona para dar forma a esta tradicional feria Saberes y Sabores. Primeramente el destacado Conjunto Folcl\u00f3rico Los Carmelitos de Rinconada de Silva ofreci\u00f3 un esquinazo a los visitantes de Uspallata que valoraron el talento de los j\u00f3venes carmelitos que una vez m\u00e1s estuvieron presentes en esta actividad cultural.<\/p>\n<p>Posteriormente, Gemma Lepe Echane valor\u00f3 el crecimiento que ha tenido la Feria Saberes y Sabores desde sus inicios en diciembre de 2013 y ya como un patrimonio consolidado del centro cultural que ella preside, adelant\u00f3 que ya est\u00e1n avanzando en agrupar a los cultores del sector para expandir esta importante feria de gastronom\u00eda hasta comunas como San Felipe y Los Andes, adem\u00e1s agradeci\u00f3 la gesti\u00f3n del Concejal Carlos Gallardo para traer hasta Putaendo al Ballet Folcl\u00f3rico Sombras del Alba.<\/p>\n<p>Por su parte, el Concejal Carlos Gallardo valor\u00f3 el esfuerzo del Centro de Desarrollo y Expresi\u00f3n Cultural de Rinconada de Silva para dar a conocer y potenciar a los diferentes cultores de tradici\u00f3n tanto en el \u00e1mbito de la gastronom\u00eda como en artesan\u00eda. Luego la agrupaci\u00f3n organizadora obsequi\u00f3 el libro Putrant\u00fa a la Gobernadora Mar\u00eda Victoria Rodr\u00edguez y el libro Antolog\u00eda de Poetas y Narradores de Putaendo a los representativos de Uspallata.<\/p>\n<p>Luego de los discursos y los reconocimientos vino la tan anhelada presentaci\u00f3n del Ballet Sombras del Alba que sencillamente dej\u00f3 maravillados a todos los presentes con un excelente cuadro musical tra\u00eddo desde la Rep\u00fablica Argentina hasta la comuna de Putaendo y que dej\u00f3 a todo el p\u00fablico con ganas de otra presentaci\u00f3n. Sin duda el ballet Sombras del Alba reuni\u00f3 a varios vecinos que se acercaron a disfrutar del magistral baile y tambi\u00e9n de las diferentes demostraciones de tradici\u00f3n que ofrec\u00edan los cultores rinconadinos.<\/p>\n<p>Posteriormente autoridades, invitados y p\u00fablico recorrieron la Feria Saberes y Sabores que gracias al trabajo del Centro de Desarrollo y Expresi\u00f3n Cultural de Rinconada de Silva hoy permite mantener vivas las tradiciones del sector, lugar \u00fanico donde se conjuga la magia del campo, la religiosidad y los m\u00e1s exquisitos saberes y sabores del Valle del Aconcagua.<\/p>\n<p>Patricio Gallardo M.<\/p>\n<div class=\"tiled-gallery type-rectangular tiled-gallery-unresized\" data-original-width=\"640\" data-carousel-extra='null' itemscope itemtype=\"http:\/\/schema.org\/ImageGallery\" > <div class=\"gallery-row\" style=\"width: 640px; height: 99px;\" data-original-width=\"640\" data-original-height=\"99\" > <div class=\"gallery-group images-1\" style=\"width: 172px; height: 99px;\" data-original-width=\"172\" data-original-height=\"99\" > <div class=\"tiled-gallery-item tiled-gallery-item-small\" itemprop=\"associatedMedia\" itemscope itemtype=\"http:\/\/schema.org\/ImageObject\"> <a href=\"https:\/\/eltrabajo.cl\/portal\/exito-en-la-3a-feria-saberes-y-sabores-de-rinconada-de-silva\/feria5\/\" border=\"0\" itemprop=\"url\"> <meta itemprop=\"width\" content=\"168\"> <meta itemprop=\"height\" content=\"95\"> <img decoding=\"async\" class=\"\" data-attachment-id=\"45693\" data-orig-file=\"https:\/\/eltrabajo.cl\/portal\/wp-content\/uploads\/2014\/04\/Feria5.jpg\" data-orig-size=\"529,297\" data-comments-opened=\"1\" data-image-meta=\"{&quot;aperture&quot;:&quot;5.6&quot;,&quot;credit&quot;:&quot;&quot;,&quot;camera&quot;:&quot;Canon EOS REBEL T3&quot;,&quot;caption&quot;:&quot;&quot;,&quot;created_timestamp&quot;:&quot;1385126196&quot;,&quot;copyright&quot;:&quot;&quot;,&quot;focal_length&quot;:&quot;28&quot;,&quot;iso&quot;:&quot;100&quot;,&quot;shutter_speed&quot;:&quot;0.002&quot;,&quot;title&quot;:&quot;&quot;}\" data-image-title=\"Feria5\" data-image-description=\"&lt;p&gt;Luego de los discursos y los reconocimientos vino la tan anhelada presentaci\u00f3n del Ballet Sombras del Alba que sencillamente dej\u00f3 maravillados a todos los presentes.&lt;\/p&gt; \" data-medium-file=\"https:\/\/i0.wp.com\/eltrabajo.cl\/portal\/wp-content\/uploads\/2014\/04\/Feria5.jpg?fit=300%2C168&#038;ssl=1\" data-large-file=\"https:\/\/i0.wp.com\/eltrabajo.cl\/portal\/wp-content\/uploads\/2014\/04\/Feria5.jpg?fit=529%2C297&#038;ssl=1\" src=\"https:\/\/i0.wp.com\/eltrabajo.cl\/portal\/wp-content\/uploads\/2014\/04\/Feria5.jpg?w=168&#038;h=95&#038;ssl=1\" srcset=\"https:\/\/i0.wp.com\/eltrabajo.cl\/portal\/wp-content\/uploads\/2014\/04\/Feria5.jpg?w=529&amp;ssl=1 529w, https:\/\/i0.wp.com\/eltrabajo.cl\/portal\/wp-content\/uploads\/2014\/04\/Feria5.jpg?resize=200%2C112&amp;ssl=1 200w, https:\/\/i0.wp.com\/eltrabajo.cl\/portal\/wp-content\/uploads\/2014\/04\/Feria5.jpg?resize=300%2C168&amp;ssl=1 300w, https:\/\/i0.wp.com\/eltrabajo.cl\/portal\/wp-content\/uploads\/2014\/04\/Feria5.jpg?resize=150%2C84&amp;ssl=1 150w, https:\/\/i0.wp.com\/eltrabajo.cl\/portal\/wp-content\/uploads\/2014\/04\/Feria5.jpg?resize=400%2C224&amp;ssl=1 400w\" width=\"168\" height=\"95\" loading=\"lazy\" data-original-width=\"168\" data-original-height=\"95\" itemprop=\"http:\/\/schema.org\/image\" title=\"Feria5\" alt=\"Luego de los discursos y los reconocimientos vino la tan anhelada presentaci\u00f3n del Ballet Sombras del Alba que sencillamente dej\u00f3 maravillados a todos los presentes.\" style=\"width: 168px; height: 95px;\" \/> <\/a> <div class=\"tiled-gallery-caption\" itemprop=\"caption description\"> Luego de los discursos y los reconocimientos vino la tan anhelada presentaci\u00f3n del Ballet Sombras del Alba que sencillamente dej\u00f3 maravillados a todos los presentes. <\/div> <\/div> <\/div> <!-- close group --> <div class=\"gallery-group images-1\" style=\"width: 172px; height: 99px;\" data-original-width=\"172\" data-original-height=\"99\" > <div class=\"tiled-gallery-item tiled-gallery-item-small\" itemprop=\"associatedMedia\" itemscope itemtype=\"http:\/\/schema.org\/ImageObject\"> <a href=\"https:\/\/eltrabajo.cl\/portal\/exito-en-la-3a-feria-saberes-y-sabores-de-rinconada-de-silva\/feria4\/\" border=\"0\" itemprop=\"url\"> <meta itemprop=\"width\" content=\"168\"> <meta itemprop=\"height\" content=\"95\"> <img decoding=\"async\" class=\"\" data-attachment-id=\"45692\" data-orig-file=\"https:\/\/eltrabajo.cl\/portal\/wp-content\/uploads\/2014\/04\/Feria4.jpg\" data-orig-size=\"529,297\" data-comments-opened=\"1\" data-image-meta=\"{&quot;aperture&quot;:&quot;5.6&quot;,&quot;credit&quot;:&quot;&quot;,&quot;camera&quot;:&quot;Canon EOS REBEL T3&quot;,&quot;caption&quot;:&quot;&quot;,&quot;created_timestamp&quot;:&quot;1385126246&quot;,&quot;copyright&quot;:&quot;&quot;,&quot;focal_length&quot;:&quot;28&quot;,&quot;iso&quot;:&quot;100&quot;,&quot;shutter_speed&quot;:&quot;0.0015625&quot;,&quot;title&quot;:&quot;&quot;}\" data-image-title=\"Feria4\" data-image-description=\"&lt;p&gt;El Conjunto Folcl\u00f3rico Los Carmelitos de Rinconada de Silva ofreci\u00f3 un esquinazo a los visitantes de Uspallata.&lt;\/p&gt; \" data-medium-file=\"https:\/\/i0.wp.com\/eltrabajo.cl\/portal\/wp-content\/uploads\/2014\/04\/Feria4.jpg?fit=300%2C168&#038;ssl=1\" data-large-file=\"https:\/\/i0.wp.com\/eltrabajo.cl\/portal\/wp-content\/uploads\/2014\/04\/Feria4.jpg?fit=529%2C297&#038;ssl=1\" src=\"https:\/\/i0.wp.com\/eltrabajo.cl\/portal\/wp-content\/uploads\/2014\/04\/Feria4.jpg?w=168&#038;h=95&#038;ssl=1\" srcset=\"https:\/\/i0.wp.com\/eltrabajo.cl\/portal\/wp-content\/uploads\/2014\/04\/Feria4.jpg?w=529&amp;ssl=1 529w, https:\/\/i0.wp.com\/eltrabajo.cl\/portal\/wp-content\/uploads\/2014\/04\/Feria4.jpg?resize=200%2C112&amp;ssl=1 200w, https:\/\/i0.wp.com\/eltrabajo.cl\/portal\/wp-content\/uploads\/2014\/04\/Feria4.jpg?resize=300%2C168&amp;ssl=1 300w, https:\/\/i0.wp.com\/eltrabajo.cl\/portal\/wp-content\/uploads\/2014\/04\/Feria4.jpg?resize=150%2C84&amp;ssl=1 150w, https:\/\/i0.wp.com\/eltrabajo.cl\/portal\/wp-content\/uploads\/2014\/04\/Feria4.jpg?resize=400%2C224&amp;ssl=1 400w\" width=\"168\" height=\"95\" loading=\"lazy\" data-original-width=\"168\" data-original-height=\"95\" itemprop=\"http:\/\/schema.org\/image\" title=\"Feria4\" alt=\"El Conjunto Folcl\u00f3rico Los Carmelitos de Rinconada de Silva ofreci\u00f3 un esquinazo a los visitantes de Uspallata.\" style=\"width: 168px; height: 95px;\" \/> <\/a> <div class=\"tiled-gallery-caption\" itemprop=\"caption description\"> El Conjunto Folcl\u00f3rico Los Carmelitos de Rinconada de Silva ofreci\u00f3 un esquinazo a los visitantes de Uspallata. <\/div> <\/div> <\/div> <!-- close group --> <div class=\"gallery-group images-1\" style=\"width: 144px; height: 99px;\" data-original-width=\"144\" data-original-height=\"99\" > <div class=\"tiled-gallery-item tiled-gallery-item-small\" itemprop=\"associatedMedia\" itemscope itemtype=\"http:\/\/schema.org\/ImageObject\"> <a href=\"https:\/\/eltrabajo.cl\/portal\/exito-en-la-3a-feria-saberes-y-sabores-de-rinconada-de-silva\/feria3\/\" border=\"0\" itemprop=\"url\"> <meta itemprop=\"width\" content=\"140\"> <meta itemprop=\"height\" content=\"95\"> <img decoding=\"async\" class=\"\" data-attachment-id=\"45691\" data-orig-file=\"https:\/\/eltrabajo.cl\/portal\/wp-content\/uploads\/2014\/04\/Feria3.jpg\" data-orig-size=\"529,358\" data-comments-opened=\"1\" data-image-meta=\"{&quot;aperture&quot;:&quot;5.6&quot;,&quot;credit&quot;:&quot;&quot;,&quot;camera&quot;:&quot;Canon EOS REBEL T3i&quot;,&quot;caption&quot;:&quot;&quot;,&quot;created_timestamp&quot;:&quot;1397911510&quot;,&quot;copyright&quot;:&quot;[wopmind]&quot;,&quot;focal_length&quot;:&quot;18&quot;,&quot;iso&quot;:&quot;400&quot;,&quot;shutter_speed&quot;:&quot;0.00625&quot;,&quot;title&quot;:&quot;&quot;}\" data-image-title=\"Feria3\" data-image-description=\"&lt;p&gt;Siguen vivas las tradiciones del sector, lugar \u00fanico donde se conjuga la magia del campo, la religiosidad y los m\u00e1s exquisitos saberes y sabores del Valle del Aconcagua.&lt;\/p&gt; \" data-medium-file=\"https:\/\/i0.wp.com\/eltrabajo.cl\/portal\/wp-content\/uploads\/2014\/04\/Feria3.jpg?fit=300%2C203&#038;ssl=1\" data-large-file=\"https:\/\/i0.wp.com\/eltrabajo.cl\/portal\/wp-content\/uploads\/2014\/04\/Feria3.jpg?fit=529%2C358&#038;ssl=1\" src=\"https:\/\/i0.wp.com\/eltrabajo.cl\/portal\/wp-content\/uploads\/2014\/04\/Feria3.jpg?w=140&#038;h=95&#038;ssl=1\" srcset=\"https:\/\/i0.wp.com\/eltrabajo.cl\/portal\/wp-content\/uploads\/2014\/04\/Feria3.jpg?w=529&amp;ssl=1 529w, https:\/\/i0.wp.com\/eltrabajo.cl\/portal\/wp-content\/uploads\/2014\/04\/Feria3.jpg?resize=200%2C135&amp;ssl=1 200w, https:\/\/i0.wp.com\/eltrabajo.cl\/portal\/wp-content\/uploads\/2014\/04\/Feria3.jpg?resize=300%2C203&amp;ssl=1 300w, https:\/\/i0.wp.com\/eltrabajo.cl\/portal\/wp-content\/uploads\/2014\/04\/Feria3.jpg?resize=150%2C101&amp;ssl=1 150w, https:\/\/i0.wp.com\/eltrabajo.cl\/portal\/wp-content\/uploads\/2014\/04\/Feria3.jpg?resize=400%2C270&amp;ssl=1 400w\" width=\"140\" height=\"95\" loading=\"lazy\" data-original-width=\"140\" data-original-height=\"95\" itemprop=\"http:\/\/schema.org\/image\" title=\"Feria3\" alt=\"Siguen vivas las tradiciones del sector, lugar \u00fanico donde se conjuga la magia del campo, la religiosidad y los m\u00e1s exquisitos saberes y sabores del Valle del Aconcagua.\" style=\"width: 140px; height: 95px;\" \/> <\/a> <div class=\"tiled-gallery-caption\" itemprop=\"caption description\"> Siguen vivas las tradiciones del sector, lugar \u00fanico donde se conjuga la magia del campo, la religiosidad y los m\u00e1s exquisitos saberes y sabores del Valle del Aconcagua. <\/div> <\/div> <\/div> <!-- close group --> <div class=\"gallery-group images-1\" style=\"width: 152px; height: 99px;\" data-original-width=\"152\" data-original-height=\"99\" > <div class=\"tiled-gallery-item tiled-gallery-item-small\" itemprop=\"associatedMedia\" itemscope itemtype=\"http:\/\/schema.org\/ImageObject\"> <a href=\"https:\/\/eltrabajo.cl\/portal\/exito-en-la-3a-feria-saberes-y-sabores-de-rinconada-de-silva\/feria2-4\/\" border=\"0\" itemprop=\"url\"> <meta itemprop=\"width\" content=\"148\"> <meta itemprop=\"height\" content=\"95\"> <img decoding=\"async\" class=\"\" data-attachment-id=\"45690\" data-orig-file=\"https:\/\/eltrabajo.cl\/portal\/wp-content\/uploads\/2014\/04\/Feria2.jpg\" data-orig-size=\"528,338\" data-comments-opened=\"1\" data-image-meta=\"{&quot;aperture&quot;:&quot;6.3&quot;,&quot;credit&quot;:&quot;&quot;,&quot;camera&quot;:&quot;Canon EOS REBEL T3&quot;,&quot;caption&quot;:&quot;&quot;,&quot;created_timestamp&quot;:&quot;1385126489&quot;,&quot;copyright&quot;:&quot;&quot;,&quot;focal_length&quot;:&quot;28&quot;,&quot;iso&quot;:&quot;100&quot;,&quot;shutter_speed&quot;:&quot;0.0015625&quot;,&quot;title&quot;:&quot;&quot;}\" data-image-title=\"Feria2\" data-image-description=\"&lt;p&gt;La actividad fue organizada por el Centro de Desarrollo y Expresi\u00f3n Cultural de Rinconada de Silva.&lt;\/p&gt; \" data-medium-file=\"https:\/\/i0.wp.com\/eltrabajo.cl\/portal\/wp-content\/uploads\/2014\/04\/Feria2.jpg?fit=300%2C192&#038;ssl=1\" data-large-file=\"https:\/\/i0.wp.com\/eltrabajo.cl\/portal\/wp-content\/uploads\/2014\/04\/Feria2.jpg?fit=528%2C338&#038;ssl=1\" src=\"https:\/\/i0.wp.com\/eltrabajo.cl\/portal\/wp-content\/uploads\/2014\/04\/Feria2.jpg?w=148&#038;h=95&#038;ssl=1\" srcset=\"https:\/\/i0.wp.com\/eltrabajo.cl\/portal\/wp-content\/uploads\/2014\/04\/Feria2.jpg?w=528&amp;ssl=1 528w, https:\/\/i0.wp.com\/eltrabajo.cl\/portal\/wp-content\/uploads\/2014\/04\/Feria2.jpg?resize=200%2C128&amp;ssl=1 200w, https:\/\/i0.wp.com\/eltrabajo.cl\/portal\/wp-content\/uploads\/2014\/04\/Feria2.jpg?resize=300%2C192&amp;ssl=1 300w, https:\/\/i0.wp.com\/eltrabajo.cl\/portal\/wp-content\/uploads\/2014\/04\/Feria2.jpg?resize=150%2C96&amp;ssl=1 150w, https:\/\/i0.wp.com\/eltrabajo.cl\/portal\/wp-content\/uploads\/2014\/04\/Feria2.jpg?resize=400%2C256&amp;ssl=1 400w\" width=\"148\" height=\"95\" loading=\"lazy\" data-original-width=\"148\" data-original-height=\"95\" itemprop=\"http:\/\/schema.org\/image\" title=\"Feria2\" alt=\"La actividad fue organizada por el Centro de Desarrollo y Expresi\u00f3n Cultural de Rinconada de Silva.\" style=\"width: 148px; height: 95px;\" \/> <\/a> <div class=\"tiled-gallery-caption\" itemprop=\"caption description\"> La actividad fue organizada por el Centro de Desarrollo y Expresi\u00f3n Cultural de Rinconada de Silva. <\/div> <\/div> <\/div> <!-- close group --> <\/div> <!-- close row --> <\/div>\n","protected":false},"excerpt":{"rendered":"<p>PUTAENDO.- Una obertura de lujo tuvo la 3\u00aa versi\u00f3n de la Feria de artesan\u00eda y gastronom\u00eda tradicional \u2018Saberes y Sabores de Rinconada de Silva\u2019, con la presentaci\u00f3n del destacado Ballet Sombras del&#8230;<\/p>\n","protected":false},"author":482,"featured_media":45689,"comment_status":"open","ping_status":"closed","sticky":false,"template":"","format":"standard","meta":{"advanced_seo_description":"","jetpack_seo_html_title":"","jetpack_seo_noindex":false,"_jetpack_memberships_contains_paid_content":false,"footnotes":""},"categories":[15],"tags":[],"class_list":["post-45688","post","type-post","status-publish","format-standard","has-post-thumbnail","hentry","category-comunidad"],"jetpack_featured_media_url":"https:\/\/i0.wp.com\/eltrabajo.cl\/portal\/wp-content\/uploads\/2014\/04\/Feria1.jpg?fit=528%2C280&ssl=1","jetpack_sharing_enabled":true,"jetpack_likes_enabled":true,"jetpack-related-posts":[],"_links":{"self":[{"href":"https:\/\/eltrabajo.cl\/portal\/wp-json\/wp\/v2\/posts\/45688","targetHints":{"allow":["GET"]}}],"collection":[{"href":"https:\/\/eltrabajo.cl\/portal\/wp-json\/wp\/v2\/posts"}],"about":[{"href":"https:\/\/eltrabajo.cl\/portal\/wp-json\/wp\/v2\/types\/post"}],"author":[{"embeddable":true,"href":"https:\/\/eltrabajo.cl\/portal\/wp-json\/wp\/v2\/users\/482"}],"replies":[{"embeddable":true,"href":"https:\/\/eltrabajo.cl\/portal\/wp-json\/wp\/v2\/comments?post=45688"}],"version-history":[{"count":0,"href":"https:\/\/eltrabajo.cl\/portal\/wp-json\/wp\/v2\/posts\/45688\/revisions"}],"wp:featuredmedia":[{"embeddable":true,"href":"https:\/\/eltrabajo.cl\/portal\/wp-json\/wp\/v2\/media\/45689"}],"wp:attachment":[{"href":"https:\/\/eltrabajo.cl\/portal\/wp-json\/wp\/v2\/media?parent=45688"}],"wp:term":[{"taxonomy":"category","embeddable":true,"href":"https:\/\/eltrabajo.cl\/portal\/wp-json\/wp\/v2\/categories?post=45688"},{"taxonomy":"post_tag","embeddable":true,"href":"https:\/\/eltrabajo.cl\/portal\/wp-json\/wp\/v2\/tags?post=45688"}],"curies":[{"name":"wp","href":"https:\/\/api.w.org\/{rel}","templated":true}]}}