{"id":45696,"date":"2014-04-22T09:28:51","date_gmt":"2014-04-22T12:28:51","guid":{"rendered":"http:\/\/www.eltrabajo.cl\/portal\/?p=45696"},"modified":"2014-04-22T09:28:51","modified_gmt":"2014-04-22T12:28:51","slug":"todo-listo-para-las-8-horas-de-solidaridad-a-beneficio-de-los-portenos","status":"publish","type":"post","link":"https:\/\/eltrabajo.cl\/portal\/todo-listo-para-las-8-horas-de-solidaridad-a-beneficio-de-los-portenos\/","title":{"rendered":"Todo listo para las \u20188 horas de Solidaridad\u2019 a beneficio de los porte\u00f1os"},"content":{"rendered":"<figure id=\"attachment_45697\" aria-describedby=\"caption-attachment-45697\" style=\"width: 528px\" class=\"wp-caption alignnone\"><a href=\"https:\/\/i0.wp.com\/www.eltrabajo.cl\/portal\/wp-content\/uploads\/2014\/04\/Brigada-KAR.jpg\"><img data-recalc-dims=\"1\" loading=\"lazy\" decoding=\"async\" class=\"size-full wp-image-45697\" alt=\"Las 8 Horas de Solidaridad son organizadas por trabajadores de Carnes KAR y Uni\u00f3n Comunal de Juntas de Vecinos de San Felipe. (Foto archivo 2013).\" src=\"https:\/\/i0.wp.com\/www.eltrabajo.cl\/portal\/wp-content\/uploads\/2014\/04\/Brigada-KAR.jpg?resize=528%2C384\" width=\"528\" height=\"384\" srcset=\"https:\/\/i0.wp.com\/eltrabajo.cl\/portal\/wp-content\/uploads\/2014\/04\/Brigada-KAR.jpg?w=528&amp;ssl=1 528w, https:\/\/i0.wp.com\/eltrabajo.cl\/portal\/wp-content\/uploads\/2014\/04\/Brigada-KAR.jpg?resize=200%2C145&amp;ssl=1 200w, https:\/\/i0.wp.com\/eltrabajo.cl\/portal\/wp-content\/uploads\/2014\/04\/Brigada-KAR.jpg?resize=300%2C218&amp;ssl=1 300w, https:\/\/i0.wp.com\/eltrabajo.cl\/portal\/wp-content\/uploads\/2014\/04\/Brigada-KAR.jpg?resize=150%2C109&amp;ssl=1 150w, https:\/\/i0.wp.com\/eltrabajo.cl\/portal\/wp-content\/uploads\/2014\/04\/Brigada-KAR.jpg?resize=400%2C290&amp;ssl=1 400w\" sizes=\"auto, (max-width: 528px) 100vw, 528px\" \/><\/a><figcaption id=\"caption-attachment-45697\" class=\"wp-caption-text\">Las 8 Horas de Solidaridad son organizadas por trabajadores de Carnes KAR y Uni\u00f3n Comunal de Juntas de Vecinos de San Felipe. (Foto archivo 2013).<\/figcaption><\/figure>\n<p>A\u00fan cuando pareciera ser que la solidaridad frente a las cat\u00e1strofes por las cuales ha pasado nuestro pa\u00eds durante las \u00faltimas semanas ha deca\u00eddo, a\u00fan existen corazones solidarios y valientes que siguen manteniendo actividades que van en pro de la ayuda a los damnificados por el dantesco incendio que afect\u00f3 a Valpara\u00edso desde el pasado s\u00e1bado 12 de abril. Este es el caso de los empleados de Carnes KAR, quienes a lo largo de la semana reci\u00e9n pasada y durante \u00e9sta semana, se han organizado con la comunidad para la recolecci\u00f3n de alimentos no perecederos.<\/p>\n<figure id=\"attachment_45698\" aria-describedby=\"caption-attachment-45698\" style=\"width: 190px\" class=\"wp-caption alignright\"><a href=\"https:\/\/i0.wp.com\/www.eltrabajo.cl\/portal\/wp-content\/uploads\/2014\/04\/JuanGonzalez.jpg\"><img data-recalc-dims=\"1\" loading=\"lazy\" decoding=\"async\" class=\" wp-image-45698  \" alt=\"Juan Gonz\u00e1lez, Organizador del evento \u20188 Horas de Solidaridad\u2019 de Carnes KAR y Unco Juntas de Vecinos de San Felipe.\" src=\"https:\/\/i0.wp.com\/www.eltrabajo.cl\/portal\/wp-content\/uploads\/2014\/04\/JuanGonzalez.jpg?resize=190%2C244\" width=\"190\" height=\"244\" srcset=\"https:\/\/i0.wp.com\/eltrabajo.cl\/portal\/wp-content\/uploads\/2014\/04\/JuanGonzalez.jpg?w=529&amp;ssl=1 529w, https:\/\/i0.wp.com\/eltrabajo.cl\/portal\/wp-content\/uploads\/2014\/04\/JuanGonzalez.jpg?resize=117%2C150&amp;ssl=1 117w, https:\/\/i0.wp.com\/eltrabajo.cl\/portal\/wp-content\/uploads\/2014\/04\/JuanGonzalez.jpg?resize=234%2C300&amp;ssl=1 234w, https:\/\/i0.wp.com\/eltrabajo.cl\/portal\/wp-content\/uploads\/2014\/04\/JuanGonzalez.jpg?resize=400%2C511&amp;ssl=1 400w\" sizes=\"auto, (max-width: 190px) 100vw, 190px\" \/><\/a><figcaption id=\"caption-attachment-45698\" class=\"wp-caption-text\">Juan Gonz\u00e1lez, Organizador del evento \u20188 Horas de Solidaridad\u2019 de Carnes KAR y Unco Juntas de Vecinos de San Felipe.<\/figcaption><\/figure>\n<p>Pero estos solidarios no s\u00f3lo se han quedado en la simple recolecci\u00f3n y entrega de la ayuda recolectada, prueba de ello es que este s\u00e1bado 26 de abril, a contar de las 12:00 horas en la Plaza de Armas de San Felipe, se realizar\u00e1 el encuentro denominado \u2018Las 8 Horas de la Solidaridad\u2019.<\/p>\n<p>La idea es que a trav\u00e9s de esta actividad la gente no s\u00f3lo pueda cooperar con esta campa\u00f1a sino que tambi\u00e9n disfrutar del show art\u00edstico que los trabajadores de Carnes KAR han conseguido para dicho evento, al tiempo en que se desarrollan otras actividades en paralelo como Maratones de Zumba, torneos de baby-f\u00fatbol en canchas que se est\u00e1n gestionando en la ciudad, as\u00ed como otras actividades m\u00e1s que se concretar\u00e1n durante esta semana.<\/p>\n<p>Dentro de los artistas confirmados para esta actividad a realizarse en la plaza de armas se encuentran; La Sonora Bar\u00f3n; Los Locos del Humor y el grupo local Dixon.<\/p>\n<p>Respecto a c\u00f3mo se har\u00e1 la entrega de las donaciones recolectadas por esta campa\u00f1a, Gonz\u00e1lez manifest\u00f3 que esta ser\u00e1 entregada \u201ctal cual como lo hicimos el a\u00f1o pasado, de forma directa a ellos. No por un asunto de desconfianza hacia las instituciones, pero creo que la ayuda llega de forma m\u00e1s inmediata cuando t\u00fa vas directamente donde est\u00e1n los focos\u201d.<\/p>\n<p>Adem\u00e1s Juan Gonz\u00e1lez indic\u00f3 que \u00e9stos son s\u00f3lo algunos de los invitados que ya existen confirmados para esta actividad, y que conf\u00eda en la participaci\u00f3n y buen coraz\u00f3n de la ciudadan\u00eda, que ha demostrado con creces hasta el momento.<\/p>\n<p>&nbsp;<\/p>\n","protected":false},"excerpt":{"rendered":"<p>A\u00fan cuando pareciera ser que la solidaridad frente a las cat\u00e1strofes por las cuales ha pasado nuestro pa\u00eds durante las \u00faltimas semanas ha deca\u00eddo, a\u00fan existen corazones solidarios y valientes que siguen&#8230;<\/p>\n","protected":false},"author":482,"featured_media":45697,"comment_status":"open","ping_status":"closed","sticky":false,"template":"","format":"standard","meta":{"advanced_seo_description":"","jetpack_seo_html_title":"","jetpack_seo_noindex":false,"_jetpack_memberships_contains_paid_content":false,"footnotes":""},"categories":[1],"tags":[],"class_list":["post-45696","post","type-post","status-publish","format-standard","has-post-thumbnail","hentry","category-cronica"],"jetpack_featured_media_url":"https:\/\/i0.wp.com\/eltrabajo.cl\/portal\/wp-content\/uploads\/2014\/04\/Brigada-KAR.jpg?fit=528%2C384&ssl=1","jetpack_sharing_enabled":true,"jetpack_likes_enabled":true,"jetpack-related-posts":[],"_links":{"self":[{"href":"https:\/\/eltrabajo.cl\/portal\/wp-json\/wp\/v2\/posts\/45696","targetHints":{"allow":["GET"]}}],"collection":[{"href":"https:\/\/eltrabajo.cl\/portal\/wp-json\/wp\/v2\/posts"}],"about":[{"href":"https:\/\/eltrabajo.cl\/portal\/wp-json\/wp\/v2\/types\/post"}],"author":[{"embeddable":true,"href":"https:\/\/eltrabajo.cl\/portal\/wp-json\/wp\/v2\/users\/482"}],"replies":[{"embeddable":true,"href":"https:\/\/eltrabajo.cl\/portal\/wp-json\/wp\/v2\/comments?post=45696"}],"version-history":[{"count":0,"href":"https:\/\/eltrabajo.cl\/portal\/wp-json\/wp\/v2\/posts\/45696\/revisions"}],"wp:featuredmedia":[{"embeddable":true,"href":"https:\/\/eltrabajo.cl\/portal\/wp-json\/wp\/v2\/media\/45697"}],"wp:attachment":[{"href":"https:\/\/eltrabajo.cl\/portal\/wp-json\/wp\/v2\/media?parent=45696"}],"wp:term":[{"taxonomy":"category","embeddable":true,"href":"https:\/\/eltrabajo.cl\/portal\/wp-json\/wp\/v2\/categories?post=45696"},{"taxonomy":"post_tag","embeddable":true,"href":"https:\/\/eltrabajo.cl\/portal\/wp-json\/wp\/v2\/tags?post=45696"}],"curies":[{"name":"wp","href":"https:\/\/api.w.org\/{rel}","templated":true}]}}