{"id":45728,"date":"2014-04-23T09:54:28","date_gmt":"2014-04-23T12:54:28","guid":{"rendered":"http:\/\/www.eltrabajo.cl\/portal\/?p=45728"},"modified":"2014-04-23T09:54:28","modified_gmt":"2014-04-23T12:54:28","slug":"grupo-de-ron-a-ritmo-brillo-con-luz-propia-en-la-filan-2014","status":"publish","type":"post","link":"https:\/\/eltrabajo.cl\/portal\/grupo-de-ron-a-ritmo-brillo-con-luz-propia-en-la-filan-2014\/","title":{"rendered":"Grupo De Ron a Ritmo brill\u00f3 con luz propia en la Filan 2014"},"content":{"rendered":"<figure id=\"attachment_45729\" aria-describedby=\"caption-attachment-45729\" style=\"width: 529px\" class=\"wp-caption alignnone\"><a href=\"https:\/\/i0.wp.com\/www.eltrabajo.cl\/portal\/wp-content\/uploads\/2014\/04\/Filan2.jpg\"><img data-recalc-dims=\"1\" loading=\"lazy\" decoding=\"async\" class=\"size-full wp-image-45729\" alt=\"Una excelente presentaci\u00f3n desarroll\u00f3 el grupo local De Ron a Ritmo en la jornada de clausura de la Feria Internacional de Los Andes.\" src=\"https:\/\/i0.wp.com\/www.eltrabajo.cl\/portal\/wp-content\/uploads\/2014\/04\/Filan2.jpg?resize=529%2C358\" width=\"529\" height=\"358\" srcset=\"https:\/\/i0.wp.com\/eltrabajo.cl\/portal\/wp-content\/uploads\/2014\/04\/Filan2.jpg?w=529&amp;ssl=1 529w, https:\/\/i0.wp.com\/eltrabajo.cl\/portal\/wp-content\/uploads\/2014\/04\/Filan2.jpg?resize=200%2C135&amp;ssl=1 200w, https:\/\/i0.wp.com\/eltrabajo.cl\/portal\/wp-content\/uploads\/2014\/04\/Filan2.jpg?resize=300%2C203&amp;ssl=1 300w, https:\/\/i0.wp.com\/eltrabajo.cl\/portal\/wp-content\/uploads\/2014\/04\/Filan2.jpg?resize=150%2C101&amp;ssl=1 150w, https:\/\/i0.wp.com\/eltrabajo.cl\/portal\/wp-content\/uploads\/2014\/04\/Filan2.jpg?resize=400%2C270&amp;ssl=1 400w\" sizes=\"auto, (max-width: 529px) 100vw, 529px\" \/><\/a><figcaption id=\"caption-attachment-45729\" class=\"wp-caption-text\">Una excelente presentaci\u00f3n desarroll\u00f3 el grupo local De Ron a Ritmo en la jornada de clausura de la Feria Internacional de Los Andes.<\/figcaption><\/figure>\n<p><strong>PUTAENDO.<\/strong>&#8211; Una excelente presentaci\u00f3n desarroll\u00f3 el grupo local De ron a ritmo en la jornada de clausura de la Feria Internacional de Los Andes (Filan) el pasado domingo. Recordemos que estos m\u00fasicos putaendinos fueron invitados por la Junta de Adelanto de Los Andes a ser parte de la gran jornada de cierre de la Filan en la ciudad de Los Andes, lo que finalmente se concret\u00f3 pasadas las 20:00 horas en uno de los escenarios m\u00e1s importantes del Valle del Aconcagua.<\/p>\n<figure id=\"attachment_45730\" aria-describedby=\"caption-attachment-45730\" style=\"width: 296px\" class=\"wp-caption alignright\"><a href=\"https:\/\/i0.wp.com\/www.eltrabajo.cl\/portal\/wp-content\/uploads\/2014\/04\/Filan1.jpg\"><img data-recalc-dims=\"1\" loading=\"lazy\" decoding=\"async\" class=\" wp-image-45730  \" alt=\"La encargada de una de las \u00e1reas de la Oficina de Turismo de la Municipalidad de Las Heras, Argentina, Luisa Di Pascuale, hizo entrega de un reconocimiento a la agrupaci\u00f3n en la persona del Concejal y vocalista del grupo, Carlos Gallardo.\" src=\"https:\/\/i0.wp.com\/www.eltrabajo.cl\/portal\/wp-content\/uploads\/2014\/04\/Filan1.jpg?resize=296%2C304\" width=\"296\" height=\"304\" srcset=\"https:\/\/i0.wp.com\/eltrabajo.cl\/portal\/wp-content\/uploads\/2014\/04\/Filan1.jpg?w=529&amp;ssl=1 529w, https:\/\/i0.wp.com\/eltrabajo.cl\/portal\/wp-content\/uploads\/2014\/04\/Filan1.jpg?resize=146%2C150&amp;ssl=1 146w, https:\/\/i0.wp.com\/eltrabajo.cl\/portal\/wp-content\/uploads\/2014\/04\/Filan1.jpg?resize=292%2C300&amp;ssl=1 292w, https:\/\/i0.wp.com\/eltrabajo.cl\/portal\/wp-content\/uploads\/2014\/04\/Filan1.jpg?resize=400%2C409&amp;ssl=1 400w\" sizes=\"auto, (max-width: 296px) 100vw, 296px\" \/><\/a><figcaption id=\"caption-attachment-45730\" class=\"wp-caption-text\">La encargada de una de las \u00e1reas de la Oficina de Turismo de la Municipalidad de Las Heras, Argentina, Luisa Di Pascuale, hizo entrega de un reconocimiento a la agrupaci\u00f3n en la persona del Concejal y vocalista del grupo, Carlos Gallardo.<\/figcaption><\/figure>\n<p>Los muchachos del grupo, acompa\u00f1ados de familiares y amigos que viajaron desde Putaendo hacia Los Andes, deslumbraron a las autoridades andinas y tambi\u00e9n al p\u00fablico presente con sus creaciones musicales que abordan las diferentes tem\u00e1ticas sociales del pa\u00eds, adem\u00e1s de covers como \u2018El derecho de vivir en paz\u2019; \u2018Sobreviviendo\u2019 y \u2018Lleg\u00f3 volando\u2019, que fueron coreados al un\u00edsono por la gobernadora presente, las autoridades organizadoras y el p\u00fablico que a pesar de la hora y el fr\u00edo que comenzaba a sentirse acompa\u00f1\u00f3 de principio a fin a este grupo de entusiastas m\u00fasicos que llegaron hasta Los Andes para dejar muy bien puesto el nombre de la comuna de Putaendo.<\/p>\n<p>A modo de agradecimiento, la encargada de una de las \u00e1reas de la Oficina de Turismo de la Municipalidad de Las Heras, Argentina, Luisa Di Pascuale, hizo entrega de un reconocimiento a la agrupaci\u00f3n De ron a ritmo en la persona del Concejal y vocalista del grupo, Carlos Gallardo.<\/p>\n<p>Al finalizar la presentaci\u00f3n, Sebasti\u00e1n Gallardo Fabres convers\u00f3 con Diario El Trabajo y bastante contento agradeci\u00f3 a la Gobernadora Mar\u00eda Victoria Rodr\u00edguez y a la Junta de Adelanto de Los Andes, por darles la oportunidad de presentarse en uno de los escenarios m\u00e1s importantes de la zona, adem\u00e1s indic\u00f3 que siguen trabajando intensamente en presentaciones futuras y en las pr\u00f3ximas composiciones, sin dejar de perseguir el sue\u00f1o del grupo de poder grabar oficialmente su primer disco, para lo cual esperan reunir el apoyo suficiente para concretar este anhelo.<\/p>\n<p>Por su parte, Mario M\u00e9ndez, Presidente de la Junta de Adelanto de Los Andes, destac\u00f3 el \u00e9nfasis en los grupos locales que se presentaron en la \u00faltima jornada de la Filan 2014 y de manera especial el ambiente latinoamericano que entreg\u00f3 De ron a ritmo, que adem\u00e1s incluy\u00f3 letras con un profundo contenido social, por lo que felicit\u00f3 el esfuerzo de estos m\u00fasicos putaendinos que dejaron lo mejor de s\u00ed en esta presentaci\u00f3n.<\/p>\n<p>Patricio Gallardo M.<\/p>\n","protected":false},"excerpt":{"rendered":"<p>PUTAENDO.&#8211; Una excelente presentaci\u00f3n desarroll\u00f3 el grupo local De ron a ritmo en la jornada de clausura de la Feria Internacional de Los Andes (Filan) el pasado domingo. Recordemos que estos m\u00fasicos&#8230;<\/p>\n","protected":false},"author":482,"featured_media":45729,"comment_status":"open","ping_status":"closed","sticky":false,"template":"","format":"standard","meta":{"advanced_seo_description":"","jetpack_seo_html_title":"","jetpack_seo_noindex":false,"_jetpack_memberships_contains_paid_content":false,"footnotes":""},"categories":[15],"tags":[],"class_list":["post-45728","post","type-post","status-publish","format-standard","has-post-thumbnail","hentry","category-comunidad"],"jetpack_featured_media_url":"https:\/\/i0.wp.com\/eltrabajo.cl\/portal\/wp-content\/uploads\/2014\/04\/Filan2.jpg?fit=529%2C358&ssl=1","jetpack_sharing_enabled":true,"jetpack_likes_enabled":true,"jetpack-related-posts":[],"_links":{"self":[{"href":"https:\/\/eltrabajo.cl\/portal\/wp-json\/wp\/v2\/posts\/45728","targetHints":{"allow":["GET"]}}],"collection":[{"href":"https:\/\/eltrabajo.cl\/portal\/wp-json\/wp\/v2\/posts"}],"about":[{"href":"https:\/\/eltrabajo.cl\/portal\/wp-json\/wp\/v2\/types\/post"}],"author":[{"embeddable":true,"href":"https:\/\/eltrabajo.cl\/portal\/wp-json\/wp\/v2\/users\/482"}],"replies":[{"embeddable":true,"href":"https:\/\/eltrabajo.cl\/portal\/wp-json\/wp\/v2\/comments?post=45728"}],"version-history":[{"count":0,"href":"https:\/\/eltrabajo.cl\/portal\/wp-json\/wp\/v2\/posts\/45728\/revisions"}],"wp:featuredmedia":[{"embeddable":true,"href":"https:\/\/eltrabajo.cl\/portal\/wp-json\/wp\/v2\/media\/45729"}],"wp:attachment":[{"href":"https:\/\/eltrabajo.cl\/portal\/wp-json\/wp\/v2\/media?parent=45728"}],"wp:term":[{"taxonomy":"category","embeddable":true,"href":"https:\/\/eltrabajo.cl\/portal\/wp-json\/wp\/v2\/categories?post=45728"},{"taxonomy":"post_tag","embeddable":true,"href":"https:\/\/eltrabajo.cl\/portal\/wp-json\/wp\/v2\/tags?post=45728"}],"curies":[{"name":"wp","href":"https:\/\/api.w.org\/{rel}","templated":true}]}}