{"id":45739,"date":"2014-04-23T10:00:09","date_gmt":"2014-04-23T13:00:09","guid":{"rendered":"http:\/\/www.eltrabajo.cl\/portal\/?p=45739"},"modified":"2014-04-23T10:00:09","modified_gmt":"2014-04-23T13:00:09","slug":"miles-disfrutaron-del-acto-civico-militar-en-honor-a-los-87-anos-de-carabineros","status":"publish","type":"post","link":"https:\/\/eltrabajo.cl\/portal\/miles-disfrutaron-del-acto-civico-militar-en-honor-a-los-87-anos-de-carabineros\/","title":{"rendered":"Miles disfrutaron del acto c\u00edvico-militar en honor a los 87 a\u00f1os de Carabineros"},"content":{"rendered":"<figure id=\"attachment_45740\" aria-describedby=\"caption-attachment-45740\" style=\"width: 529px\" class=\"wp-caption alignnone\"><a href=\"https:\/\/i0.wp.com\/www.eltrabajo.cl\/portal\/wp-content\/uploads\/2014\/04\/Autoridades1.jpg\"><img data-recalc-dims=\"1\" loading=\"lazy\" decoding=\"async\" class=\"size-full wp-image-45740\" alt=\"AUTORIDADES.- Nuestras autoridades cumplieron fielmente su deber representativo durante el desarrollo de esta actividad.\" src=\"https:\/\/i0.wp.com\/www.eltrabajo.cl\/portal\/wp-content\/uploads\/2014\/04\/Autoridades1.jpg?resize=529%2C401\" width=\"529\" height=\"401\" srcset=\"https:\/\/i0.wp.com\/eltrabajo.cl\/portal\/wp-content\/uploads\/2014\/04\/Autoridades1.jpg?w=529&amp;ssl=1 529w, https:\/\/i0.wp.com\/eltrabajo.cl\/portal\/wp-content\/uploads\/2014\/04\/Autoridades1.jpg?resize=197%2C150&amp;ssl=1 197w, https:\/\/i0.wp.com\/eltrabajo.cl\/portal\/wp-content\/uploads\/2014\/04\/Autoridades1.jpg?resize=300%2C227&amp;ssl=1 300w, https:\/\/i0.wp.com\/eltrabajo.cl\/portal\/wp-content\/uploads\/2014\/04\/Autoridades1.jpg?resize=150%2C113&amp;ssl=1 150w, https:\/\/i0.wp.com\/eltrabajo.cl\/portal\/wp-content\/uploads\/2014\/04\/Autoridades1.jpg?resize=400%2C303&amp;ssl=1 400w\" sizes=\"auto, (max-width: 529px) 100vw, 529px\" \/><\/a><figcaption id=\"caption-attachment-45740\" class=\"wp-caption-text\">AUTORIDADES.- Nuestras autoridades cumplieron fielmente su deber representativo durante el desarrollo de esta actividad.<\/figcaption><\/figure>\n<p>Si bien esta celebraci\u00f3n es oficialmente el d\u00eda 27 de abril, la Prefectura de Carabineros de Aconcagua realiz\u00f3 este martes la celebraci\u00f3n del ya t\u00edpico acto c\u00edvico-militar que conmemora y hace homenaje a quienes est\u00e1n encargados de salvaguardar nuestra seguridad. A la actividad asistieron autoridades de las provincias de Los Andes y locales, tal es el caso de la Gobernadora de Los Andes, Mar\u00eda Victoria Rodr\u00edguez, los Alcaldes de San Felipe y Santa Mar\u00eda y por supuesto las altas autoridades de rango de Carabineros en la Prefectura de Aconcagua, que incluye las provincias, de San Felipe Los Andes y la reci\u00e9n incluida Petorca.<\/p>\n<p>Con la precisi\u00f3n y estricto protocolo que caracteriza a Carabineros de Chile, el acto c\u00edvico militar se desarroll\u00f3 en completa normalidad y bajo la mirada atenta y expectante de cientos de asistentes y participantes a este evento.<\/p>\n<p>El broche de oro fue sin duda, la participaci\u00f3n del Grupo de formaci\u00f3n policial de Carabineros de Vi\u00f1a del Mar, quienes con su Banda Instrumental y de Guerra dieron deleite al desfile de los diferentes escuadrones representantes de la instituci\u00f3n provenientes de todos los sectores que abarca la Prefectura de Aconcagua. Asimismo, diversos colegios de San Felipe participaron del desfile.<\/p>\n<div class=\"tiled-gallery type-rectangular tiled-gallery-unresized\" data-original-width=\"640\" data-carousel-extra='null' itemscope itemtype=\"http:\/\/schema.org\/ImageGallery\" > <div class=\"gallery-row\" style=\"width: 640px; height: 287px;\" data-original-width=\"640\" data-original-height=\"287\" > <div class=\"gallery-group images-1\" style=\"width: 452px; height: 287px;\" data-original-width=\"452\" data-original-height=\"287\" > <div class=\"tiled-gallery-item tiled-gallery-item-large\" itemprop=\"associatedMedia\" itemscope itemtype=\"http:\/\/schema.org\/ImageObject\"> <a href=\"https:\/\/eltrabajo.cl\/portal\/miles-disfrutaron-del-acto-civico-militar-en-honor-a-los-87-anos-de-carabineros\/abdon1\/\" border=\"0\" itemprop=\"url\"> <meta itemprop=\"width\" content=\"448\"> <meta itemprop=\"height\" content=\"283\"> <img decoding=\"async\" class=\"\" data-attachment-id=\"45741\" data-orig-file=\"https:\/\/eltrabajo.cl\/portal\/wp-content\/uploads\/2014\/04\/Abdon1.jpg\" data-orig-size=\"529,334\" data-comments-opened=\"1\" data-image-meta=\"{&quot;aperture&quot;:&quot;4.5&quot;,&quot;credit&quot;:&quot;&quot;,&quot;camera&quot;:&quot;COOLPIX P90&quot;,&quot;caption&quot;:&quot;&quot;,&quot;created_timestamp&quot;:&quot;1398172684&quot;,&quot;copyright&quot;:&quot;&quot;,&quot;focal_length&quot;:&quot;4.6&quot;,&quot;iso&quot;:&quot;64&quot;,&quot;shutter_speed&quot;:&quot;0.0090909090909091&quot;,&quot;title&quot;:&quot;&quot;}\" data-image-title=\"Abdon1\" data-image-description=\"&lt;p&gt;ABD\u00d3N CIFUENTES.- El Instituto Abd\u00f3n Cifuentes luci\u00f3 espl\u00e9ndido y llenos de entusiasmo sus estudiantes, el p\u00fablico los premi\u00f3 con sus aplausos.&lt;\/p&gt; \" data-medium-file=\"https:\/\/i0.wp.com\/eltrabajo.cl\/portal\/wp-content\/uploads\/2014\/04\/Abdon1.jpg?fit=300%2C189&#038;ssl=1\" data-large-file=\"https:\/\/i0.wp.com\/eltrabajo.cl\/portal\/wp-content\/uploads\/2014\/04\/Abdon1.jpg?fit=529%2C334&#038;ssl=1\" src=\"https:\/\/i0.wp.com\/eltrabajo.cl\/portal\/wp-content\/uploads\/2014\/04\/Abdon1.jpg?w=448&#038;h=283&#038;ssl=1\" srcset=\"https:\/\/i0.wp.com\/eltrabajo.cl\/portal\/wp-content\/uploads\/2014\/04\/Abdon1.jpg?w=529&amp;ssl=1 529w, https:\/\/i0.wp.com\/eltrabajo.cl\/portal\/wp-content\/uploads\/2014\/04\/Abdon1.jpg?resize=200%2C126&amp;ssl=1 200w, https:\/\/i0.wp.com\/eltrabajo.cl\/portal\/wp-content\/uploads\/2014\/04\/Abdon1.jpg?resize=300%2C189&amp;ssl=1 300w, https:\/\/i0.wp.com\/eltrabajo.cl\/portal\/wp-content\/uploads\/2014\/04\/Abdon1.jpg?resize=150%2C94&amp;ssl=1 150w, https:\/\/i0.wp.com\/eltrabajo.cl\/portal\/wp-content\/uploads\/2014\/04\/Abdon1.jpg?resize=400%2C252&amp;ssl=1 400w\" width=\"448\" height=\"283\" loading=\"lazy\" data-original-width=\"448\" data-original-height=\"283\" itemprop=\"http:\/\/schema.org\/image\" title=\"Abdon1\" alt=\"ABD\u00d3N CIFUENTES.- El Instituto Abd\u00f3n Cifuentes luci\u00f3 espl\u00e9ndido y llenos de entusiasmo sus estudiantes, el p\u00fablico los premi\u00f3 con sus aplausos.\" style=\"width: 448px; height: 283px;\" \/> <\/a> <div class=\"tiled-gallery-caption\" itemprop=\"caption description\"> ABD\u00d3N CIFUENTES.- El Instituto Abd\u00f3n Cifuentes luci\u00f3 espl\u00e9ndido y llenos de entusiasmo sus estudiantes, el p\u00fablico los premi\u00f3 con sus aplausos. <\/div> <\/div> <\/div> <!-- close group --> <div class=\"gallery-group images-2\" style=\"width: 188px; height: 287px;\" data-original-width=\"188\" data-original-height=\"287\" > <div class=\"tiled-gallery-item tiled-gallery-item-small\" itemprop=\"associatedMedia\" itemscope itemtype=\"http:\/\/schema.org\/ImageObject\"> <a href=\"https:\/\/eltrabajo.cl\/portal\/miles-disfrutaron-del-acto-civico-militar-en-honor-a-los-87-anos-de-carabineros\/alumnos1\/\" border=\"0\" itemprop=\"url\"> <meta itemprop=\"width\" content=\"184\"> <meta itemprop=\"height\" content=\"139\"> <img decoding=\"async\" class=\"\" data-attachment-id=\"45742\" data-orig-file=\"https:\/\/eltrabajo.cl\/portal\/wp-content\/uploads\/2014\/04\/Alumnos1.jpg\" data-orig-size=\"529,401\" data-comments-opened=\"1\" data-image-meta=\"{&quot;aperture&quot;:&quot;4&quot;,&quot;credit&quot;:&quot;&quot;,&quot;camera&quot;:&quot;COOLPIX P90&quot;,&quot;caption&quot;:&quot;&quot;,&quot;created_timestamp&quot;:&quot;1398171840&quot;,&quot;copyright&quot;:&quot;&quot;,&quot;focal_length&quot;:&quot;11.8&quot;,&quot;iso&quot;:&quot;64&quot;,&quot;shutter_speed&quot;:&quot;0.01008064516129&quot;,&quot;title&quot;:&quot;&quot;}\" data-image-title=\"Alumnos1\" data-image-description=\"&lt;p&gt;BANDA REGALONA.- La Banda de Guerra del Colegio Alonso De Ercilla hizo de las suyas durante la colorida actividad.&lt;\/p&gt; \" data-medium-file=\"https:\/\/i0.wp.com\/eltrabajo.cl\/portal\/wp-content\/uploads\/2014\/04\/Alumnos1.jpg?fit=300%2C227&#038;ssl=1\" data-large-file=\"https:\/\/i0.wp.com\/eltrabajo.cl\/portal\/wp-content\/uploads\/2014\/04\/Alumnos1.jpg?fit=529%2C401&#038;ssl=1\" src=\"https:\/\/i0.wp.com\/eltrabajo.cl\/portal\/wp-content\/uploads\/2014\/04\/Alumnos1.jpg?w=184&#038;h=139&#038;ssl=1\" srcset=\"https:\/\/i0.wp.com\/eltrabajo.cl\/portal\/wp-content\/uploads\/2014\/04\/Alumnos1.jpg?w=529&amp;ssl=1 529w, https:\/\/i0.wp.com\/eltrabajo.cl\/portal\/wp-content\/uploads\/2014\/04\/Alumnos1.jpg?resize=197%2C150&amp;ssl=1 197w, https:\/\/i0.wp.com\/eltrabajo.cl\/portal\/wp-content\/uploads\/2014\/04\/Alumnos1.jpg?resize=300%2C227&amp;ssl=1 300w, https:\/\/i0.wp.com\/eltrabajo.cl\/portal\/wp-content\/uploads\/2014\/04\/Alumnos1.jpg?resize=150%2C113&amp;ssl=1 150w, https:\/\/i0.wp.com\/eltrabajo.cl\/portal\/wp-content\/uploads\/2014\/04\/Alumnos1.jpg?resize=400%2C303&amp;ssl=1 400w\" width=\"184\" height=\"139\" loading=\"lazy\" data-original-width=\"184\" data-original-height=\"139\" itemprop=\"http:\/\/schema.org\/image\" title=\"Alumnos1\" alt=\"BANDA REGALONA.- La Banda de Guerra del Colegio Alonso De Ercilla hizo de las suyas durante la colorida actividad.\" style=\"width: 184px; height: 139px;\" \/> <\/a> <div class=\"tiled-gallery-caption\" itemprop=\"caption description\"> BANDA REGALONA.- La Banda de Guerra del Colegio Alonso De Ercilla hizo de las suyas durante la colorida actividad. <\/div> <\/div> <div class=\"tiled-gallery-item tiled-gallery-item-small\" itemprop=\"associatedMedia\" itemscope itemtype=\"http:\/\/schema.org\/ImageObject\"> <a href=\"https:\/\/eltrabajo.cl\/portal\/miles-disfrutaron-del-acto-civico-militar-en-honor-a-los-87-anos-de-carabineros\/carabineritos\/\" border=\"0\" itemprop=\"url\"> <meta itemprop=\"width\" content=\"184\"> <meta itemprop=\"height\" content=\"140\"> <img decoding=\"async\" class=\"\" data-attachment-id=\"45743\" data-orig-file=\"https:\/\/eltrabajo.cl\/portal\/wp-content\/uploads\/2014\/04\/Carabineritos.jpg\" data-orig-size=\"528,401\" data-comments-opened=\"1\" data-image-meta=\"{&quot;aperture&quot;:&quot;3.5&quot;,&quot;credit&quot;:&quot;&quot;,&quot;camera&quot;:&quot;COOLPIX P90&quot;,&quot;caption&quot;:&quot;&quot;,&quot;created_timestamp&quot;:&quot;1398172228&quot;,&quot;copyright&quot;:&quot;&quot;,&quot;focal_length&quot;:&quot;6.6&quot;,&quot;iso&quot;:&quot;64&quot;,&quot;shutter_speed&quot;:&quot;0.010309278350515&quot;,&quot;title&quot;:&quot;&quot;}\" data-image-title=\"Carabineritos\" data-image-description=\"&lt;p&gt;CARABINERITAS.- Estas peque\u00f1itas tambi\u00e9n lucieron su mejor uniforme durante el acto c\u00edvico en las inmediaciones de nuestra Plaza de Armas.&lt;\/p&gt; \" data-medium-file=\"https:\/\/i0.wp.com\/eltrabajo.cl\/portal\/wp-content\/uploads\/2014\/04\/Carabineritos.jpg?fit=300%2C227&#038;ssl=1\" data-large-file=\"https:\/\/i0.wp.com\/eltrabajo.cl\/portal\/wp-content\/uploads\/2014\/04\/Carabineritos.jpg?fit=528%2C401&#038;ssl=1\" src=\"https:\/\/i0.wp.com\/eltrabajo.cl\/portal\/wp-content\/uploads\/2014\/04\/Carabineritos.jpg?w=184&#038;h=140&#038;ssl=1\" srcset=\"https:\/\/i0.wp.com\/eltrabajo.cl\/portal\/wp-content\/uploads\/2014\/04\/Carabineritos.jpg?w=528&amp;ssl=1 528w, https:\/\/i0.wp.com\/eltrabajo.cl\/portal\/wp-content\/uploads\/2014\/04\/Carabineritos.jpg?resize=197%2C150&amp;ssl=1 197w, https:\/\/i0.wp.com\/eltrabajo.cl\/portal\/wp-content\/uploads\/2014\/04\/Carabineritos.jpg?resize=300%2C227&amp;ssl=1 300w, https:\/\/i0.wp.com\/eltrabajo.cl\/portal\/wp-content\/uploads\/2014\/04\/Carabineritos.jpg?resize=150%2C113&amp;ssl=1 150w, https:\/\/i0.wp.com\/eltrabajo.cl\/portal\/wp-content\/uploads\/2014\/04\/Carabineritos.jpg?resize=400%2C303&amp;ssl=1 400w\" width=\"184\" height=\"140\" loading=\"lazy\" data-original-width=\"184\" data-original-height=\"140\" itemprop=\"http:\/\/schema.org\/image\" title=\"Carabineritos\" alt=\"CARABINERITAS.- Estas peque\u00f1itas tambi\u00e9n lucieron su mejor uniforme durante el acto c\u00edvico en las inmediaciones de nuestra Plaza de Armas.\" style=\"width: 184px; height: 140px;\" \/> <\/a> <div class=\"tiled-gallery-caption\" itemprop=\"caption description\"> CARABINERITAS.- Estas peque\u00f1itas tambi\u00e9n lucieron su mejor uniforme durante el acto c\u00edvico en las inmediaciones de nuestra Plaza de Armas. <\/div> <\/div> <\/div> <!-- close group --> <\/div> <!-- close row --> <div class=\"gallery-row\" style=\"width: 640px; height: 113px;\" data-original-width=\"640\" data-original-height=\"113\" > <div class=\"gallery-group images-1\" style=\"width: 147px; height: 113px;\" data-original-width=\"147\" data-original-height=\"113\" > <div class=\"tiled-gallery-item tiled-gallery-item-small\" itemprop=\"associatedMedia\" itemscope itemtype=\"http:\/\/schema.org\/ImageObject\"> <a href=\"https:\/\/eltrabajo.cl\/portal\/miles-disfrutaron-del-acto-civico-militar-en-honor-a-los-87-anos-de-carabineros\/desfile1-3\/\" border=\"0\" itemprop=\"url\"> <meta itemprop=\"width\" content=\"143\"> <meta itemprop=\"height\" content=\"109\"> <img decoding=\"async\" class=\"\" data-attachment-id=\"45744\" data-orig-file=\"https:\/\/eltrabajo.cl\/portal\/wp-content\/uploads\/2014\/04\/Desfile1.jpg\" data-orig-size=\"528,401\" data-comments-opened=\"1\" data-image-meta=\"{&quot;aperture&quot;:&quot;4.5&quot;,&quot;credit&quot;:&quot;&quot;,&quot;camera&quot;:&quot;COOLPIX P90&quot;,&quot;caption&quot;:&quot;&quot;,&quot;created_timestamp&quot;:&quot;1398168204&quot;,&quot;copyright&quot;:&quot;&quot;,&quot;focal_length&quot;:&quot;25.7&quot;,&quot;iso&quot;:&quot;103&quot;,&quot;shutter_speed&quot;:&quot;0.013245033112583&quot;,&quot;title&quot;:&quot;&quot;}\" data-image-title=\"Desfile1\" data-image-description=\"&lt;p&gt;ORGULLO.- Dentro del contexto de la celebraci\u00f3n del 87\u00b0 Aniversario de Carabineros de Chile, decenas de uniformados desfilaron este martes por las calles de nuestra ciudad.&lt;\/p&gt; \" data-medium-file=\"https:\/\/i0.wp.com\/eltrabajo.cl\/portal\/wp-content\/uploads\/2014\/04\/Desfile1.jpg?fit=300%2C227&#038;ssl=1\" data-large-file=\"https:\/\/i0.wp.com\/eltrabajo.cl\/portal\/wp-content\/uploads\/2014\/04\/Desfile1.jpg?fit=528%2C401&#038;ssl=1\" src=\"https:\/\/i0.wp.com\/eltrabajo.cl\/portal\/wp-content\/uploads\/2014\/04\/Desfile1.jpg?w=143&#038;h=109&#038;ssl=1\" srcset=\"https:\/\/i0.wp.com\/eltrabajo.cl\/portal\/wp-content\/uploads\/2014\/04\/Desfile1.jpg?w=528&amp;ssl=1 528w, https:\/\/i0.wp.com\/eltrabajo.cl\/portal\/wp-content\/uploads\/2014\/04\/Desfile1.jpg?resize=197%2C150&amp;ssl=1 197w, https:\/\/i0.wp.com\/eltrabajo.cl\/portal\/wp-content\/uploads\/2014\/04\/Desfile1.jpg?resize=300%2C227&amp;ssl=1 300w, https:\/\/i0.wp.com\/eltrabajo.cl\/portal\/wp-content\/uploads\/2014\/04\/Desfile1.jpg?resize=150%2C113&amp;ssl=1 150w, https:\/\/i0.wp.com\/eltrabajo.cl\/portal\/wp-content\/uploads\/2014\/04\/Desfile1.jpg?resize=400%2C303&amp;ssl=1 400w\" width=\"143\" height=\"109\" loading=\"lazy\" data-original-width=\"143\" data-original-height=\"109\" itemprop=\"http:\/\/schema.org\/image\" title=\"Desfile1\" alt=\"ORGULLO.- Dentro del contexto de la celebraci\u00f3n del 87\u00b0 Aniversario de Carabineros de Chile, decenas de uniformados desfilaron este martes por las calles de nuestra ciudad.\" style=\"width: 143px; height: 109px;\" \/> <\/a> <div class=\"tiled-gallery-caption\" itemprop=\"caption description\"> ORGULLO.- Dentro del contexto de la celebraci\u00f3n del 87\u00b0 Aniversario de Carabineros de Chile, decenas de uniformados desfilaron este martes por las calles de nuestra ciudad. <\/div> <\/div> <\/div> <!-- close group --> <div class=\"gallery-group images-1\" style=\"width: 167px; height: 113px;\" data-original-width=\"167\" data-original-height=\"113\" > <div class=\"tiled-gallery-item tiled-gallery-item-small\" itemprop=\"associatedMedia\" itemscope itemtype=\"http:\/\/schema.org\/ImageObject\"> <a href=\"https:\/\/eltrabajo.cl\/portal\/miles-disfrutaron-del-acto-civico-militar-en-honor-a-los-87-anos-de-carabineros\/liceo-cordillera-2\/\" border=\"0\" itemprop=\"url\"> <meta itemprop=\"width\" content=\"163\"> <meta itemprop=\"height\" content=\"109\"> <img decoding=\"async\" class=\"\" data-attachment-id=\"45745\" data-orig-file=\"https:\/\/eltrabajo.cl\/portal\/wp-content\/uploads\/2014\/04\/Liceo-Cordillera.jpg\" data-orig-size=\"529,353\" data-comments-opened=\"1\" data-image-meta=\"{&quot;aperture&quot;:&quot;4.5&quot;,&quot;credit&quot;:&quot;&quot;,&quot;camera&quot;:&quot;COOLPIX P90&quot;,&quot;caption&quot;:&quot;&quot;,&quot;created_timestamp&quot;:&quot;1398172727&quot;,&quot;copyright&quot;:&quot;&quot;,&quot;focal_length&quot;:&quot;4.6&quot;,&quot;iso&quot;:&quot;64&quot;,&quot;shutter_speed&quot;:&quot;0.0054914881933004&quot;,&quot;title&quot;:&quot;&quot;}\" data-image-title=\"Liceo Cordillera\" data-image-description=\"&lt;p&gt;EL CORDILLERA.- El Liceo Bicentenario Cordillera de San Felipe hizo honor a su nombre y ofreci\u00f3 una presentaci\u00f3n de Excelencia en terreno.&lt;\/p&gt; \" data-medium-file=\"https:\/\/i0.wp.com\/eltrabajo.cl\/portal\/wp-content\/uploads\/2014\/04\/Liceo-Cordillera.jpg?fit=300%2C200&#038;ssl=1\" data-large-file=\"https:\/\/i0.wp.com\/eltrabajo.cl\/portal\/wp-content\/uploads\/2014\/04\/Liceo-Cordillera.jpg?fit=529%2C353&#038;ssl=1\" src=\"https:\/\/i0.wp.com\/eltrabajo.cl\/portal\/wp-content\/uploads\/2014\/04\/Liceo-Cordillera.jpg?w=163&#038;h=109&#038;ssl=1\" srcset=\"https:\/\/i0.wp.com\/eltrabajo.cl\/portal\/wp-content\/uploads\/2014\/04\/Liceo-Cordillera.jpg?w=529&amp;ssl=1 529w, https:\/\/i0.wp.com\/eltrabajo.cl\/portal\/wp-content\/uploads\/2014\/04\/Liceo-Cordillera.jpg?resize=200%2C133&amp;ssl=1 200w, https:\/\/i0.wp.com\/eltrabajo.cl\/portal\/wp-content\/uploads\/2014\/04\/Liceo-Cordillera.jpg?resize=300%2C200&amp;ssl=1 300w, https:\/\/i0.wp.com\/eltrabajo.cl\/portal\/wp-content\/uploads\/2014\/04\/Liceo-Cordillera.jpg?resize=150%2C100&amp;ssl=1 150w, https:\/\/i0.wp.com\/eltrabajo.cl\/portal\/wp-content\/uploads\/2014\/04\/Liceo-Cordillera.jpg?resize=400%2C266&amp;ssl=1 400w\" width=\"163\" height=\"109\" loading=\"lazy\" data-original-width=\"163\" data-original-height=\"109\" itemprop=\"http:\/\/schema.org\/image\" title=\"Liceo Cordillera\" alt=\"EL CORDILLERA.- El Liceo Bicentenario Cordillera de San Felipe hizo honor a su nombre y ofreci\u00f3 una presentaci\u00f3n de Excelencia en terreno.\" style=\"width: 163px; height: 109px;\" \/> <\/a> <div class=\"tiled-gallery-caption\" itemprop=\"caption description\"> EL CORDILLERA.- El Liceo Bicentenario Cordillera de San Felipe hizo honor a su nombre y ofreci\u00f3 una presentaci\u00f3n de Excelencia en terreno. <\/div> <\/div> <\/div> <!-- close group --> <div class=\"gallery-group images-1\" style=\"width: 178px; height: 113px;\" data-original-width=\"178\" data-original-height=\"113\" > <div class=\"tiled-gallery-item tiled-gallery-item-small\" itemprop=\"associatedMedia\" itemscope itemtype=\"http:\/\/schema.org\/ImageObject\"> <a href=\"https:\/\/eltrabajo.cl\/portal\/miles-disfrutaron-del-acto-civico-militar-en-honor-a-los-87-anos-de-carabineros\/motorizados1\/\" border=\"0\" itemprop=\"url\"> <meta itemprop=\"width\" content=\"174\"> <meta itemprop=\"height\" content=\"109\"> <img decoding=\"async\" class=\"\" data-attachment-id=\"45746\" data-orig-file=\"https:\/\/eltrabajo.cl\/portal\/wp-content\/uploads\/2014\/04\/Motorizados1.jpg\" data-orig-size=\"528,330\" data-comments-opened=\"1\" data-image-meta=\"{&quot;aperture&quot;:&quot;4&quot;,&quot;credit&quot;:&quot;&quot;,&quot;camera&quot;:&quot;COOLPIX P90&quot;,&quot;caption&quot;:&quot;&quot;,&quot;created_timestamp&quot;:&quot;1398171714&quot;,&quot;copyright&quot;:&quot;&quot;,&quot;focal_length&quot;:&quot;5.9&quot;,&quot;iso&quot;:&quot;64&quot;,&quot;shutter_speed&quot;:&quot;0.0046082949308756&quot;,&quot;title&quot;:&quot;&quot;}\" data-image-title=\"Motorizados1\" data-image-description=\"&lt;p&gt;MOTORIZADOS.- La Polic\u00eda motorizada de Carabineros desfilaron en sus flamantes motocicletas ante un p\u00fablico siempre regal\u00f3n con sus aplausos.&lt;\/p&gt; \" data-medium-file=\"https:\/\/i0.wp.com\/eltrabajo.cl\/portal\/wp-content\/uploads\/2014\/04\/Motorizados1.jpg?fit=300%2C187&#038;ssl=1\" data-large-file=\"https:\/\/i0.wp.com\/eltrabajo.cl\/portal\/wp-content\/uploads\/2014\/04\/Motorizados1.jpg?fit=528%2C330&#038;ssl=1\" src=\"https:\/\/i0.wp.com\/eltrabajo.cl\/portal\/wp-content\/uploads\/2014\/04\/Motorizados1.jpg?w=174&#038;h=109&#038;ssl=1\" srcset=\"https:\/\/i0.wp.com\/eltrabajo.cl\/portal\/wp-content\/uploads\/2014\/04\/Motorizados1.jpg?w=528&amp;ssl=1 528w, https:\/\/i0.wp.com\/eltrabajo.cl\/portal\/wp-content\/uploads\/2014\/04\/Motorizados1.jpg?resize=200%2C125&amp;ssl=1 200w, https:\/\/i0.wp.com\/eltrabajo.cl\/portal\/wp-content\/uploads\/2014\/04\/Motorizados1.jpg?resize=300%2C187&amp;ssl=1 300w, https:\/\/i0.wp.com\/eltrabajo.cl\/portal\/wp-content\/uploads\/2014\/04\/Motorizados1.jpg?resize=150%2C93&amp;ssl=1 150w, https:\/\/i0.wp.com\/eltrabajo.cl\/portal\/wp-content\/uploads\/2014\/04\/Motorizados1.jpg?resize=400%2C250&amp;ssl=1 400w\" width=\"174\" height=\"109\" loading=\"lazy\" data-original-width=\"174\" data-original-height=\"109\" itemprop=\"http:\/\/schema.org\/image\" title=\"Motorizados1\" alt=\"MOTORIZADOS.- La Polic\u00eda motorizada de Carabineros desfilaron en sus flamantes motocicletas ante un p\u00fablico siempre regal\u00f3n con sus aplausos.\" style=\"width: 174px; height: 109px;\" \/> <\/a> <div class=\"tiled-gallery-caption\" itemprop=\"caption description\"> MOTORIZADOS.- La Polic\u00eda motorizada de Carabineros desfilaron en sus flamantes motocicletas ante un p\u00fablico siempre regal\u00f3n con sus aplausos. <\/div> <\/div> <\/div> <!-- close group --> <div class=\"gallery-group images-1\" style=\"width: 148px; height: 113px;\" data-original-width=\"148\" data-original-height=\"113\" > <div class=\"tiled-gallery-item tiled-gallery-item-small\" itemprop=\"associatedMedia\" itemscope itemtype=\"http:\/\/schema.org\/ImageObject\"> <a href=\"https:\/\/eltrabajo.cl\/portal\/miles-disfrutaron-del-acto-civico-militar-en-honor-a-los-87-anos-de-carabineros\/peques1-2\/\" border=\"0\" itemprop=\"url\"> <meta itemprop=\"width\" content=\"144\"> <meta itemprop=\"height\" content=\"109\"> <img decoding=\"async\" class=\"\" data-attachment-id=\"45747\" data-orig-file=\"https:\/\/eltrabajo.cl\/portal\/wp-content\/uploads\/2014\/04\/Peques1.jpg\" data-orig-size=\"529,401\" data-comments-opened=\"1\" data-image-meta=\"{&quot;aperture&quot;:&quot;3.5&quot;,&quot;credit&quot;:&quot;&quot;,&quot;camera&quot;:&quot;COOLPIX P90&quot;,&quot;caption&quot;:&quot;&quot;,&quot;created_timestamp&quot;:&quot;1398167312&quot;,&quot;copyright&quot;:&quot;&quot;,&quot;focal_length&quot;:&quot;9.2&quot;,&quot;iso&quot;:&quot;183&quot;,&quot;shutter_speed&quot;:&quot;0.013192612137203&quot;,&quot;title&quot;:&quot;&quot;}\" data-image-title=\"Peques1\" data-image-description=\"&lt;p&gt;ALEGRES.- Peques y grandes lo pasaron felices y llenos de curiosidad aplaudieron durante todo el desfile.&lt;\/p&gt; \" data-medium-file=\"https:\/\/i0.wp.com\/eltrabajo.cl\/portal\/wp-content\/uploads\/2014\/04\/Peques1.jpg?fit=300%2C227&#038;ssl=1\" data-large-file=\"https:\/\/i0.wp.com\/eltrabajo.cl\/portal\/wp-content\/uploads\/2014\/04\/Peques1.jpg?fit=529%2C401&#038;ssl=1\" src=\"https:\/\/i0.wp.com\/eltrabajo.cl\/portal\/wp-content\/uploads\/2014\/04\/Peques1.jpg?w=144&#038;h=109&#038;ssl=1\" srcset=\"https:\/\/i0.wp.com\/eltrabajo.cl\/portal\/wp-content\/uploads\/2014\/04\/Peques1.jpg?w=529&amp;ssl=1 529w, https:\/\/i0.wp.com\/eltrabajo.cl\/portal\/wp-content\/uploads\/2014\/04\/Peques1.jpg?resize=197%2C150&amp;ssl=1 197w, https:\/\/i0.wp.com\/eltrabajo.cl\/portal\/wp-content\/uploads\/2014\/04\/Peques1.jpg?resize=300%2C227&amp;ssl=1 300w, https:\/\/i0.wp.com\/eltrabajo.cl\/portal\/wp-content\/uploads\/2014\/04\/Peques1.jpg?resize=150%2C113&amp;ssl=1 150w, https:\/\/i0.wp.com\/eltrabajo.cl\/portal\/wp-content\/uploads\/2014\/04\/Peques1.jpg?resize=400%2C303&amp;ssl=1 400w\" width=\"144\" height=\"109\" loading=\"lazy\" data-original-width=\"144\" data-original-height=\"109\" itemprop=\"http:\/\/schema.org\/image\" title=\"Peques1\" alt=\"ALEGRES.- Peques y grandes lo pasaron felices y llenos de curiosidad aplaudieron durante todo el desfile.\" style=\"width: 144px; height: 109px;\" \/> <\/a> <div class=\"tiled-gallery-caption\" itemprop=\"caption description\"> ALEGRES.- Peques y grandes lo pasaron felices y llenos de curiosidad aplaudieron durante todo el desfile. <\/div> <\/div> <\/div> <!-- close group --> <\/div> <!-- close row --> <\/div>\n<p>&nbsp;<\/p>\n","protected":false},"excerpt":{"rendered":"<p>Si bien esta celebraci\u00f3n es oficialmente el d\u00eda 27 de abril, la Prefectura de Carabineros de Aconcagua realiz\u00f3 este martes la celebraci\u00f3n del ya t\u00edpico acto c\u00edvico-militar que conmemora y hace homenaje&#8230;<\/p>\n","protected":false},"author":482,"featured_media":45740,"comment_status":"open","ping_status":"closed","sticky":false,"template":"","format":"standard","meta":{"advanced_seo_description":"","jetpack_seo_html_title":"","jetpack_seo_noindex":false,"_jetpack_memberships_contains_paid_content":false,"footnotes":""},"categories":[15],"tags":[],"class_list":["post-45739","post","type-post","status-publish","format-standard","has-post-thumbnail","hentry","category-comunidad"],"jetpack_featured_media_url":"https:\/\/i0.wp.com\/eltrabajo.cl\/portal\/wp-content\/uploads\/2014\/04\/Autoridades1.jpg?fit=529%2C401&ssl=1","jetpack_sharing_enabled":true,"jetpack_likes_enabled":true,"jetpack-related-posts":[],"_links":{"self":[{"href":"https:\/\/eltrabajo.cl\/portal\/wp-json\/wp\/v2\/posts\/45739","targetHints":{"allow":["GET"]}}],"collection":[{"href":"https:\/\/eltrabajo.cl\/portal\/wp-json\/wp\/v2\/posts"}],"about":[{"href":"https:\/\/eltrabajo.cl\/portal\/wp-json\/wp\/v2\/types\/post"}],"author":[{"embeddable":true,"href":"https:\/\/eltrabajo.cl\/portal\/wp-json\/wp\/v2\/users\/482"}],"replies":[{"embeddable":true,"href":"https:\/\/eltrabajo.cl\/portal\/wp-json\/wp\/v2\/comments?post=45739"}],"version-history":[{"count":0,"href":"https:\/\/eltrabajo.cl\/portal\/wp-json\/wp\/v2\/posts\/45739\/revisions"}],"wp:featuredmedia":[{"embeddable":true,"href":"https:\/\/eltrabajo.cl\/portal\/wp-json\/wp\/v2\/media\/45740"}],"wp:attachment":[{"href":"https:\/\/eltrabajo.cl\/portal\/wp-json\/wp\/v2\/media?parent=45739"}],"wp:term":[{"taxonomy":"category","embeddable":true,"href":"https:\/\/eltrabajo.cl\/portal\/wp-json\/wp\/v2\/categories?post=45739"},{"taxonomy":"post_tag","embeddable":true,"href":"https:\/\/eltrabajo.cl\/portal\/wp-json\/wp\/v2\/tags?post=45739"}],"curies":[{"name":"wp","href":"https:\/\/api.w.org\/{rel}","templated":true}]}}