{"id":45750,"date":"2014-04-23T10:01:17","date_gmt":"2014-04-23T13:01:17","guid":{"rendered":"http:\/\/www.eltrabajo.cl\/portal\/?p=45750"},"modified":"2014-04-23T10:01:17","modified_gmt":"2014-04-23T13:01:17","slug":"gobernador-anuncia-que-solicitara-mas-carabineros-para-enfrentar-delincuencia","status":"publish","type":"post","link":"https:\/\/eltrabajo.cl\/portal\/gobernador-anuncia-que-solicitara-mas-carabineros-para-enfrentar-delincuencia\/","title":{"rendered":"Gobernador anuncia que solicitar\u00e1 m\u00e1s carabineros para enfrentar delincuencia"},"content":{"rendered":"<figure id=\"attachment_45751\" aria-describedby=\"caption-attachment-45751\" style=\"width: 317px\" class=\"wp-caption alignleft\"><a href=\"https:\/\/i0.wp.com\/www.eltrabajo.cl\/portal\/wp-content\/uploads\/2014\/04\/eduardo-leon.jpg\"><img data-recalc-dims=\"1\" loading=\"lazy\" decoding=\"async\" class=\" wp-image-45751 \" alt=\"Gobernador de San Felipe, Eduardo Le\u00f3n.\" src=\"https:\/\/i0.wp.com\/www.eltrabajo.cl\/portal\/wp-content\/uploads\/2014\/04\/eduardo-leon.jpg?resize=317%2C241\" width=\"317\" height=\"241\" srcset=\"https:\/\/i0.wp.com\/eltrabajo.cl\/portal\/wp-content\/uploads\/2014\/04\/eduardo-leon.jpg?w=529&amp;ssl=1 529w, https:\/\/i0.wp.com\/eltrabajo.cl\/portal\/wp-content\/uploads\/2014\/04\/eduardo-leon.jpg?resize=197%2C150&amp;ssl=1 197w, https:\/\/i0.wp.com\/eltrabajo.cl\/portal\/wp-content\/uploads\/2014\/04\/eduardo-leon.jpg?resize=300%2C227&amp;ssl=1 300w, https:\/\/i0.wp.com\/eltrabajo.cl\/portal\/wp-content\/uploads\/2014\/04\/eduardo-leon.jpg?resize=150%2C113&amp;ssl=1 150w, https:\/\/i0.wp.com\/eltrabajo.cl\/portal\/wp-content\/uploads\/2014\/04\/eduardo-leon.jpg?resize=400%2C303&amp;ssl=1 400w\" sizes=\"auto, (max-width: 317px) 100vw, 317px\" \/><\/a><figcaption id=\"caption-attachment-45751\" class=\"wp-caption-text\">Gobernador de San Felipe, Eduardo Le\u00f3n.<\/figcaption><\/figure>\n<p>El Gobernador de San Felipe, Eduardo Le\u00f3n, manifest\u00f3 su preocupaci\u00f3n frente a la seguidilla de robos que se han concatenado en la cabecera de provincia durante las \u00faltimas semanas. Al respecto, la autoridad provincial dijo que \u201cquiero comentarles que nosotros estamos con Carabineros en reuni\u00f3n permanente y coordinaci\u00f3n y an\u00e1lisis de esta situaci\u00f3n\u201d, haciendo hincapi\u00e9 en que durante la pr\u00f3xima semana se reunir\u00e1 tambi\u00e9n con los medios de comunicaci\u00f3n, con el fin de que estas observaciones sean a\u00fan m\u00e1s completas, comprendiendo los or\u00edgenes de lo que est\u00e1 sucediendo y poder as\u00ed tambi\u00e9n prevenir.<\/p>\n<p>As\u00ed tambi\u00e9n remarc\u00f3 que las reuniones son tanto con Carabineros como PDI, y que en ellas se est\u00e1 haciendo el an\u00e1lisis no s\u00f3lo de la situaci\u00f3n, sino la g\u00e9nesis de esta situaci\u00f3n, as\u00ed como quienes son, d\u00f3nde se encontrar\u00edan, lo que permitir\u00e1 a la larga poder tomar las mejores medidas al respecto.<\/p>\n<p>Le\u00f3n sostuvo que las medidas que fueron tomadas anteriormente, ya se implementaron. \u201cUstedes pueden ver que hay patrullaje nocturno de PDI y Carabineros, pero tenemos que obviamente ir aumentando y modificando hasta poder tener \u00e9xito\u201d, agregando que \u201ces verdad lo que siente la comunidad. Hay m\u00e1s delitos que el a\u00f1o pasado porcentualmente, y eso es necesario reunirse con los medios para transparentar las cifras\u201d.<\/p>\n<p>Consultado respecto al contingente policial existente en la zona, el gobernador opin\u00f3 que \u201cyo estimo que Carabineros deber\u00eda tener un refuerzo, en sus equipos y en su personal y eso es responsabilidad m\u00eda. Yo voy a ir al gobierno central a solicitar m\u00e1s respaldo, m\u00e1s elementos a Carabineros para poder hacer bien su labor.<\/p>\n<p>&nbsp;<\/p>\n","protected":false},"excerpt":{"rendered":"<p>El Gobernador de San Felipe, Eduardo Le\u00f3n, manifest\u00f3 su preocupaci\u00f3n frente a la seguidilla de robos que se han concatenado en la cabecera de provincia durante las \u00faltimas semanas. Al respecto, la&#8230;<\/p>\n","protected":false},"author":482,"featured_media":45751,"comment_status":"open","ping_status":"closed","sticky":false,"template":"","format":"standard","meta":{"advanced_seo_description":"","jetpack_seo_html_title":"","jetpack_seo_noindex":false,"_jetpack_memberships_contains_paid_content":false,"footnotes":""},"categories":[1],"tags":[],"class_list":["post-45750","post","type-post","status-publish","format-standard","has-post-thumbnail","hentry","category-cronica"],"jetpack_featured_media_url":"https:\/\/i0.wp.com\/eltrabajo.cl\/portal\/wp-content\/uploads\/2014\/04\/eduardo-leon.jpg?fit=529%2C401&ssl=1","jetpack_sharing_enabled":true,"jetpack_likes_enabled":true,"jetpack-related-posts":[],"_links":{"self":[{"href":"https:\/\/eltrabajo.cl\/portal\/wp-json\/wp\/v2\/posts\/45750","targetHints":{"allow":["GET"]}}],"collection":[{"href":"https:\/\/eltrabajo.cl\/portal\/wp-json\/wp\/v2\/posts"}],"about":[{"href":"https:\/\/eltrabajo.cl\/portal\/wp-json\/wp\/v2\/types\/post"}],"author":[{"embeddable":true,"href":"https:\/\/eltrabajo.cl\/portal\/wp-json\/wp\/v2\/users\/482"}],"replies":[{"embeddable":true,"href":"https:\/\/eltrabajo.cl\/portal\/wp-json\/wp\/v2\/comments?post=45750"}],"version-history":[{"count":0,"href":"https:\/\/eltrabajo.cl\/portal\/wp-json\/wp\/v2\/posts\/45750\/revisions"}],"wp:featuredmedia":[{"embeddable":true,"href":"https:\/\/eltrabajo.cl\/portal\/wp-json\/wp\/v2\/media\/45751"}],"wp:attachment":[{"href":"https:\/\/eltrabajo.cl\/portal\/wp-json\/wp\/v2\/media?parent=45750"}],"wp:term":[{"taxonomy":"category","embeddable":true,"href":"https:\/\/eltrabajo.cl\/portal\/wp-json\/wp\/v2\/categories?post=45750"},{"taxonomy":"post_tag","embeddable":true,"href":"https:\/\/eltrabajo.cl\/portal\/wp-json\/wp\/v2\/tags?post=45750"}],"curies":[{"name":"wp","href":"https:\/\/api.w.org\/{rel}","templated":true}]}}