{"id":45754,"date":"2014-04-23T10:02:40","date_gmt":"2014-04-23T13:02:40","guid":{"rendered":"http:\/\/www.eltrabajo.cl\/portal\/?p=45754"},"modified":"2014-04-23T10:02:40","modified_gmt":"2014-04-23T13:02:40","slug":"prefecto-de-carabineros-coronel-marcelo-duran-estamos-trabajando-para-que-no-exista-temor-ciudadano","status":"publish","type":"post","link":"https:\/\/eltrabajo.cl\/portal\/prefecto-de-carabineros-coronel-marcelo-duran-estamos-trabajando-para-que-no-exista-temor-ciudadano\/","title":{"rendered":"Prefecto de Carabineros, Coronel Marcelo Dur\u00e1n: \u00abEstamos trabajando para que no exista temor ciudadano\u00bb"},"content":{"rendered":"<figure id=\"attachment_45755\" aria-describedby=\"caption-attachment-45755\" style=\"width: 317px\" class=\"wp-caption alignleft\"><a href=\"https:\/\/i0.wp.com\/www.eltrabajo.cl\/portal\/wp-content\/uploads\/2014\/04\/Duran1.jpg\"><img data-recalc-dims=\"1\" loading=\"lazy\" decoding=\"async\" class=\" wp-image-45755 \" alt=\"Prefecto de Carabineros de Aconcagua, Coronel Marcelo Dur\u00e1n.\" src=\"https:\/\/i0.wp.com\/www.eltrabajo.cl\/portal\/wp-content\/uploads\/2014\/04\/Duran1.jpg?resize=317%2C240\" width=\"317\" height=\"240\" srcset=\"https:\/\/i0.wp.com\/eltrabajo.cl\/portal\/wp-content\/uploads\/2014\/04\/Duran1.jpg?w=528&amp;ssl=1 528w, https:\/\/i0.wp.com\/eltrabajo.cl\/portal\/wp-content\/uploads\/2014\/04\/Duran1.jpg?resize=198%2C150&amp;ssl=1 198w, https:\/\/i0.wp.com\/eltrabajo.cl\/portal\/wp-content\/uploads\/2014\/04\/Duran1.jpg?resize=300%2C227&amp;ssl=1 300w, https:\/\/i0.wp.com\/eltrabajo.cl\/portal\/wp-content\/uploads\/2014\/04\/Duran1.jpg?resize=150%2C113&amp;ssl=1 150w, https:\/\/i0.wp.com\/eltrabajo.cl\/portal\/wp-content\/uploads\/2014\/04\/Duran1.jpg?resize=400%2C303&amp;ssl=1 400w\" sizes=\"auto, (max-width: 317px) 100vw, 317px\" \/><\/a><figcaption id=\"caption-attachment-45755\" class=\"wp-caption-text\">Prefecto de Carabineros de Aconcagua, Coronel Marcelo Dur\u00e1n.<\/figcaption><\/figure>\n<p>Dentro del contexto de la celebraci\u00f3n del 87\u00b0 Aniversario de Carabineros de Chile, que se efect\u00faan este mes de abril, y en la contingencia de la oleada de robos acaecida en la comuna, el Prefecto de Carabineros de Aconcagua, Coronel Marcelo Dur\u00e1n, se refiri\u00f3 al incremento del contingente policial. Seg\u00fan lo manifestado por Dur\u00e1n, en este a\u00f1o en espec\u00edfico la Segunda Comisar\u00eda de San Felipe recibi\u00f3 un incremento de m\u00e1s de 30 efectivos, sin embargo y tras la percepci\u00f3n de la comunidad de falta de contingente as\u00ed como de inseguridad, el prefecto indic\u00f3 lo que sucede con este nuevo contingente es que \u201cesos carabineros que son reci\u00e9n egresados, necesitan ser monitoreados y, puntualmente, necesitan tener un monitor. Por lo tanto no se ve su presencia masiva porque tienen que estar con un monitor al lado\u201d.<\/p>\n<p><strong>INVISIBILIDAD<\/strong><\/p>\n<p>A\u00fan cuando este contingente a\u00fan no se \u2018ver\u00eda\u2019 por parte de la comunidad, el Prefecto Dur\u00e1n expres\u00f3 que espera que para el segundo semestre de este a\u00f1o la comunidad ya pueda ver la presencia m\u00e1s desplegada de estos nuevos carabineros, que se incrementaron durante este a\u00f1o 2014. Adem\u00e1s el prefecto manifest\u00f3 que coment\u00f3 el nuevo gobierno dise\u00f1\u00f3 una estrategia que se denomina \u2018seguridad para todos\u2019 que abarcar\u00e1 desde el 2015 al 2018 y que abarcar\u00e1 nuevas estrategias y nuevos Modus Operandis para de alguna forma contener el flagelo de la delincuencia.<\/p>\n<p>Para finalizar, el prefecto envi\u00f3 un mensaje a la comunidad respecto a la sensaci\u00f3n de inseguridad que se ha producido tras la seguidilla de robos, de los cuales ha sido v\u00edctima San Felipe, \u201csus carabineros estamos laborando para que esto de alguna forma no se convierta en un temor ciudadano\u201d, finaliz\u00f3 Dur\u00e1n.<\/p>\n","protected":false},"excerpt":{"rendered":"<p>Dentro del contexto de la celebraci\u00f3n del 87\u00b0 Aniversario de Carabineros de Chile, que se efect\u00faan este mes de abril, y en la contingencia de la oleada de robos acaecida en la&#8230;<\/p>\n","protected":false},"author":482,"featured_media":45755,"comment_status":"open","ping_status":"closed","sticky":false,"template":"","format":"standard","meta":{"advanced_seo_description":"","jetpack_seo_html_title":"","jetpack_seo_noindex":false,"_jetpack_memberships_contains_paid_content":false,"footnotes":""},"categories":[1],"tags":[],"class_list":["post-45754","post","type-post","status-publish","format-standard","has-post-thumbnail","hentry","category-cronica"],"jetpack_featured_media_url":"https:\/\/i0.wp.com\/eltrabajo.cl\/portal\/wp-content\/uploads\/2014\/04\/Duran1.jpg?fit=528%2C400&ssl=1","jetpack_sharing_enabled":true,"jetpack_likes_enabled":true,"jetpack-related-posts":[],"_links":{"self":[{"href":"https:\/\/eltrabajo.cl\/portal\/wp-json\/wp\/v2\/posts\/45754","targetHints":{"allow":["GET"]}}],"collection":[{"href":"https:\/\/eltrabajo.cl\/portal\/wp-json\/wp\/v2\/posts"}],"about":[{"href":"https:\/\/eltrabajo.cl\/portal\/wp-json\/wp\/v2\/types\/post"}],"author":[{"embeddable":true,"href":"https:\/\/eltrabajo.cl\/portal\/wp-json\/wp\/v2\/users\/482"}],"replies":[{"embeddable":true,"href":"https:\/\/eltrabajo.cl\/portal\/wp-json\/wp\/v2\/comments?post=45754"}],"version-history":[{"count":0,"href":"https:\/\/eltrabajo.cl\/portal\/wp-json\/wp\/v2\/posts\/45754\/revisions"}],"wp:featuredmedia":[{"embeddable":true,"href":"https:\/\/eltrabajo.cl\/portal\/wp-json\/wp\/v2\/media\/45755"}],"wp:attachment":[{"href":"https:\/\/eltrabajo.cl\/portal\/wp-json\/wp\/v2\/media?parent=45754"}],"wp:term":[{"taxonomy":"category","embeddable":true,"href":"https:\/\/eltrabajo.cl\/portal\/wp-json\/wp\/v2\/categories?post=45754"},{"taxonomy":"post_tag","embeddable":true,"href":"https:\/\/eltrabajo.cl\/portal\/wp-json\/wp\/v2\/tags?post=45754"}],"curies":[{"name":"wp","href":"https:\/\/api.w.org\/{rel}","templated":true}]}}