{"id":45785,"date":"2014-04-24T09:23:55","date_gmt":"2014-04-24T12:23:55","guid":{"rendered":"http:\/\/www.eltrabajo.cl\/portal\/?p=45785"},"modified":"2014-04-24T09:23:55","modified_gmt":"2014-04-24T12:23:55","slug":"tras-gira-folklorica-a-uruguay-bafova-regresa-a-chile-coronado-de-triunfos-artisticos","status":"publish","type":"post","link":"https:\/\/eltrabajo.cl\/portal\/tras-gira-folklorica-a-uruguay-bafova-regresa-a-chile-coronado-de-triunfos-artisticos\/","title":{"rendered":"Tras gira folkl\u00f3rica a Uruguay: Bafova regresa a Chile coronado de triunfos art\u00edsticos"},"content":{"rendered":"<figure id=\"attachment_45786\" aria-describedby=\"caption-attachment-45786\" style=\"width: 529px\" class=\"wp-caption alignnone\"><a href=\"https:\/\/i0.wp.com\/www.eltrabajo.cl\/portal\/wp-content\/uploads\/2014\/04\/Bafova11.jpg\"><img data-recalc-dims=\"1\" loading=\"lazy\" decoding=\"async\" class=\"size-full wp-image-45786\" alt=\"CALIDAD DE EXPORTACI\u00d3N.- Nuestros bailarines sanfelipe\u00f1os coronaron de \u00e9xito cada una de sus presentaciones en Uruguay.\" src=\"https:\/\/i0.wp.com\/www.eltrabajo.cl\/portal\/wp-content\/uploads\/2014\/04\/Bafova11.jpg?resize=529%2C302\" width=\"529\" height=\"302\" srcset=\"https:\/\/i0.wp.com\/eltrabajo.cl\/portal\/wp-content\/uploads\/2014\/04\/Bafova11.jpg?w=529&amp;ssl=1 529w, https:\/\/i0.wp.com\/eltrabajo.cl\/portal\/wp-content\/uploads\/2014\/04\/Bafova11.jpg?resize=200%2C114&amp;ssl=1 200w, https:\/\/i0.wp.com\/eltrabajo.cl\/portal\/wp-content\/uploads\/2014\/04\/Bafova11.jpg?resize=300%2C171&amp;ssl=1 300w, https:\/\/i0.wp.com\/eltrabajo.cl\/portal\/wp-content\/uploads\/2014\/04\/Bafova11.jpg?resize=150%2C85&amp;ssl=1 150w, https:\/\/i0.wp.com\/eltrabajo.cl\/portal\/wp-content\/uploads\/2014\/04\/Bafova11.jpg?resize=400%2C228&amp;ssl=1 400w\" sizes=\"auto, (max-width: 529px) 100vw, 529px\" \/><\/a><figcaption id=\"caption-attachment-45786\" class=\"wp-caption-text\">CALIDAD DE EXPORTACI\u00d3N.- Nuestros bailarines sanfelipe\u00f1os coronaron de \u00e9xito cada una de sus presentaciones en Uruguay.<\/figcaption><\/figure>\n<p>Con alumnos de la Escuela Jos\u00e9 De San Mart\u00edn y del Sistema de Educaci\u00f3n Municipal, el Bafova regresa de una exitosa gira internacional por diferentes escenarios y ciudades del Uruguay, actividad organizada por el Ballet Estampas Criollas de ese pa\u00eds hermano. Nuestros embajadores del folklore se presentaron en diferentes escenarios y teatros de Montevideo; Atl\u00e1ntida; Las Piedras Canelones y en el Festival Internacional del Parque Roosevelt, adem\u00e1s de ser parte de la 89\u00aa Semana Criolla Fiesta Nacional Costumbrista.<\/p>\n<p>La gira se inici\u00f3 el domingo 13 de abril y finaliz\u00f3 el d\u00eda 20, all\u00e1 fueron recibidos por la primera autoridad de la ciudad, el Alcalde Wilfredo Rom\u00e1n junto al Gobernador Marcos Carambula.<\/p>\n<figure id=\"attachment_45787\" aria-describedby=\"caption-attachment-45787\" style=\"width: 422px\" class=\"wp-caption alignright\"><a href=\"https:\/\/i0.wp.com\/www.eltrabajo.cl\/portal\/wp-content\/uploads\/2014\/04\/Estampas1.jpg\"><img data-recalc-dims=\"1\" loading=\"lazy\" decoding=\"async\" class=\" wp-image-45787 \" alt=\"ANFITRIONES.- La agrupaci\u00f3n anfitriona, Ballet Estampas Criollas, brill\u00f3 tambi\u00e9n con luz propia, ellos fueron serviciales, atentos y protocolarios para con nuestra delegaci\u00f3n sanfelipe\u00f1a.\" src=\"https:\/\/i0.wp.com\/www.eltrabajo.cl\/portal\/wp-content\/uploads\/2014\/04\/Estampas1.jpg?resize=422%2C321\" width=\"422\" height=\"321\" srcset=\"https:\/\/i0.wp.com\/eltrabajo.cl\/portal\/wp-content\/uploads\/2014\/04\/Estampas1.jpg?w=528&amp;ssl=1 528w, https:\/\/i0.wp.com\/eltrabajo.cl\/portal\/wp-content\/uploads\/2014\/04\/Estampas1.jpg?resize=197%2C150&amp;ssl=1 197w, https:\/\/i0.wp.com\/eltrabajo.cl\/portal\/wp-content\/uploads\/2014\/04\/Estampas1.jpg?resize=300%2C227&amp;ssl=1 300w, https:\/\/i0.wp.com\/eltrabajo.cl\/portal\/wp-content\/uploads\/2014\/04\/Estampas1.jpg?resize=150%2C113&amp;ssl=1 150w, https:\/\/i0.wp.com\/eltrabajo.cl\/portal\/wp-content\/uploads\/2014\/04\/Estampas1.jpg?resize=400%2C303&amp;ssl=1 400w\" sizes=\"auto, (max-width: 422px) 100vw, 422px\" \/><\/a><figcaption id=\"caption-attachment-45787\" class=\"wp-caption-text\">ANFITRIONES.- La agrupaci\u00f3n anfitriona, Ballet Estampas Criollas, brill\u00f3 tambi\u00e9n con luz propia, ellos fueron serviciales, atentos y protocolarios para con nuestra delegaci\u00f3n sanfelipe\u00f1a.<\/figcaption><\/figure>\n<p>La 89\u00aa Fiesta Nacional Criolla se da lugar en El Prado, con m\u00e1s de 80.000 personas y 15 escenarios itinerantes, el elenco aconcag\u00fcino dej\u00f3 en pleno una postal de Chile en cada propuesta, compartiendo con diversos grupos del pa\u00eds y artistas extranjeros.<\/p>\n<p>\u00abRealmente emocionado y feliz de poder hacer este tipo de intercambio y hacer estas redes de amistad, que tanto bien nos hacen en el \u00e1mbito del folklore y familiar, creo que estamos en el camino de hacer grandes proyectos en conjunto, no s\u00f3lo con los j\u00f3venes sino que el gran apoyo de quienes hacen posible este trabajo, que se desarrolla ininterrumpidamente desde hace 18 a\u00f1os\u00bb, coment\u00f3 Juan Cabrera Fuentes, Director del Bafova a Diario El Trabajo.<\/p>\n<p>Seg\u00fan Cabrera, esta gesti\u00f3n no se habr\u00eda logrado sin la ayuda de muchos auspiciadores directos o indirectos de nuestra provincia.<\/p>\n<p>\u00abAgradezco a Dios pos ser nuestro gu\u00eda; a nuestro Alcalde Patricio Freire; al Concejo Municipal; a la Daem; a la generosa ayuda de Don Juan Carlos Monasterio; Vi\u00f1a Err\u00e1zuriz Panquehue; Agr\u00edcola Bulnes; Skan Eventos; Maestros Express; LAN, Copec de Avenida O\u2019Higgins; Ba\u00fal de las manualidades; Tottus y muchos, m\u00e1s que fueron parte de este proceso\u00bb, agreg\u00f3 el funcionario.<\/p>\n<p>&nbsp;<\/p>\n","protected":false},"excerpt":{"rendered":"<p>Con alumnos de la Escuela Jos\u00e9 De San Mart\u00edn y del Sistema de Educaci\u00f3n Municipal, el Bafova regresa de una exitosa gira internacional por diferentes escenarios y ciudades del Uruguay, actividad organizada&#8230;<\/p>\n","protected":false},"author":482,"featured_media":45786,"comment_status":"open","ping_status":"closed","sticky":false,"template":"","format":"standard","meta":{"advanced_seo_description":"","jetpack_seo_html_title":"","jetpack_seo_noindex":false,"_jetpack_memberships_contains_paid_content":false,"footnotes":""},"categories":[15],"tags":[],"class_list":["post-45785","post","type-post","status-publish","format-standard","has-post-thumbnail","hentry","category-comunidad"],"jetpack_featured_media_url":"https:\/\/i0.wp.com\/eltrabajo.cl\/portal\/wp-content\/uploads\/2014\/04\/Bafova11.jpg?fit=529%2C302&ssl=1","jetpack_sharing_enabled":true,"jetpack_likes_enabled":true,"jetpack-related-posts":[],"_links":{"self":[{"href":"https:\/\/eltrabajo.cl\/portal\/wp-json\/wp\/v2\/posts\/45785","targetHints":{"allow":["GET"]}}],"collection":[{"href":"https:\/\/eltrabajo.cl\/portal\/wp-json\/wp\/v2\/posts"}],"about":[{"href":"https:\/\/eltrabajo.cl\/portal\/wp-json\/wp\/v2\/types\/post"}],"author":[{"embeddable":true,"href":"https:\/\/eltrabajo.cl\/portal\/wp-json\/wp\/v2\/users\/482"}],"replies":[{"embeddable":true,"href":"https:\/\/eltrabajo.cl\/portal\/wp-json\/wp\/v2\/comments?post=45785"}],"version-history":[{"count":0,"href":"https:\/\/eltrabajo.cl\/portal\/wp-json\/wp\/v2\/posts\/45785\/revisions"}],"wp:featuredmedia":[{"embeddable":true,"href":"https:\/\/eltrabajo.cl\/portal\/wp-json\/wp\/v2\/media\/45786"}],"wp:attachment":[{"href":"https:\/\/eltrabajo.cl\/portal\/wp-json\/wp\/v2\/media?parent=45785"}],"wp:term":[{"taxonomy":"category","embeddable":true,"href":"https:\/\/eltrabajo.cl\/portal\/wp-json\/wp\/v2\/categories?post=45785"},{"taxonomy":"post_tag","embeddable":true,"href":"https:\/\/eltrabajo.cl\/portal\/wp-json\/wp\/v2\/tags?post=45785"}],"curies":[{"name":"wp","href":"https:\/\/api.w.org\/{rel}","templated":true}]}}