{"id":45790,"date":"2014-04-24T09:25:24","date_gmt":"2014-04-24T12:25:24","guid":{"rendered":"http:\/\/www.eltrabajo.cl\/portal\/?p=45790"},"modified":"2014-04-24T09:25:24","modified_gmt":"2014-04-24T12:25:24","slug":"empresarios-locales-apoyan-a-jovenes-que-viajaron-a-ayudar-a-valparaiso","status":"publish","type":"post","link":"https:\/\/eltrabajo.cl\/portal\/empresarios-locales-apoyan-a-jovenes-que-viajaron-a-ayudar-a-valparaiso\/","title":{"rendered":"Empresarios locales apoyan a j\u00f3venes que viajaron a ayudar a Valpara\u00edso"},"content":{"rendered":"<figure id=\"attachment_45791\" aria-describedby=\"caption-attachment-45791\" style=\"width: 529px\" class=\"wp-caption alignnone\"><a href=\"https:\/\/i0.wp.com\/www.eltrabajo.cl\/portal\/wp-content\/uploads\/2014\/04\/CLara1.jpg\"><img data-recalc-dims=\"1\" loading=\"lazy\" decoding=\"async\" class=\"size-full wp-image-45791\" alt=\"M\u00e1s de 100 j\u00f3venes pudieron viajar a ayudar a Valpara\u00edso gracias a empresas como Vera Arcos, \u00c1ridos C\u00f3rdova y Transportes Guskar.\" src=\"https:\/\/i0.wp.com\/www.eltrabajo.cl\/portal\/wp-content\/uploads\/2014\/04\/CLara1.jpg?resize=529%2C357\" width=\"529\" height=\"357\" srcset=\"https:\/\/i0.wp.com\/eltrabajo.cl\/portal\/wp-content\/uploads\/2014\/04\/CLara1.jpg?w=529&amp;ssl=1 529w, https:\/\/i0.wp.com\/eltrabajo.cl\/portal\/wp-content\/uploads\/2014\/04\/CLara1.jpg?resize=200%2C134&amp;ssl=1 200w, https:\/\/i0.wp.com\/eltrabajo.cl\/portal\/wp-content\/uploads\/2014\/04\/CLara1.jpg?resize=300%2C202&amp;ssl=1 300w, https:\/\/i0.wp.com\/eltrabajo.cl\/portal\/wp-content\/uploads\/2014\/04\/CLara1.jpg?resize=150%2C101&amp;ssl=1 150w, https:\/\/i0.wp.com\/eltrabajo.cl\/portal\/wp-content\/uploads\/2014\/04\/CLara1.jpg?resize=400%2C269&amp;ssl=1 400w\" sizes=\"auto, (max-width: 529px) 100vw, 529px\" \/><\/a><figcaption id=\"caption-attachment-45791\" class=\"wp-caption-text\">M\u00e1s de 100 j\u00f3venes pudieron viajar a ayudar a Valpara\u00edso gracias a empresas como Vera Arcos, \u00c1ridos C\u00f3rdova y Transportes Guskar.<\/figcaption><\/figure>\n<p>Ante la magnitud de la tragedia ocurrida en Valpara\u00edso y la necesidad imperiosa de ir en ayuda de nuestros hermanos del puerto, empresarios sanfelipe\u00f1os han colaborado para que j\u00f3venes de la comuna hayan podido ir a dejar los art\u00edculos que lograron acopiar mediante diversas campa\u00f1as, adem\u00e1s de realizar trabajo como voluntarios retirando escombros en los lugares afectados. Empresa de Transportes Vera Arcos, \u00c1ridos C\u00f3rdova y Transportes Guskar han posibilitado que el aporte y el entusiasmo de los j\u00f3venes llegaran directamente a los afectados.<\/p>\n<p>J\u00f3venes estudiantes, t\u00e9cnicos y profesionales en formaci\u00f3n concurrieron gracias al aporte de las empresas sanfelipe\u00f1as. Carolina Lara, una de ellas, nos cuenta que al ver las im\u00e1genes por televisi\u00f3n qued\u00f3 profundamente impactada, ante lo cual no pod\u00eda mantenerse indiferente. Nos cuenta que comenzaron a juntar ayuda \u00aby gracias a la empresa Vera Arcos y \u00c1ridos C\u00f3rdova logramos viajar un grupo de m\u00e1s de 100 j\u00f3venes. No nos conoc\u00edamos, algunos eran de la U. de Valpara\u00edso y viajan en otro bus facilitado por estas empresas. Lo importante ac\u00e1 es que muchos j\u00f3venes de la comuna pudimos ayudar y estar en terreno con la gente que no lo est\u00e1 pasando bien en Valpara\u00edso y tampoco nos debemos olvidar del norte del pa\u00eds que tambi\u00e9n sufri\u00f3 por el terremoto. Esta experiencia es sin duda muy enriquecedora como joven y nos deja como ense\u00f1anza que no debemos estar indiferentes por la vida si uno puede ayudar, debe hacerlo sin dudar un segundo\u00bb.<\/p>\n<p>&nbsp;<\/p>\n","protected":false},"excerpt":{"rendered":"<p>Ante la magnitud de la tragedia ocurrida en Valpara\u00edso y la necesidad imperiosa de ir en ayuda de nuestros hermanos del puerto, empresarios sanfelipe\u00f1os han colaborado para que j\u00f3venes de la comuna&#8230;<\/p>\n","protected":false},"author":482,"featured_media":45791,"comment_status":"open","ping_status":"closed","sticky":false,"template":"","format":"standard","meta":{"advanced_seo_description":"","jetpack_seo_html_title":"","jetpack_seo_noindex":false,"_jetpack_memberships_contains_paid_content":false,"footnotes":""},"categories":[1],"tags":[],"class_list":["post-45790","post","type-post","status-publish","format-standard","has-post-thumbnail","hentry","category-cronica"],"jetpack_featured_media_url":"https:\/\/i0.wp.com\/eltrabajo.cl\/portal\/wp-content\/uploads\/2014\/04\/CLara1.jpg?fit=529%2C357&ssl=1","jetpack_sharing_enabled":true,"jetpack_likes_enabled":true,"jetpack-related-posts":[],"_links":{"self":[{"href":"https:\/\/eltrabajo.cl\/portal\/wp-json\/wp\/v2\/posts\/45790","targetHints":{"allow":["GET"]}}],"collection":[{"href":"https:\/\/eltrabajo.cl\/portal\/wp-json\/wp\/v2\/posts"}],"about":[{"href":"https:\/\/eltrabajo.cl\/portal\/wp-json\/wp\/v2\/types\/post"}],"author":[{"embeddable":true,"href":"https:\/\/eltrabajo.cl\/portal\/wp-json\/wp\/v2\/users\/482"}],"replies":[{"embeddable":true,"href":"https:\/\/eltrabajo.cl\/portal\/wp-json\/wp\/v2\/comments?post=45790"}],"version-history":[{"count":0,"href":"https:\/\/eltrabajo.cl\/portal\/wp-json\/wp\/v2\/posts\/45790\/revisions"}],"wp:featuredmedia":[{"embeddable":true,"href":"https:\/\/eltrabajo.cl\/portal\/wp-json\/wp\/v2\/media\/45791"}],"wp:attachment":[{"href":"https:\/\/eltrabajo.cl\/portal\/wp-json\/wp\/v2\/media?parent=45790"}],"wp:term":[{"taxonomy":"category","embeddable":true,"href":"https:\/\/eltrabajo.cl\/portal\/wp-json\/wp\/v2\/categories?post=45790"},{"taxonomy":"post_tag","embeddable":true,"href":"https:\/\/eltrabajo.cl\/portal\/wp-json\/wp\/v2\/tags?post=45790"}],"curies":[{"name":"wp","href":"https:\/\/api.w.org\/{rel}","templated":true}]}}