{"id":45793,"date":"2014-04-24T09:26:55","date_gmt":"2014-04-24T12:26:55","guid":{"rendered":"http:\/\/www.eltrabajo.cl\/portal\/?p=45793"},"modified":"2014-04-24T09:26:55","modified_gmt":"2014-04-24T12:26:55","slug":"sanfelipenos-buscan-ganar-6o-campeonato-de-folklore-y-rodeo-en-duao","status":"publish","type":"post","link":"https:\/\/eltrabajo.cl\/portal\/sanfelipenos-buscan-ganar-6o-campeonato-de-folklore-y-rodeo-en-duao\/","title":{"rendered":"Sanfelipe\u00f1os buscan ganar 6\u00ba Campeonato de Folklore y Rodeo en Duao"},"content":{"rendered":"<figure id=\"attachment_45794\" aria-describedby=\"caption-attachment-45794\" style=\"width: 529px\" class=\"wp-caption alignnone\"><a href=\"https:\/\/i0.wp.com\/www.eltrabajo.cl\/portal\/wp-content\/uploads\/2014\/04\/Agricola1.jpg\"><img data-recalc-dims=\"1\" loading=\"lazy\" decoding=\"async\" class=\"size-full wp-image-45794\" alt=\"\u00a1SUERTE MUCHACHOS!.- Decenas de estudiantes de 1\u00ba Medio de la Escuela Agr\u00edcola de San Felipe salieron la tarde de ayer mi\u00e9rcoles rumbo a la S\u00e9ptima Regi\u00f3n con miras a representar a su escuela en el Campeonato de Folklore y Rodeo en Duao.\" src=\"https:\/\/i0.wp.com\/www.eltrabajo.cl\/portal\/wp-content\/uploads\/2014\/04\/Agricola1.jpg?resize=529%2C351\" width=\"529\" height=\"351\" srcset=\"https:\/\/i0.wp.com\/eltrabajo.cl\/portal\/wp-content\/uploads\/2014\/04\/Agricola1.jpg?w=529&amp;ssl=1 529w, https:\/\/i0.wp.com\/eltrabajo.cl\/portal\/wp-content\/uploads\/2014\/04\/Agricola1.jpg?resize=200%2C132&amp;ssl=1 200w, https:\/\/i0.wp.com\/eltrabajo.cl\/portal\/wp-content\/uploads\/2014\/04\/Agricola1.jpg?resize=300%2C199&amp;ssl=1 300w, https:\/\/i0.wp.com\/eltrabajo.cl\/portal\/wp-content\/uploads\/2014\/04\/Agricola1.jpg?resize=150%2C99&amp;ssl=1 150w, https:\/\/i0.wp.com\/eltrabajo.cl\/portal\/wp-content\/uploads\/2014\/04\/Agricola1.jpg?resize=400%2C265&amp;ssl=1 400w\" sizes=\"auto, (max-width: 529px) 100vw, 529px\" \/><\/a><figcaption id=\"caption-attachment-45794\" class=\"wp-caption-text\">\u00a1SUERTE MUCHACHOS!.- Decenas de estudiantes de 1\u00ba Medio de la Escuela Agr\u00edcola de San Felipe salieron la tarde de ayer mi\u00e9rcoles rumbo a la S\u00e9ptima Regi\u00f3n con miras a representar a su escuela en el Campeonato de Folklore y Rodeo en Duao.<\/figcaption><\/figure>\n<p>Decenas de estudiantes de 1\u00ba Medio de la Escuela Agr\u00edcola de San Felipe salieron la tarde de ayer mi\u00e9rcoles rumbo a la S\u00e9ptima Regi\u00f3n con miras a representar a su escuela en el 6\u00ba Campeonato de Folklore y Rodeo en Duao. Es un viaje que emprendieron con miras a no perder nuestras tradiciones campesinas y nuestra chilenidad, la actividad se realizar\u00e1 en la Escuela Agr\u00edcola San Jos\u00e9 de Duao y en ella solamente participar\u00e1n los alumnos de la red de establecimientos de la SNA Educa.<\/p>\n<figure id=\"attachment_45795\" aria-describedby=\"caption-attachment-45795\" style=\"width: 370px\" class=\"wp-caption alignright\"><a href=\"https:\/\/i0.wp.com\/www.eltrabajo.cl\/portal\/wp-content\/uploads\/2014\/04\/Rodeo1.jpg\"><img data-recalc-dims=\"1\" loading=\"lazy\" decoding=\"async\" class=\" wp-image-45795 \" alt=\"SEIS COLLERAS.- Son seis las colleras sanfelipe\u00f1as que este a\u00f1o participar\u00e1n en la jornada. El campeonato se realiza el s\u00e1bado 26 y finaliza el d\u00eda siguiente.\" src=\"https:\/\/i0.wp.com\/www.eltrabajo.cl\/portal\/wp-content\/uploads\/2014\/04\/Rodeo1.jpg?resize=370%2C284\" width=\"370\" height=\"284\" srcset=\"https:\/\/i0.wp.com\/eltrabajo.cl\/portal\/wp-content\/uploads\/2014\/04\/Rodeo1.jpg?w=529&amp;ssl=1 529w, https:\/\/i0.wp.com\/eltrabajo.cl\/portal\/wp-content\/uploads\/2014\/04\/Rodeo1.jpg?resize=195%2C150&amp;ssl=1 195w, https:\/\/i0.wp.com\/eltrabajo.cl\/portal\/wp-content\/uploads\/2014\/04\/Rodeo1.jpg?resize=300%2C229&amp;ssl=1 300w, https:\/\/i0.wp.com\/eltrabajo.cl\/portal\/wp-content\/uploads\/2014\/04\/Rodeo1.jpg?resize=150%2C114&amp;ssl=1 150w, https:\/\/i0.wp.com\/eltrabajo.cl\/portal\/wp-content\/uploads\/2014\/04\/Rodeo1.jpg?resize=400%2C306&amp;ssl=1 400w\" sizes=\"auto, (max-width: 370px) 100vw, 370px\" \/><\/a><figcaption id=\"caption-attachment-45795\" class=\"wp-caption-text\">SEIS COLLERAS.- Son seis las colleras sanfelipe\u00f1as que este a\u00f1o participar\u00e1n en la jornada. El campeonato se realiza el s\u00e1bado 26 y finaliza el d\u00eda siguiente.<\/figcaption><\/figure>\n<p>Se trata del 6\u00ba Campeonato Nacional de Rodeo Escolar y Competencia Folkl\u00f3rica. El evento criollo se realizar\u00e1 en la Medialuna de las dependencias del establecimiento, ubicado en el kil\u00f3metro 20 del Camino Talca- Duao, con la asistencia de m\u00e1s de 50 colleras de Ovalle a Coyhaique que participar\u00e1n del rodeo, junto a estudiantes de los trece establecimientos de la red. Son seis las colleras sanfelipe\u00f1as que este a\u00f1o participar\u00e1n en la jornada. El campeonato se realiza el s\u00e1bado 26 y finaliza el d\u00eda siguiente. Participan 17 establecimientos de Chile y son 600 estudiantes los que podr\u00e1n presentar su mejor propuesta durante este fin de semana.<\/p>\n<p>Roberto Gonz\u00e1lez Short<\/p>\n<p>diario@eltrabajo.cl<\/p>\n<p>&nbsp;<\/p>\n","protected":false},"excerpt":{"rendered":"<p>Decenas de estudiantes de 1\u00ba Medio de la Escuela Agr\u00edcola de San Felipe salieron la tarde de ayer mi\u00e9rcoles rumbo a la S\u00e9ptima Regi\u00f3n con miras a representar a su escuela en&#8230;<\/p>\n","protected":false},"author":482,"featured_media":45794,"comment_status":"open","ping_status":"closed","sticky":false,"template":"","format":"standard","meta":{"advanced_seo_description":"","jetpack_seo_html_title":"","jetpack_seo_noindex":false,"_jetpack_memberships_contains_paid_content":false,"footnotes":""},"categories":[1],"tags":[],"class_list":["post-45793","post","type-post","status-publish","format-standard","has-post-thumbnail","hentry","category-cronica"],"jetpack_featured_media_url":"https:\/\/i0.wp.com\/eltrabajo.cl\/portal\/wp-content\/uploads\/2014\/04\/Agricola1.jpg?fit=529%2C351&ssl=1","jetpack_sharing_enabled":true,"jetpack_likes_enabled":true,"jetpack-related-posts":[],"_links":{"self":[{"href":"https:\/\/eltrabajo.cl\/portal\/wp-json\/wp\/v2\/posts\/45793","targetHints":{"allow":["GET"]}}],"collection":[{"href":"https:\/\/eltrabajo.cl\/portal\/wp-json\/wp\/v2\/posts"}],"about":[{"href":"https:\/\/eltrabajo.cl\/portal\/wp-json\/wp\/v2\/types\/post"}],"author":[{"embeddable":true,"href":"https:\/\/eltrabajo.cl\/portal\/wp-json\/wp\/v2\/users\/482"}],"replies":[{"embeddable":true,"href":"https:\/\/eltrabajo.cl\/portal\/wp-json\/wp\/v2\/comments?post=45793"}],"version-history":[{"count":0,"href":"https:\/\/eltrabajo.cl\/portal\/wp-json\/wp\/v2\/posts\/45793\/revisions"}],"wp:featuredmedia":[{"embeddable":true,"href":"https:\/\/eltrabajo.cl\/portal\/wp-json\/wp\/v2\/media\/45794"}],"wp:attachment":[{"href":"https:\/\/eltrabajo.cl\/portal\/wp-json\/wp\/v2\/media?parent=45793"}],"wp:term":[{"taxonomy":"category","embeddable":true,"href":"https:\/\/eltrabajo.cl\/portal\/wp-json\/wp\/v2\/categories?post=45793"},{"taxonomy":"post_tag","embeddable":true,"href":"https:\/\/eltrabajo.cl\/portal\/wp-json\/wp\/v2\/tags?post=45793"}],"curies":[{"name":"wp","href":"https:\/\/api.w.org\/{rel}","templated":true}]}}