{"id":45803,"date":"2014-04-24T09:30:11","date_gmt":"2014-04-24T12:30:11","guid":{"rendered":"http:\/\/www.eltrabajo.cl\/portal\/?p=45803"},"modified":"2014-04-24T09:32:06","modified_gmt":"2014-04-24T12:32:06","slug":"programa-de-tv-local-senderos-conquista-rating","status":"publish","type":"post","link":"https:\/\/eltrabajo.cl\/portal\/programa-de-tv-local-senderos-conquista-rating\/","title":{"rendered":"Programa de TV local \u2018Senderos\u2019 conquista rating"},"content":{"rendered":"<figure id=\"attachment_45804\" aria-describedby=\"caption-attachment-45804\" style=\"width: 528px\" class=\"wp-caption alignnone\"><img data-recalc-dims=\"1\" loading=\"lazy\" decoding=\"async\" class=\"size-full wp-image-45804\" alt=\"El programa tiene varios puntos positivos para el p\u00fablico cautivo, en primer lugar fomenta la actividad al aire libre.\" src=\"https:\/\/i0.wp.com\/www.eltrabajo.cl\/portal\/wp-content\/uploads\/2014\/04\/senderos.jpg?resize=528%2C400\" width=\"528\" height=\"400\" srcset=\"https:\/\/i0.wp.com\/eltrabajo.cl\/portal\/wp-content\/uploads\/2014\/04\/senderos.jpg?w=528&amp;ssl=1 528w, https:\/\/i0.wp.com\/eltrabajo.cl\/portal\/wp-content\/uploads\/2014\/04\/senderos.jpg?resize=198%2C150&amp;ssl=1 198w, https:\/\/i0.wp.com\/eltrabajo.cl\/portal\/wp-content\/uploads\/2014\/04\/senderos.jpg?resize=300%2C227&amp;ssl=1 300w, https:\/\/i0.wp.com\/eltrabajo.cl\/portal\/wp-content\/uploads\/2014\/04\/senderos.jpg?resize=150%2C113&amp;ssl=1 150w, https:\/\/i0.wp.com\/eltrabajo.cl\/portal\/wp-content\/uploads\/2014\/04\/senderos.jpg?resize=400%2C303&amp;ssl=1 400w\" sizes=\"auto, (max-width: 528px) 100vw, 528px\" \/><figcaption id=\"caption-attachment-45804\" class=\"wp-caption-text\">El programa tiene varios puntos positivos para el p\u00fablico cautivo, en primer lugar fomenta la actividad al aire libre.<\/figcaption><\/figure>\n<p><strong>ACONCAGUA<\/strong>.- Senderos, un programa local que muestra las riquezas naturales y arqueol\u00f3gicas del Valle de Aconcagua, se ha convertido en un programa que muchos optan por ver los martes a las 22:00 horas por Frecuencia 7, Canal 12 y CLL TV del cable VTR.<\/p>\n<p><em id=\"__mceDel\"> El programa que se graba \u00edntegramente y se produce en el Valle de Aconcagua por la productora Wild World, lleva al com\u00fan de la gente a conocer diversos senderos tur\u00edsticos y sitios de inter\u00e9s ecol\u00f3gico y arqueol\u00f3gicos en el Valle de Aconcagua y es transmitido por los dos canales locales ya mencionados y adem\u00e1s en otros canales de Chile e incluso el extranjero.<br \/>\nEl proyecto que comenz\u00f3 t\u00edmidamente con once cap\u00edtulos el a\u00f1o pasado, este a\u00f1o ya tiene 36 cap\u00edtulos pactados, entre ellos el estreno de este d\u00eda martes pasado con el capitulo Mensajeros del Pasado del Rio Colorado, donde su conductor y protagonista, Roberto Mercado Aced, hizo un recorrido por este hermoso lugar enclavado en la cordillera de la Comuna de San Esteban, para llegar a un sitio arqueol\u00f3gico de singular inter\u00e9s. Sitio de petroglifos que esta tallado en una roca muy dura y diferente a la roca habitual utilizada por estos pueblos precolombinos para tallar las innumerables figuras y formas que tiene al menos 500 a\u00f1os de antig\u00fcedad o m\u00e1s.<br \/>\nEl programa tiene una agenda de 40 de locaciones este a\u00f1o, entre ellas las ya grabadas como Aymarais del Asiento y Alturas del Piuco y cabe destacar la participaci\u00f3n de auspiciadores que se han unido a este proyecto que en un principio tuvo alguna ayuda municipal pero una subvenci\u00f3n casi absoluta por la productora.<br \/>\nEl programa tiene varios puntos positivos para el p\u00fablico cautivo, en primer lugar fomenta la actividad al aire libre, el ejercicio f\u00edsico y da a conocer lugares y patrimonio cultural que nos identifican como valle y que son sin dudas uno de los fundamentos para creernos a nosotros mismos como regi\u00f3n. Con el \u00e9xito alcanzado no es de dudar que alg\u00fan d\u00eda este programa creado y producido en Aconcagua pueda llegar a nivel nacional en los canales grandes.<\/em><\/p>\n","protected":false},"excerpt":{"rendered":"<p>ACONCAGUA.- Senderos, un programa local que muestra las riquezas naturales y arqueol\u00f3gicas del Valle de Aconcagua, se ha convertido en un programa que muchos optan por ver los martes a las 22:00&#8230;<\/p>\n","protected":false},"author":482,"featured_media":45804,"comment_status":"open","ping_status":"closed","sticky":false,"template":"","format":"standard","meta":{"advanced_seo_description":"","jetpack_seo_html_title":"","jetpack_seo_noindex":false,"_jetpack_memberships_contains_paid_content":false,"footnotes":""},"categories":[20],"tags":[],"class_list":["post-45803","post","type-post","status-publish","format-standard","has-post-thumbnail","hentry","category-arte-y-cultura"],"jetpack_featured_media_url":"https:\/\/i0.wp.com\/eltrabajo.cl\/portal\/wp-content\/uploads\/2014\/04\/senderos.jpg?fit=528%2C400&ssl=1","jetpack_sharing_enabled":true,"jetpack_likes_enabled":true,"jetpack-related-posts":[],"_links":{"self":[{"href":"https:\/\/eltrabajo.cl\/portal\/wp-json\/wp\/v2\/posts\/45803","targetHints":{"allow":["GET"]}}],"collection":[{"href":"https:\/\/eltrabajo.cl\/portal\/wp-json\/wp\/v2\/posts"}],"about":[{"href":"https:\/\/eltrabajo.cl\/portal\/wp-json\/wp\/v2\/types\/post"}],"author":[{"embeddable":true,"href":"https:\/\/eltrabajo.cl\/portal\/wp-json\/wp\/v2\/users\/482"}],"replies":[{"embeddable":true,"href":"https:\/\/eltrabajo.cl\/portal\/wp-json\/wp\/v2\/comments?post=45803"}],"version-history":[{"count":0,"href":"https:\/\/eltrabajo.cl\/portal\/wp-json\/wp\/v2\/posts\/45803\/revisions"}],"wp:featuredmedia":[{"embeddable":true,"href":"https:\/\/eltrabajo.cl\/portal\/wp-json\/wp\/v2\/media\/45804"}],"wp:attachment":[{"href":"https:\/\/eltrabajo.cl\/portal\/wp-json\/wp\/v2\/media?parent=45803"}],"wp:term":[{"taxonomy":"category","embeddable":true,"href":"https:\/\/eltrabajo.cl\/portal\/wp-json\/wp\/v2\/categories?post=45803"},{"taxonomy":"post_tag","embeddable":true,"href":"https:\/\/eltrabajo.cl\/portal\/wp-json\/wp\/v2\/tags?post=45803"}],"curies":[{"name":"wp","href":"https:\/\/api.w.org\/{rel}","templated":true}]}}