{"id":45807,"date":"2014-04-24T09:31:25","date_gmt":"2014-04-24T12:31:25","guid":{"rendered":"http:\/\/www.eltrabajo.cl\/portal\/?p=45807"},"modified":"2014-04-24T09:31:25","modified_gmt":"2014-04-24T12:31:25","slug":"departamento-de-cultura-del-municipio-y-la-biblioteca-publica-de-san-felipe-invitan-a-participar-en-el-concurso-la-vuelta-a-san-felipe-en-80-palabras","status":"publish","type":"post","link":"https:\/\/eltrabajo.cl\/portal\/departamento-de-cultura-del-municipio-y-la-biblioteca-publica-de-san-felipe-invitan-a-participar-en-el-concurso-la-vuelta-a-san-felipe-en-80-palabras\/","title":{"rendered":"Departamento de Cultura del municipio y la Biblioteca P\u00fablica de San Felipe invitan a participar en el concurso \u201cLa vuelta a San Felipe en 80 palabras\u201d"},"content":{"rendered":"<figure id=\"attachment_45808\" aria-describedby=\"caption-attachment-45808\" style=\"width: 370px\" class=\"wp-caption alignleft\"><a href=\"https:\/\/i0.wp.com\/www.eltrabajo.cl\/portal\/wp-content\/uploads\/2014\/04\/concurso-80-palabras.jpg\"><img data-recalc-dims=\"1\" loading=\"lazy\" decoding=\"async\" class=\" wp-image-45808 \" alt=\"Ricardo Ruiz, coordinador de Cultura del municipio, y Macarena Blanca encargada de la Biblioteca de San Felipe.\" src=\"https:\/\/i0.wp.com\/www.eltrabajo.cl\/portal\/wp-content\/uploads\/2014\/04\/concurso-80-palabras.jpg?resize=370%2C244\" width=\"370\" height=\"244\" srcset=\"https:\/\/i0.wp.com\/eltrabajo.cl\/portal\/wp-content\/uploads\/2014\/04\/concurso-80-palabras.jpg?w=529&amp;ssl=1 529w, https:\/\/i0.wp.com\/eltrabajo.cl\/portal\/wp-content\/uploads\/2014\/04\/concurso-80-palabras.jpg?resize=200%2C131&amp;ssl=1 200w, https:\/\/i0.wp.com\/eltrabajo.cl\/portal\/wp-content\/uploads\/2014\/04\/concurso-80-palabras.jpg?resize=300%2C197&amp;ssl=1 300w, https:\/\/i0.wp.com\/eltrabajo.cl\/portal\/wp-content\/uploads\/2014\/04\/concurso-80-palabras.jpg?resize=150%2C98&amp;ssl=1 150w, https:\/\/i0.wp.com\/eltrabajo.cl\/portal\/wp-content\/uploads\/2014\/04\/concurso-80-palabras.jpg?resize=400%2C263&amp;ssl=1 400w\" sizes=\"auto, (max-width: 370px) 100vw, 370px\" \/><\/a><figcaption id=\"caption-attachment-45808\" class=\"wp-caption-text\">Ricardo Ruiz, coordinador de Cultura del municipio, y Macarena Blanca encargada de la Biblioteca de San Felipe.<\/figcaption><\/figure>\n<p>\u201cLa vuelta a San Felipe en 80 palabras\u201d se denomina el concurso literario organizado por el departamento de Cultura de la Municipalidad de San Felipe y la Biblioteca P\u00fablica Municipal, y que tiene como objetivo la participaci\u00f3n de todos los vecinos a trav\u00e9s de un cuento sobre nuestra comuna.<\/p>\n<p>El concurso fue lanzado este mi\u00e9rcoles, en el marco de la celebraci\u00f3n del D\u00eda Internacional del Libro y busca conocer la mirada que tienen los sanfelipe\u00f1os sobre la comuna.<\/p>\n<p>\u201cNosotros nos acotamos en 80 palabras que sigue siendo un margen razonable para poder escribir un mini cuento, pueden participar estudiantes, adultos mayores y todos quienes quieran entregar una visi\u00f3n personal sobre la comuna de San Felipe\u201d, se\u00f1al\u00f3 Ricardo Ruiz, coordinador de Cultura del municipio.<\/p>\n<p>El concurso convoca a toda la comunidad de San Felipe, a ni\u00f1os, j\u00f3venes, adultos y adultos mayores, y busca que los participantes puedan escribir un texto sobre la vida urbana.<\/p>\n<p>\u201cPueden escribir los sanfelipe\u00f1os que se encuentren en la comuna, as\u00ed como tambi\u00e9n en el extranjero, queremos dar cobertura a todos los sanfelipe\u00f1os que rememoran su ciudad y quieran contar alguna experiencia en un micro cuento de 80 palabras. La convocatoria comienza este 23 de abril y se cierra el 23 de junio a las 17 horas impostergablemente\u201d, dijo Macarena Blanca, encargada de la Biblioteca.<\/p>\n<p>Los trabajos pueden ser enviados al correo electr\u00f3nico sanfelipeconcurso@gmail.com, con un m\u00e1ximo de tres cuentos por persona o pueden hacer llegar el material a la Biblioteca Municipal, ubicada en Riquelme N\u00b0. 60.<\/p>\n<p>El primer premio es de cien mil pesos m\u00e1s un diploma, el segundo lugar recibir\u00e1 sesenta mil pesos y su diploma, mientras que el tercer lugar recibir\u00e1 cuarenta mil pesos y un diploma. Adem\u00e1s se entregar\u00e1n cuatro menciones especiales que son premio del p\u00fablico, premio al talento infantil, premio al talento juvenil y al talento adulto, adem\u00e1s de tres menciones honrosas.<\/p>\n<p>\u201cLos tres mejores cuentos se van a imprimir en gigantograf\u00edas que se colocar\u00e1n en diferentes puntos de la ciudad y tambi\u00e9n realizaremos un peque\u00f1o libro con las mejores narraciones de los sanfelipe\u00f1os que quieren a su ciudad, es importante que participen los ni\u00f1os, j\u00f3venes, adultos mayores, que nos cuenten de sus vivencias y pueden tener o no experiencia\u201d, invit\u00f3 Blanca.<\/p>\n<p>&nbsp;<\/p>\n","protected":false},"excerpt":{"rendered":"<p>\u201cLa vuelta a San Felipe en 80 palabras\u201d se denomina el concurso literario organizado por el departamento de Cultura de la Municipalidad de San Felipe y la Biblioteca P\u00fablica Municipal, y que&#8230;<\/p>\n","protected":false},"author":482,"featured_media":45808,"comment_status":"open","ping_status":"closed","sticky":false,"template":"","format":"standard","meta":{"advanced_seo_description":"","jetpack_seo_html_title":"","jetpack_seo_noindex":false,"_jetpack_memberships_contains_paid_content":false,"footnotes":""},"categories":[20],"tags":[],"class_list":["post-45807","post","type-post","status-publish","format-standard","has-post-thumbnail","hentry","category-arte-y-cultura"],"jetpack_featured_media_url":"https:\/\/i0.wp.com\/eltrabajo.cl\/portal\/wp-content\/uploads\/2014\/04\/concurso-80-palabras.jpg?fit=529%2C348&ssl=1","jetpack_sharing_enabled":true,"jetpack_likes_enabled":true,"jetpack-related-posts":[],"_links":{"self":[{"href":"https:\/\/eltrabajo.cl\/portal\/wp-json\/wp\/v2\/posts\/45807","targetHints":{"allow":["GET"]}}],"collection":[{"href":"https:\/\/eltrabajo.cl\/portal\/wp-json\/wp\/v2\/posts"}],"about":[{"href":"https:\/\/eltrabajo.cl\/portal\/wp-json\/wp\/v2\/types\/post"}],"author":[{"embeddable":true,"href":"https:\/\/eltrabajo.cl\/portal\/wp-json\/wp\/v2\/users\/482"}],"replies":[{"embeddable":true,"href":"https:\/\/eltrabajo.cl\/portal\/wp-json\/wp\/v2\/comments?post=45807"}],"version-history":[{"count":0,"href":"https:\/\/eltrabajo.cl\/portal\/wp-json\/wp\/v2\/posts\/45807\/revisions"}],"wp:featuredmedia":[{"embeddable":true,"href":"https:\/\/eltrabajo.cl\/portal\/wp-json\/wp\/v2\/media\/45808"}],"wp:attachment":[{"href":"https:\/\/eltrabajo.cl\/portal\/wp-json\/wp\/v2\/media?parent=45807"}],"wp:term":[{"taxonomy":"category","embeddable":true,"href":"https:\/\/eltrabajo.cl\/portal\/wp-json\/wp\/v2\/categories?post=45807"},{"taxonomy":"post_tag","embeddable":true,"href":"https:\/\/eltrabajo.cl\/portal\/wp-json\/wp\/v2\/tags?post=45807"}],"curies":[{"name":"wp","href":"https:\/\/api.w.org\/{rel}","templated":true}]}}