{"id":45823,"date":"2014-04-24T09:39:33","date_gmt":"2014-04-24T12:39:33","guid":{"rendered":"http:\/\/www.eltrabajo.cl\/portal\/?p=45823"},"modified":"2014-04-24T09:39:33","modified_gmt":"2014-04-24T12:39:33","slug":"comite-habitacional-asegura-haber-sido-enganado-por-el-gobierno-anterior","status":"publish","type":"post","link":"https:\/\/eltrabajo.cl\/portal\/comite-habitacional-asegura-haber-sido-enganado-por-el-gobierno-anterior\/","title":{"rendered":"Comit\u00e9 Habitacional asegura haber sido enga\u00f1ado por el Gobierno anterior"},"content":{"rendered":"<figure id=\"attachment_45824\" aria-describedby=\"caption-attachment-45824\" style=\"width: 317px\" class=\"wp-caption alignleft\"><a href=\"https:\/\/i0.wp.com\/www.eltrabajo.cl\/portal\/wp-content\/uploads\/2014\/04\/CECILIA-CARMONA-PRESIDENTA-COMITE-VALLE-PUTAENDO.jpg\"><img data-recalc-dims=\"1\" loading=\"lazy\" decoding=\"async\" class=\" wp-image-45824 \" alt=\"Cecilia Carmona Presidenta Comit\u00e9 Valle Putaendo, dijo sentirse utilizada.\" src=\"https:\/\/i0.wp.com\/www.eltrabajo.cl\/portal\/wp-content\/uploads\/2014\/04\/CECILIA-CARMONA-PRESIDENTA-COMITE-VALLE-PUTAENDO.jpg?resize=317%2C189\" width=\"317\" height=\"189\" srcset=\"https:\/\/i0.wp.com\/eltrabajo.cl\/portal\/wp-content\/uploads\/2014\/04\/CECILIA-CARMONA-PRESIDENTA-COMITE-VALLE-PUTAENDO.jpg?w=529&amp;ssl=1 529w, https:\/\/i0.wp.com\/eltrabajo.cl\/portal\/wp-content\/uploads\/2014\/04\/CECILIA-CARMONA-PRESIDENTA-COMITE-VALLE-PUTAENDO.jpg?resize=200%2C119&amp;ssl=1 200w, https:\/\/i0.wp.com\/eltrabajo.cl\/portal\/wp-content\/uploads\/2014\/04\/CECILIA-CARMONA-PRESIDENTA-COMITE-VALLE-PUTAENDO.jpg?resize=300%2C178&amp;ssl=1 300w, https:\/\/i0.wp.com\/eltrabajo.cl\/portal\/wp-content\/uploads\/2014\/04\/CECILIA-CARMONA-PRESIDENTA-COMITE-VALLE-PUTAENDO.jpg?resize=150%2C89&amp;ssl=1 150w, https:\/\/i0.wp.com\/eltrabajo.cl\/portal\/wp-content\/uploads\/2014\/04\/CECILIA-CARMONA-PRESIDENTA-COMITE-VALLE-PUTAENDO.jpg?resize=400%2C238&amp;ssl=1 400w\" sizes=\"auto, (max-width: 317px) 100vw, 317px\" \/><\/a><figcaption id=\"caption-attachment-45824\" class=\"wp-caption-text\">Cecilia Carmona Presidenta Comit\u00e9 Valle Putaendo, dijo sentirse utilizada.<\/figcaption><\/figure>\n<p><strong>PUTAENDO<\/strong>.- Utilizadas y enga\u00f1adas, as\u00ed dijeron sentirse algunas de las integrantes y directivas del Comit\u00e9 Habitacional Valle de Putaendo, ante lo que consideran una cruel burla por parte de autoridades del gobierno anterior luego de enterarse que no cumplieron con una importante gesti\u00f3n que hab\u00eda comprometido la ex gobernadora Patricia Boffa.<\/p>\n<p>Cecilia Carmona, presidenta del Comit\u00e9 Habitacional Valle de Putaendo y en representaci\u00f3n de las 159 familias que por a\u00f1os han esperado poder concretar el sue\u00f1o de la casa propia, se\u00f1al\u00f3 a Putaendo Informa que lamentablemente y con mucha tristeza hoy debe decir que \u00abfuimos enga\u00f1ados de la manera m\u00e1s burda por las autoridades del gobierno anterior y utilizados por la ex Gobernadora Patricia Boffa\u00bb, luego que en su momento fuera la misma gobernadora Boffa quien gestionara una reuni\u00f3n con el Ministro de Vivienda y Urbanismo del gobierno anterior para pedir un aporte extraordinario cercano a los $300.000.000 para el inicio de la construcci\u00f3n de las viviendas del comit\u00e9.<\/p>\n<p>La dirigente asegur\u00f3 que luego de esa reuni\u00f3n, Patricia Boffa p\u00fablicamente dio por hecho que el gobierno entregar\u00eda esos recursos e incluso indic\u00f3 que ellos a trav\u00e9s de los medios de comunicaci\u00f3n le agradecieron la gesti\u00f3n, pero hoy lamentablemente se han enterado que nunca realizaron una gesti\u00f3n, jam\u00e1s firmaron un decreto y todo fue una burla por parte de las autoridades del gobierno del ex presidente Pi\u00f1era.<\/p>\n<p>Ante esta grave situaci\u00f3n el Comit\u00e9 Habitacional Valle de Putaendo junto a la Consultora Carlos Garrillo se reuni\u00f3 con el Alcalde Guillermo Reyes para pedir su ayuda, ya que sin este aporte econ\u00f3mico no se puede concretar el sue\u00f1o de la casa propia de los integrantes del Comit\u00e9 Valle de Putaendo.<\/p>\n<p><strong>ALCALDE REYES<\/strong><\/p>\n<p>Bastante molesto se mostr\u00f3 el Alcalde Guillermo Reyes luego de confirmar que el gobierno anterior nunca realiz\u00f3 las gestiones comprometidas y se\u00f1al\u00f3 que m\u00e1s indignado se encuentra luego que el 15 de enero de este a\u00f1o consultara al Ministerio de Vivienda y Urbanismo y se les indic\u00f3 que todo estaba bien para la entrega de este aporte extraordinario, y hoy se entera que nunca realizaron las gestiones, por lo que comparte el malestar de Cecilia Carmona e indic\u00f3 que una vez enterado de esta situaci\u00f3n, est\u00e1 solicitando una reuni\u00f3n en car\u00e1cter de urgente con la actual ministra del MINVU, Paulina Saball, para solicitar que asignen los recursos que en su momento fueron comprometidos.<\/p>\n<p>\u201cEste alcalde, el Concejo Municipal y estoy seguro, el gobierno de la Presidenta Bachelet, no dejar\u00e1 abandonado al Comit\u00e9 Habitacional Valle de Putaendo y pueden tener la seguridad que realizaremos todas las gestiones para que los casi $300.000.000 como aporte extraordinario lleguen a este comit\u00e9 y puedan tener su casa propia, pues es impresentable que se juegue con la ilusi\u00f3n de humildes familias de Putaendo\u201d, fustig\u00f3 el Alcalde Guillermo Reyes.<\/p>\n<p><strong>EX GOBERNADORA<\/strong><\/p>\n<p>Consultada la ex gobernadora Patricia Boffa por estas cr\u00edticas a su gesti\u00f3n en este caso particular, se\u00f1al\u00f3 que los recursos se pidieron oficialmente a trav\u00e9s de un oficio enviado al Ministerio de la Vivienda en diciembre de 2013. Se trata de 90 UF por familia, una diferencia que se gener\u00f3, exlic\u00f3 Boffa, porque se trata de una modalidad nueva de postulaci\u00f3n, sin proyecto, y por lo mismo se gener\u00f3 esta diferencia. \u00abEs responsabilidad de este gobierno entregar los recursos a las familias porque los subsidios fueron entregados alrededor de agosto de 2013 si mal no recuerdo\u00bb.<\/p>\n<p>Finalmente, Boffa se\u00f1al\u00f3 que \u00abestos recursos son compromisos institucionales y no personales por lo tanto deben cumplirse\u00bb.<\/p>\n<div class=\"tiled-gallery type-rectangular tiled-gallery-unresized\" data-original-width=\"640\" data-carousel-extra='null' itemscope itemtype=\"http:\/\/schema.org\/ImageGallery\" > <div class=\"gallery-row\" style=\"width: 640px; height: 275px;\" data-original-width=\"640\" data-original-height=\"275\" > <div class=\"gallery-group images-1\" style=\"width: 237px; height: 275px;\" data-original-width=\"237\" data-original-height=\"275\" > <div class=\"tiled-gallery-item tiled-gallery-item-small\" itemprop=\"associatedMedia\" itemscope itemtype=\"http:\/\/schema.org\/ImageObject\"> <a href=\"https:\/\/eltrabajo.cl\/portal\/comite-habitacional-asegura-haber-sido-enganado-por-el-gobierno-anterior\/alcalde-guillermo-reyes-nota-comite-habitacional\/\" border=\"0\" itemprop=\"url\"> <meta itemprop=\"width\" content=\"233\"> <meta itemprop=\"height\" content=\"271\"> <img decoding=\"async\" class=\"\" data-attachment-id=\"45825\" data-orig-file=\"https:\/\/eltrabajo.cl\/portal\/wp-content\/uploads\/2014\/04\/ALCALDE-GUILLERMO-REYES-NOTA-COMITE-HABITACIONAL.jpg\" data-orig-size=\"529,615\" data-comments-opened=\"1\" data-image-meta=\"{&quot;aperture&quot;:&quot;5.6&quot;,&quot;credit&quot;:&quot;&quot;,&quot;camera&quot;:&quot;Canon EOS REBEL T3&quot;,&quot;caption&quot;:&quot;&quot;,&quot;created_timestamp&quot;:&quot;1385127175&quot;,&quot;copyright&quot;:&quot;&quot;,&quot;focal_length&quot;:&quot;28&quot;,&quot;iso&quot;:&quot;100&quot;,&quot;shutter_speed&quot;:&quot;0.008&quot;,&quot;title&quot;:&quot;&quot;}\" data-image-title=\"ALCALDE GUILLERMO REYES NOTA COMITE HABITACIONAL\" data-image-description=\"&lt;p&gt;Alcalde de Putaendo Guillermo Reyes Cortez.&lt;\/p&gt; \" data-medium-file=\"https:\/\/i0.wp.com\/eltrabajo.cl\/portal\/wp-content\/uploads\/2014\/04\/ALCALDE-GUILLERMO-REYES-NOTA-COMITE-HABITACIONAL.jpg?fit=258%2C300&#038;ssl=1\" data-large-file=\"https:\/\/i0.wp.com\/eltrabajo.cl\/portal\/wp-content\/uploads\/2014\/04\/ALCALDE-GUILLERMO-REYES-NOTA-COMITE-HABITACIONAL.jpg?fit=529%2C615&#038;ssl=1\" src=\"https:\/\/i0.wp.com\/eltrabajo.cl\/portal\/wp-content\/uploads\/2014\/04\/ALCALDE-GUILLERMO-REYES-NOTA-COMITE-HABITACIONAL.jpg?w=233&#038;h=271&#038;ssl=1\" srcset=\"https:\/\/i0.wp.com\/eltrabajo.cl\/portal\/wp-content\/uploads\/2014\/04\/ALCALDE-GUILLERMO-REYES-NOTA-COMITE-HABITACIONAL.jpg?w=529&amp;ssl=1 529w, https:\/\/i0.wp.com\/eltrabajo.cl\/portal\/wp-content\/uploads\/2014\/04\/ALCALDE-GUILLERMO-REYES-NOTA-COMITE-HABITACIONAL.jpg?resize=129%2C150&amp;ssl=1 129w, https:\/\/i0.wp.com\/eltrabajo.cl\/portal\/wp-content\/uploads\/2014\/04\/ALCALDE-GUILLERMO-REYES-NOTA-COMITE-HABITACIONAL.jpg?resize=258%2C300&amp;ssl=1 258w, https:\/\/i0.wp.com\/eltrabajo.cl\/portal\/wp-content\/uploads\/2014\/04\/ALCALDE-GUILLERMO-REYES-NOTA-COMITE-HABITACIONAL.jpg?resize=400%2C465&amp;ssl=1 400w\" width=\"233\" height=\"271\" loading=\"lazy\" data-original-width=\"233\" data-original-height=\"271\" itemprop=\"http:\/\/schema.org\/image\" title=\"ALCALDE GUILLERMO REYES NOTA COMITE HABITACIONAL\" alt=\"Alcalde de Putaendo Guillermo Reyes Cortez.\" style=\"width: 233px; height: 271px;\" \/> <\/a> <div class=\"tiled-gallery-caption\" itemprop=\"caption description\"> Alcalde de Putaendo Guillermo Reyes Cortez. <\/div> <\/div> <\/div> <!-- close group --> <div class=\"gallery-group images-1\" style=\"width: 403px; height: 275px;\" data-original-width=\"403\" data-original-height=\"275\" > <div class=\"tiled-gallery-item tiled-gallery-item-large\" itemprop=\"associatedMedia\" itemscope itemtype=\"http:\/\/schema.org\/ImageObject\"> <a href=\"https:\/\/eltrabajo.cl\/portal\/comite-habitacional-asegura-haber-sido-enganado-por-el-gobierno-anterior\/patricia-boffa-40\/\" border=\"0\" itemprop=\"url\"> <meta itemprop=\"width\" content=\"399\"> <meta itemprop=\"height\" content=\"271\"> <img decoding=\"async\" class=\"\" data-attachment-id=\"45826\" data-orig-file=\"https:\/\/eltrabajo.cl\/portal\/wp-content\/uploads\/2014\/04\/Patricia-Boffa.jpg\" data-orig-size=\"528,358\" data-comments-opened=\"1\" data-image-meta=\"{&quot;aperture&quot;:&quot;4&quot;,&quot;credit&quot;:&quot;&quot;,&quot;camera&quot;:&quot;FinePix S3200&quot;,&quot;caption&quot;:&quot;&quot;,&quot;created_timestamp&quot;:&quot;1389184211&quot;,&quot;copyright&quot;:&quot;&quot;,&quot;focal_length&quot;:&quot;7.8&quot;,&quot;iso&quot;:&quot;100&quot;,&quot;shutter_speed&quot;:&quot;0.016666666666667&quot;,&quot;title&quot;:&quot;&quot;}\" data-image-title=\"Patricia Boffa\" data-image-description=\"&lt;p&gt;La ex gobernadora Patricia Boffa asegur\u00f3 que es responsabilidad del actual gobierno entregar los dineros asignados en la administraci\u00f3n anterior. &lt;\/p&gt; \" data-medium-file=\"https:\/\/i0.wp.com\/eltrabajo.cl\/portal\/wp-content\/uploads\/2014\/04\/Patricia-Boffa.jpg?fit=300%2C203&#038;ssl=1\" data-large-file=\"https:\/\/i0.wp.com\/eltrabajo.cl\/portal\/wp-content\/uploads\/2014\/04\/Patricia-Boffa.jpg?fit=528%2C358&#038;ssl=1\" src=\"https:\/\/i0.wp.com\/eltrabajo.cl\/portal\/wp-content\/uploads\/2014\/04\/Patricia-Boffa.jpg?w=399&#038;h=271&#038;ssl=1\" srcset=\"https:\/\/i0.wp.com\/eltrabajo.cl\/portal\/wp-content\/uploads\/2014\/04\/Patricia-Boffa.jpg?w=528&amp;ssl=1 528w, https:\/\/i0.wp.com\/eltrabajo.cl\/portal\/wp-content\/uploads\/2014\/04\/Patricia-Boffa.jpg?resize=200%2C135&amp;ssl=1 200w, https:\/\/i0.wp.com\/eltrabajo.cl\/portal\/wp-content\/uploads\/2014\/04\/Patricia-Boffa.jpg?resize=300%2C203&amp;ssl=1 300w, https:\/\/i0.wp.com\/eltrabajo.cl\/portal\/wp-content\/uploads\/2014\/04\/Patricia-Boffa.jpg?resize=150%2C101&amp;ssl=1 150w, https:\/\/i0.wp.com\/eltrabajo.cl\/portal\/wp-content\/uploads\/2014\/04\/Patricia-Boffa.jpg?resize=400%2C271&amp;ssl=1 400w\" width=\"399\" height=\"271\" loading=\"lazy\" data-original-width=\"399\" data-original-height=\"271\" itemprop=\"http:\/\/schema.org\/image\" title=\"Patricia Boffa\" alt=\"La ex gobernadora Patricia Boffa asegur\u00f3 que es responsabilidad del actual gobierno entregar los dineros asignados en la administraci\u00f3n anterior.\" style=\"width: 399px; height: 271px;\" \/> <\/a> <div class=\"tiled-gallery-caption\" itemprop=\"caption description\"> La ex gobernadora Patricia Boffa asegur\u00f3 que es responsabilidad del actual gobierno entregar los dineros asignados en la administraci\u00f3n anterior. <\/div> <\/div> <\/div> <!-- close group --> <\/div> <!-- close row --> <\/div>\n","protected":false},"excerpt":{"rendered":"<p>PUTAENDO.- Utilizadas y enga\u00f1adas, as\u00ed dijeron sentirse algunas de las integrantes y directivas del Comit\u00e9 Habitacional Valle de Putaendo, ante lo que consideran una cruel burla por parte de autoridades del gobierno&#8230;<\/p>\n","protected":false},"author":482,"featured_media":45824,"comment_status":"open","ping_status":"closed","sticky":false,"template":"","format":"standard","meta":{"advanced_seo_description":"","jetpack_seo_html_title":"","jetpack_seo_noindex":false,"_jetpack_memberships_contains_paid_content":false,"footnotes":""},"categories":[15],"tags":[],"class_list":["post-45823","post","type-post","status-publish","format-standard","has-post-thumbnail","hentry","category-comunidad"],"jetpack_featured_media_url":"https:\/\/i0.wp.com\/eltrabajo.cl\/portal\/wp-content\/uploads\/2014\/04\/CECILIA-CARMONA-PRESIDENTA-COMITE-VALLE-PUTAENDO.jpg?fit=529%2C315&ssl=1","jetpack_sharing_enabled":true,"jetpack_likes_enabled":true,"jetpack-related-posts":[],"_links":{"self":[{"href":"https:\/\/eltrabajo.cl\/portal\/wp-json\/wp\/v2\/posts\/45823","targetHints":{"allow":["GET"]}}],"collection":[{"href":"https:\/\/eltrabajo.cl\/portal\/wp-json\/wp\/v2\/posts"}],"about":[{"href":"https:\/\/eltrabajo.cl\/portal\/wp-json\/wp\/v2\/types\/post"}],"author":[{"embeddable":true,"href":"https:\/\/eltrabajo.cl\/portal\/wp-json\/wp\/v2\/users\/482"}],"replies":[{"embeddable":true,"href":"https:\/\/eltrabajo.cl\/portal\/wp-json\/wp\/v2\/comments?post=45823"}],"version-history":[{"count":0,"href":"https:\/\/eltrabajo.cl\/portal\/wp-json\/wp\/v2\/posts\/45823\/revisions"}],"wp:featuredmedia":[{"embeddable":true,"href":"https:\/\/eltrabajo.cl\/portal\/wp-json\/wp\/v2\/media\/45824"}],"wp:attachment":[{"href":"https:\/\/eltrabajo.cl\/portal\/wp-json\/wp\/v2\/media?parent=45823"}],"wp:term":[{"taxonomy":"category","embeddable":true,"href":"https:\/\/eltrabajo.cl\/portal\/wp-json\/wp\/v2\/categories?post=45823"},{"taxonomy":"post_tag","embeddable":true,"href":"https:\/\/eltrabajo.cl\/portal\/wp-json\/wp\/v2\/tags?post=45823"}],"curies":[{"name":"wp","href":"https:\/\/api.w.org\/{rel}","templated":true}]}}